{"id":6935,"date":"2021-07-21T12:46:12","date_gmt":"2021-07-21T15:46:12","guid":{"rendered":"https:\/\/montehermoso.gov.ar\/sitio\/?p=6935"},"modified":"2021-07-21T12:47:39","modified_gmt":"2021-07-21T15:47:39","slug":"construccion-del-centro-de-desarrollo-infantil","status":"publish","type":"post","link":"https:\/\/montehermoso.gov.ar\/sitio\/construccion-del-centro-de-desarrollo-infantil\/","title":{"rendered":"Construcci\u00f3n del Centro de Desarrollo Infantil."},"content":{"rendered":"\n<p class=\"wp-block-paragraph\"><strong>Se present\u00f3 un \u00fanico oferente<\/strong><\/p>\n\n\n\n<p class=\"wp-block-paragraph\">El pasado lunes 19 de julio se llev\u00f3 a cabo la apertura de ofertas para la obra denominada \u201cCentro de Dasarrollo Infantil Monte Hermoso\u201d, que se ubicar\u00e1 sobre la calle R\u00edo Atuel, entre el Centro Integral Materno Infantil CIMI \u201cEvita\u201d y el Jard\u00edn Maternal N\u00b0 1.&nbsp;<\/p>\n\n\n\n<p class=\"wp-block-paragraph\">Esta licitaci\u00f3n p\u00fablica, la N\u00b010\/21, cuenta con un presupuesto oficial de 37 millones 752 mil 230 pesos, financiado por el Ministerio de Obras P\u00fablicas de Naci\u00f3n.Se present\u00f3 un \u00fanico oferente, el Grupo Marco Construcciones SRL, de Bah\u00eda Blanca y resta ahora el an\u00e1lisis correspondiente, legal y t\u00e9cnico, de la documentaci\u00f3n presentada, para su posterior adjudicaci\u00f3n.<\/p>\n\n\n\n<p class=\"wp-block-paragraph\">El Ministerio de Obras P\u00fablicas, en conjunto con el Ministerio de Desarrollo Social de Naci\u00f3n, construir\u00e1 300 nuevos Centros de Desarrollo Infantil (CDI), en una primera etapa entre 2021-2022, que incluir\u00e1n a 28.800 ni\u00f1os y ni\u00f1as, de 45 d\u00edas a 4 a\u00f1os de edad inclusive<\/p>\n\n\n\n<figure class=\"wp-block-gallery columns-2 is-cropped wp-block-gallery-1 is-layout-flex wp-block-gallery-is-layout-flex\"><ul class=\"blocks-gallery-grid\"><li class=\"blocks-gallery-item\"><figure><img alt=\"\" fetchpriority=\"high\" decoding=\"async\" width=\"1024\" height=\"575\" src=\"https:\/\/montehermoso.gov.ar\/sitio\/wp-content\/uploads\/219603095_4436309189816012_8290654980648381823_n-1024x575-1.jpg\" alt=\"\" data-id=\"6936\" data-full-url=\"https:\/\/montehermoso.gov.ar\/sitio\/wp-content\/uploads\/219603095_4436309189816012_8290654980648381823_n-1024x575-1.jpg\" data-link=\"https:\/\/montehermoso.gov.ar\/sitio\/?attachment_id=6936#main\" class=\"wp-image-6936\" srcset=\"https:\/\/montehermoso.gov.ar\/sitio\/wp-content\/uploads\/219603095_4436309189816012_8290654980648381823_n-1024x575-1.jpg 1024w, https:\/\/montehermoso.gov.ar\/sitio\/wp-content\/uploads\/219603095_4436309189816012_8290654980648381823_n-1024x575-1-300x168.jpg 300w, https:\/\/montehermoso.gov.ar\/sitio\/wp-content\/uploads\/219603095_4436309189816012_8290654980648381823_n-1024x575-1-768x431.jpg 768w\" sizes=\"(max-width: 1024px) 100vw, 1024px\" \/><\/figure><\/li><li class=\"blocks-gallery-item\"><figure><img alt=\"\" decoding=\"async\" width=\"800\" height=\"533\" src=\"https:\/\/montehermoso.gov.ar\/sitio\/wp-content\/uploads\/222244697_4436309129816018_8741411965392422585_n.jpg\" alt=\"\" data-id=\"6937\" data-full-url=\"https:\/\/montehermoso.gov.ar\/sitio\/wp-content\/uploads\/222244697_4436309129816018_8741411965392422585_n.jpg\" data-link=\"https:\/\/montehermoso.gov.ar\/sitio\/?attachment_id=6937#main\" class=\"wp-image-6937\" srcset=\"https:\/\/montehermoso.gov.ar\/sitio\/wp-content\/uploads\/222244697_4436309129816018_8741411965392422585_n.jpg 800w, https:\/\/montehermoso.gov.ar\/sitio\/wp-content\/uploads\/222244697_4436309129816018_8741411965392422585_n-300x200.jpg 300w, https:\/\/montehermoso.gov.ar\/sitio\/wp-content\/uploads\/222244697_4436309129816018_8741411965392422585_n-768x512.jpg 768w\" sizes=\"(max-width: 800px) 100vw, 800px\" \/><\/figure><\/li><\/ul><\/figure>\n\n\n\n<p class=\"wp-block-paragraph\"><\/p>\n","protected":false},"excerpt":{"rendered":"<p>Se present\u00f3 un \u00fanico oferente El pasado lunes 19 de julio se llev\u00f3 a cabo la apertura de ofertas para la obra denominada \u201cCentro de Dasarrollo Infantil Monte Hermoso\u201d, que se ubicar\u00e1 sobre la calle R\u00edo Atuel, entre el Centro Integral Materno Infantil CIMI \u201cEvita\u201d y el Jard\u00edn Maternal N\u00b0 1.&nbsp; Esta licitaci\u00f3n p\u00fablica, la &#8230; <a title=\"Construcci\u00f3n del Centro de Desarrollo Infantil.\" class=\"read-more\" href=\"https:\/\/montehermoso.gov.ar\/sitio\/construccion-del-centro-de-desarrollo-infantil\/\" aria-label=\"Leer m\u00e1s sobre Construcci\u00f3n del Centro de Desarrollo Infantil.\">Leer m\u00e1s<\/a><\/p>\n","protected":false},"author":3,"featured_media":6938,"comment_status":"closed","ping_status":"closed","sticky":false,"template":"","format":"standard","meta":{"_seopress_titles_title":"","_seopress_titles_desc":"","_seopress_robots_index":"","_seopress_robots_follow":"","_seopress_robots_imageindex":"","_seopress_robots_snippet":"","_seopress_robots_primary_cat":"","_seopress_robots_breadcrumbs":"","_seopress_robots_freeze_modified_date":"","_seopress_robots_custom_modified_date":"","_seopress_robots_canonical":"","_seopress_social_fb_title":"","_seopress_social_fb_desc":"","_seopress_social_fb_img":"","_seopress_social_fb_img_attachment_id":0,"_seopress_social_fb_img_width":0,"_seopress_social_fb_img_height":0,"_seopress_social_twitter_title":"","_seopress_social_twitter_desc":"","_seopress_social_twitter_img":"","_seopress_social_twitter_img_attachment_id":0,"_seopress_social_twitter_img_width":0,"_seopress_social_twitter_img_height":0,"_seopress_redirections_value":"","_seopress_redirections_enabled":"","_seopress_redirections_enabled_regex":"","_seopress_redirections_logged_status":"","_seopress_redirections_param":"","_seopress_redirections_type":0,"_seopress_analysis_target_kw":"","_joinchat":[],"footnotes":""},"categories":[310,251],"tags":[309,146],"class_list":["post-6935","post","type-post","status-publish","format-standard","has-post-thumbnail","hentry","category-desarrollo-infantil","category-infraestructura","tag-construccion","tag-oferentes"],"_links":{"self":[{"href":"https:\/\/montehermoso.gov.ar\/sitio\/wp-json\/wp\/v2\/posts\/6935","targetHints":{"allow":["GET"]}}],"collection":[{"href":"https:\/\/montehermoso.gov.ar\/sitio\/wp-json\/wp\/v2\/posts"}],"about":[{"href":"https:\/\/montehermoso.gov.ar\/sitio\/wp-json\/wp\/v2\/types\/post"}],"author":[{"embeddable":true,"href":"https:\/\/montehermoso.gov.ar\/sitio\/wp-json\/wp\/v2\/users\/3"}],"replies":[{"embeddable":true,"href":"https:\/\/montehermoso.gov.ar\/sitio\/wp-json\/wp\/v2\/comments?post=6935"}],"version-history":[{"count":0,"href":"https:\/\/montehermoso.gov.ar\/sitio\/wp-json\/wp\/v2\/posts\/6935\/revisions"}],"wp:featuredmedia":[{"embeddable":true,"href":"https:\/\/montehermoso.gov.ar\/sitio\/wp-json\/wp\/v2\/media\/6938"}],"wp:attachment":[{"href":"https:\/\/montehermoso.gov.ar\/sitio\/wp-json\/wp\/v2\/media?parent=6935"}],"wp:term":[{"taxonomy":"category","embeddable":true,"href":"https:\/\/montehermoso.gov.ar\/sitio\/wp-json\/wp\/v2\/categories?post=6935"},{"taxonomy":"post_tag","embeddable":true,"href":"https:\/\/montehermoso.gov.ar\/sitio\/wp-json\/wp\/v2\/tags?post=6935"}],"curies":[{"name":"wp","href":"https:\/\/api.w.org\/{rel}","templated":true}]}}