{"id":5958,"date":"2021-05-28T12:56:09","date_gmt":"2021-05-28T15:56:09","guid":{"rendered":"https:\/\/montehermoso.gov.ar\/sitio\/?p=5958"},"modified":"2021-05-28T12:57:32","modified_gmt":"2021-05-28T15:57:32","slug":"desde-el-lunes-31-05-monte-hermoso-baja-a-fase-3","status":"publish","type":"post","link":"https:\/\/montehermoso.gov.ar\/sitio\/desde-el-lunes-31-05-monte-hermoso-baja-a-fase-3\/","title":{"rendered":"Desde el lunes 31\/05 Monte Hermoso baja a Fase 3"},"content":{"rendered":"\n<p class=\"wp-block-paragraph\"><strong>#Anuncios<\/strong><\/p>\n\n\n\n<p class=\"wp-block-paragraph\">As\u00ed lo anunci\u00f3 el intendente Alejandro Dichiara en conferencia de prensa este mediod\u00eda, lo que no implicar\u00e1 \u201cgrandes cambios sustanciales respecto al movimiento social y comercial en la ciudad aunque s\u00ed debemos estar alertas ya que el cambio a Fase 2 significar\u00e1 mayores restricciones\u201d.<\/p>\n\n\n\n<p class=\"wp-block-paragraph\">Dichiara record\u00f3 que contin\u00faa la prohibici\u00f3n de reuniones sociales y se suma el cierre del Casino \u201cque hasta el momento permanec\u00eda abierto por estar en Fase 4\u201d.<\/p>\n\n\n\n<p class=\"wp-block-paragraph\">\u201cLas actividades continuar\u00e1n como hasta ahora, con el aforo y cuidados correspondientes y a partir del lunes 31 finaliza la restricci\u00f3n en el acceso\u201d.<\/p>\n\n\n\n<p class=\"wp-block-paragraph\">Dichiara solicit\u00f3 a los vecinos \u201cevitar viajes innecesarios porque hay circulaci\u00f3n comunitaria en todas las localidades que nos rodean, as\u00ed que todo lo que podamos postergar, hagamosl\u00f3\u201d.<\/p>\n\n\n\n<p class=\"wp-block-paragraph\">La Provincia dictamin\u00f3 que desde el lunes&nbsp; solo 15 municipios estar\u00e1n en Fase 3, como Monte Hermoso; uno en fase 4 y todo el resto de los 135 distritos bajar\u00e1n a Fase 2.<\/p>\n\n\n\n<p class=\"wp-block-paragraph\">El Jefe Comunal estuvo acompa\u00f1ado del secretario de Salud, Dr. Jorge Busca, quien cont\u00f3 que esta semana se iniciaron los hisopados aleatorios y voluntarios en los barrios para detectar casos asintom\u00e1ticos y que de los ochenta vecinos hisopados, todos resultaron negativos; \u201cquiero agradecer la predisposici\u00f3n de todos los vecinos\u201d finaliz\u00f3.<\/p>\n\n\n\n<figure class=\"wp-block-gallery columns-2 is-cropped wp-block-gallery-1 is-layout-flex wp-block-gallery-is-layout-flex\"><ul class=\"blocks-gallery-grid\"><li class=\"blocks-gallery-item\"><figure><img alt=\"\" fetchpriority=\"high\" decoding=\"async\" width=\"1024\" height=\"726\" src=\"https:\/\/montehermoso.gov.ar\/sitio\/wp-content\/uploads\/conf28mayo-1024x726.jpg\" alt=\"\" data-id=\"5959\" data-full-url=\"https:\/\/montehermoso.gov.ar\/sitio\/wp-content\/uploads\/conf28mayo-scaled.jpg\" data-link=\"https:\/\/montehermoso.gov.ar\/sitio\/?attachment_id=5959#main\" class=\"wp-image-5959\" srcset=\"https:\/\/montehermoso.gov.ar\/sitio\/wp-content\/uploads\/conf28mayo-1024x726.jpg 1024w, https:\/\/montehermoso.gov.ar\/sitio\/wp-content\/uploads\/conf28mayo-300x213.jpg 300w, https:\/\/montehermoso.gov.ar\/sitio\/wp-content\/uploads\/conf28mayo-768x545.jpg 768w, https:\/\/montehermoso.gov.ar\/sitio\/wp-content\/uploads\/conf28mayo-1536x1089.jpg 1536w, https:\/\/montehermoso.gov.ar\/sitio\/wp-content\/uploads\/conf28mayo-2048x1452.jpg 2048w, https:\/\/montehermoso.gov.ar\/sitio\/wp-content\/uploads\/conf28mayo-1320x936.jpg 1320w\" sizes=\"(max-width: 1024px) 100vw, 1024px\" \/><\/figure><\/li><li class=\"blocks-gallery-item\"><figure><img alt=\"\" decoding=\"async\" width=\"1024\" height=\"683\" src=\"https:\/\/montehermoso.gov.ar\/sitio\/wp-content\/uploads\/conf28mayo2-1024x683.jpg\" alt=\"\" data-id=\"5960\" data-full-url=\"https:\/\/montehermoso.gov.ar\/sitio\/wp-content\/uploads\/conf28mayo2-scaled.jpg\" data-link=\"https:\/\/montehermoso.gov.ar\/sitio\/?attachment_id=5960#main\" class=\"wp-image-5960\" srcset=\"https:\/\/montehermoso.gov.ar\/sitio\/wp-content\/uploads\/conf28mayo2-1024x683.jpg 1024w, https:\/\/montehermoso.gov.ar\/sitio\/wp-content\/uploads\/conf28mayo2-300x200.jpg 300w, https:\/\/montehermoso.gov.ar\/sitio\/wp-content\/uploads\/conf28mayo2-768x512.jpg 768w, https:\/\/montehermoso.gov.ar\/sitio\/wp-content\/uploads\/conf28mayo2-1536x1024.jpg 1536w, https:\/\/montehermoso.gov.ar\/sitio\/wp-content\/uploads\/conf28mayo2-2048x1365.jpg 2048w, https:\/\/montehermoso.gov.ar\/sitio\/wp-content\/uploads\/conf28mayo2-1320x880.jpg 1320w\" sizes=\"(max-width: 1024px) 100vw, 1024px\" \/><\/figure><\/li><\/ul><\/figure>\n","protected":false},"excerpt":{"rendered":"<p>#Anuncios As\u00ed lo anunci\u00f3 el intendente Alejandro Dichiara en conferencia de prensa este mediod\u00eda, lo que no implicar\u00e1 \u201cgrandes cambios sustanciales respecto al movimiento social y comercial en la ciudad aunque s\u00ed debemos estar alertas ya que el cambio a Fase 2 significar\u00e1 mayores restricciones\u201d. Dichiara record\u00f3 que contin\u00faa la prohibici\u00f3n de reuniones sociales y &#8230; <a title=\"Desde el lunes 31\/05 Monte Hermoso baja a Fase 3\" class=\"read-more\" href=\"https:\/\/montehermoso.gov.ar\/sitio\/desde-el-lunes-31-05-monte-hermoso-baja-a-fase-3\/\" aria-label=\"Leer m\u00e1s sobre Desde el lunes 31\/05 Monte Hermoso baja a Fase 3\">Leer m\u00e1s<\/a><\/p>\n","protected":false},"author":3,"featured_media":5960,"comment_status":"closed","ping_status":"closed","sticky":false,"template":"","format":"standard","meta":{"_seopress_titles_title":"","_seopress_titles_desc":"","_seopress_robots_index":"","_seopress_robots_follow":"","_seopress_robots_imageindex":"","_seopress_robots_snippet":"","_seopress_robots_primary_cat":"","_seopress_robots_breadcrumbs":"","_seopress_robots_freeze_modified_date":"","_seopress_robots_custom_modified_date":"","_seopress_robots_canonical":"","_seopress_social_fb_title":"","_seopress_social_fb_desc":"","_seopress_social_fb_img":"","_seopress_social_fb_img_attachment_id":0,"_seopress_social_fb_img_width":0,"_seopress_social_fb_img_height":0,"_seopress_social_twitter_title":"","_seopress_social_twitter_desc":"","_seopress_social_twitter_img":"","_seopress_social_twitter_img_attachment_id":0,"_seopress_social_twitter_img_width":0,"_seopress_social_twitter_img_height":0,"_seopress_redirections_value":"","_seopress_redirections_enabled":"","_seopress_redirections_enabled_regex":"","_seopress_redirections_logged_status":"","_seopress_redirections_param":"","_seopress_redirections_type":0,"_seopress_analysis_target_kw":"","_joinchat":[],"footnotes":""},"categories":[42],"tags":[254,154],"class_list":["post-5958","post","type-post","status-publish","format-standard","has-post-thumbnail","hentry","category-covid-19","tag-anuncios","tag-covid"],"_links":{"self":[{"href":"https:\/\/montehermoso.gov.ar\/sitio\/wp-json\/wp\/v2\/posts\/5958","targetHints":{"allow":["GET"]}}],"collection":[{"href":"https:\/\/montehermoso.gov.ar\/sitio\/wp-json\/wp\/v2\/posts"}],"about":[{"href":"https:\/\/montehermoso.gov.ar\/sitio\/wp-json\/wp\/v2\/types\/post"}],"author":[{"embeddable":true,"href":"https:\/\/montehermoso.gov.ar\/sitio\/wp-json\/wp\/v2\/users\/3"}],"replies":[{"embeddable":true,"href":"https:\/\/montehermoso.gov.ar\/sitio\/wp-json\/wp\/v2\/comments?post=5958"}],"version-history":[{"count":0,"href":"https:\/\/montehermoso.gov.ar\/sitio\/wp-json\/wp\/v2\/posts\/5958\/revisions"}],"wp:featuredmedia":[{"embeddable":true,"href":"https:\/\/montehermoso.gov.ar\/sitio\/wp-json\/wp\/v2\/media\/5960"}],"wp:attachment":[{"href":"https:\/\/montehermoso.gov.ar\/sitio\/wp-json\/wp\/v2\/media?parent=5958"}],"wp:term":[{"taxonomy":"category","embeddable":true,"href":"https:\/\/montehermoso.gov.ar\/sitio\/wp-json\/wp\/v2\/categories?post=5958"},{"taxonomy":"post_tag","embeddable":true,"href":"https:\/\/montehermoso.gov.ar\/sitio\/wp-json\/wp\/v2\/tags?post=5958"}],"curies":[{"name":"wp","href":"https:\/\/api.w.org\/{rel}","templated":true}]}}