{"id":5944,"date":"2021-05-28T12:36:14","date_gmt":"2021-05-28T15:36:14","guid":{"rendered":"https:\/\/montehermoso.gov.ar\/sitio\/?p=5944"},"modified":"2021-05-28T12:38:31","modified_gmt":"2021-05-28T15:38:31","slug":"monte-hermoso-tendra-su-casa-de-la-provincia","status":"publish","type":"post","link":"https:\/\/montehermoso.gov.ar\/sitio\/monte-hermoso-tendra-su-casa-de-la-provincia\/","title":{"rendered":"Monte Hermoso tendr\u00e1 su Casa de la Provincia"},"content":{"rendered":"\n<h4 class=\"wp-block-heading\"><strong>Sali\u00f3 la licitaci\u00f3n para su construcci\u00f3n<\/strong><\/h4>\n\n\n\n<h4 class=\"wp-block-heading\">El Gobierno bonaerense lanz\u00f3 la Licitaci\u00f3n P\u00fablica N\u00b073 \/2021 para la construcci\u00f3n en nuestra ciudad de la Casa de la Provincia, con un presupuesto oficial de 146 millones 210 mil pesos y el fin de concretar en un mismo edificio todas las delegaciones de organismos p\u00fablicos provinciales, como el Registro Provincial de las Personas, el Instituto de Previsi\u00f3n Social IPS, IOMA y ARBA, entre otros.<\/h4>\n\n\n\n<h4 class=\"wp-block-heading\">El edificio se emplazar\u00e1 en inmediaciones del Centro C\u00edvico y la inversi\u00f3n estar\u00e1 a cargo del Ministerio de Infraestructura y Servicios P\u00fablicos mientras que la apertura de ofertas ser\u00e1 el pr\u00f3ximo 16 de junio.<\/h4>\n\n\n\n<h4 class=\"wp-block-heading\">\u201cLas mismas tienen la finalidad de concentrar y centralizar todas las dependencias del Gobierno de la Provincia en el mismo edificio, generando una mayor optimizaci\u00f3n de recursos, una mejora en la capacidad de atenci\u00f3n del personal y&nbsp; el f\u00e1cil acceso de los ciudadanos a diversos tr\u00e1mites administrativos que hasta el momento requieren obligatoriamente el traslado a la capital bonaerense\u201d explic\u00f3 uno de los autores del proyecto t\u00e9cnico durante la presentaci\u00f3n oficial, el arquitecto Rodolfo Macera de la Direcci\u00f3n Provincial de Arquitectura, dependiente de la Subsecretar\u00eda de Obras P\u00fablicas.<\/h4>\n\n\n\n<h4 class=\"wp-block-heading\">Por su parte el intendente Alejandro Dichiara destac\u00f3 que \u201ces una obra muy importante para nuestra ciudad ya que no solo implicar\u00e1 un edificio provincial centralizado sino que adem\u00e1s se prev\u00e9 que su ejecuci\u00f3n cuente con mano de obra y provisionamiento de materiales propios de la localidad\u201d.<\/h4>\n\n\n\n<figure class=\"wp-block-gallery columns-2 is-cropped wp-block-gallery-1 is-layout-flex wp-block-gallery-is-layout-flex\"><ul class=\"blocks-gallery-grid\"><li class=\"blocks-gallery-item\"><figure><img alt=\"\" fetchpriority=\"high\" decoding=\"async\" width=\"880\" height=\"512\" src=\"https:\/\/montehermoso.gov.ar\/sitio\/wp-content\/uploads\/bocetocasadelaprovincia.jpg\" alt=\"\" data-id=\"5945\" data-full-url=\"https:\/\/montehermoso.gov.ar\/sitio\/wp-content\/uploads\/bocetocasadelaprovincia.jpg\" data-link=\"https:\/\/montehermoso.gov.ar\/sitio\/?attachment_id=5945#main\" class=\"wp-image-5945\" srcset=\"https:\/\/montehermoso.gov.ar\/sitio\/wp-content\/uploads\/bocetocasadelaprovincia.jpg 880w, https:\/\/montehermoso.gov.ar\/sitio\/wp-content\/uploads\/bocetocasadelaprovincia-300x175.jpg 300w, https:\/\/montehermoso.gov.ar\/sitio\/wp-content\/uploads\/bocetocasadelaprovincia-768x447.jpg 768w\" sizes=\"(max-width: 880px) 100vw, 880px\" \/><\/figure><\/li><li class=\"blocks-gallery-item\"><figure><img alt=\"\" decoding=\"async\" width=\"844\" height=\"420\" src=\"https:\/\/montehermoso.gov.ar\/sitio\/wp-content\/uploads\/bocetocasadelaprovincia2.jpg\" alt=\"\" data-id=\"5946\" data-full-url=\"https:\/\/montehermoso.gov.ar\/sitio\/wp-content\/uploads\/bocetocasadelaprovincia2.jpg\" data-link=\"https:\/\/montehermoso.gov.ar\/sitio\/?attachment_id=5946#main\" class=\"wp-image-5946\" srcset=\"https:\/\/montehermoso.gov.ar\/sitio\/wp-content\/uploads\/bocetocasadelaprovincia2.jpg 844w, https:\/\/montehermoso.gov.ar\/sitio\/wp-content\/uploads\/bocetocasadelaprovincia2-300x149.jpg 300w, https:\/\/montehermoso.gov.ar\/sitio\/wp-content\/uploads\/bocetocasadelaprovincia2-768x382.jpg 768w\" sizes=\"(max-width: 844px) 100vw, 844px\" \/><\/figure><\/li><\/ul><\/figure>\n\n\n\n<p class=\"wp-block-paragraph\"><\/p>\n","protected":false},"excerpt":{"rendered":"<p>Sali\u00f3 la licitaci\u00f3n para su construcci\u00f3n El Gobierno bonaerense lanz\u00f3 la Licitaci\u00f3n P\u00fablica N\u00b073 \/2021 para la construcci\u00f3n en nuestra ciudad de la Casa de la Provincia, con un presupuesto oficial de 146 millones 210 mil pesos y el fin de concretar en un mismo edificio todas las delegaciones de organismos p\u00fablicos provinciales, como el &#8230; <a title=\"Monte Hermoso tendr\u00e1 su Casa de la Provincia\" class=\"read-more\" href=\"https:\/\/montehermoso.gov.ar\/sitio\/monte-hermoso-tendra-su-casa-de-la-provincia\/\" aria-label=\"Leer m\u00e1s sobre Monte Hermoso tendr\u00e1 su Casa de la Provincia\">Leer m\u00e1s<\/a><\/p>\n","protected":false},"author":3,"featured_media":5945,"comment_status":"closed","ping_status":"closed","sticky":false,"template":"","format":"standard","meta":{"_seopress_titles_title":"","_seopress_titles_desc":"","_seopress_robots_index":"","_seopress_robots_follow":"","_seopress_robots_imageindex":"","_seopress_robots_snippet":"","_seopress_robots_primary_cat":"","_seopress_robots_breadcrumbs":"","_seopress_robots_freeze_modified_date":"","_seopress_robots_custom_modified_date":"","_seopress_robots_canonical":"","_seopress_social_fb_title":"","_seopress_social_fb_desc":"","_seopress_social_fb_img":"","_seopress_social_fb_img_attachment_id":0,"_seopress_social_fb_img_width":0,"_seopress_social_fb_img_height":0,"_seopress_social_twitter_title":"","_seopress_social_twitter_desc":"","_seopress_social_twitter_img":"","_seopress_social_twitter_img_attachment_id":0,"_seopress_social_twitter_img_width":0,"_seopress_social_twitter_img_height":0,"_seopress_redirections_value":"","_seopress_redirections_enabled":"","_seopress_redirections_enabled_regex":"","_seopress_redirections_logged_status":"","_seopress_redirections_param":"","_seopress_redirections_type":0,"_seopress_analysis_target_kw":"","_joinchat":[],"footnotes":""},"categories":[248],"tags":[250,249],"class_list":["post-5944","post","type-post","status-publish","format-standard","has-post-thumbnail","hentry","category-licitacion-publica","tag-casa-de-la-provincia","tag-gobierno-de-la-provincia"],"_links":{"self":[{"href":"https:\/\/montehermoso.gov.ar\/sitio\/wp-json\/wp\/v2\/posts\/5944","targetHints":{"allow":["GET"]}}],"collection":[{"href":"https:\/\/montehermoso.gov.ar\/sitio\/wp-json\/wp\/v2\/posts"}],"about":[{"href":"https:\/\/montehermoso.gov.ar\/sitio\/wp-json\/wp\/v2\/types\/post"}],"author":[{"embeddable":true,"href":"https:\/\/montehermoso.gov.ar\/sitio\/wp-json\/wp\/v2\/users\/3"}],"replies":[{"embeddable":true,"href":"https:\/\/montehermoso.gov.ar\/sitio\/wp-json\/wp\/v2\/comments?post=5944"}],"version-history":[{"count":0,"href":"https:\/\/montehermoso.gov.ar\/sitio\/wp-json\/wp\/v2\/posts\/5944\/revisions"}],"wp:featuredmedia":[{"embeddable":true,"href":"https:\/\/montehermoso.gov.ar\/sitio\/wp-json\/wp\/v2\/media\/5945"}],"wp:attachment":[{"href":"https:\/\/montehermoso.gov.ar\/sitio\/wp-json\/wp\/v2\/media?parent=5944"}],"wp:term":[{"taxonomy":"category","embeddable":true,"href":"https:\/\/montehermoso.gov.ar\/sitio\/wp-json\/wp\/v2\/categories?post=5944"},{"taxonomy":"post_tag","embeddable":true,"href":"https:\/\/montehermoso.gov.ar\/sitio\/wp-json\/wp\/v2\/tags?post=5944"}],"curies":[{"name":"wp","href":"https:\/\/api.w.org\/{rel}","templated":true}]}}