{"id":4942,"date":"2021-02-17T11:50:27","date_gmt":"2021-02-17T14:50:27","guid":{"rendered":"https:\/\/montehermoso.gov.ar\/sitio\/?p=4942"},"modified":"2021-02-17T11:50:27","modified_gmt":"2021-02-17T14:50:27","slug":"monte-hermoso-testeos-rapidos-para-turistas-y-residentes","status":"publish","type":"post","link":"https:\/\/montehermoso.gov.ar\/sitio\/monte-hermoso-testeos-rapidos-para-turistas-y-residentes\/","title":{"rendered":"Monte Hermoso: Testeos r\u00e1pidos para turistas y residentes"},"content":{"rendered":"\n<p class=\"wp-block-paragraph\"><strong>#Salud #COVID-19<\/strong><\/p>\n\n\n\n<p class=\"wp-block-paragraph\"><\/p>\n\n\n\n<p class=\"wp-block-paragraph\">Promotores de las Postas Sanitarias, bioqu\u00edmicos y personal de Salud del Hospital Municipal, Dr. Ram\u00f3n Carrillo, participaron ayer en pleno centro de la producci\u00f3n de testeos r\u00e1pidos de ant\u00edgenos para la detecci\u00f3n de COVID-19 en personas que se encuentran veraneando de la ciudad, como as\u00ed tambi\u00e9n en residentes.<\/p>\n\n\n\n<p class=\"wp-block-paragraph\">El objetivo fue la b\u00fasqueda activa de personas asintom\u00e1ticas que de manera espont\u00e1nea se hisoparon en el gazebo armado con tal fin, con insumos distribuidos por Regi\u00f3n Sanitaria I.<\/p>\n\n\n\n<p class=\"wp-block-paragraph\">Esta nueva estrategia de monitoreo del virus pand\u00e9mico comenz\u00f3 a realizarse en distintos centros tur\u00edsticos bonaerenses para la detecci\u00f3n temprana de personas que pueden estar asintom\u00e1ticos y a\u00fan as\u00ed ser portadores de coronavirus.<\/p>\n\n\n\n<p class=\"wp-block-paragraph\">En esta primera experiencia local, todos los testeos realizados resultaron negativos.<\/p>\n\n\n\n<figure class=\"wp-block-gallery columns-3 is-cropped wp-block-gallery-1 is-layout-flex wp-block-gallery-is-layout-flex\"><ul class=\"blocks-gallery-grid\"><li class=\"blocks-gallery-item\"><figure><img alt=\"\" fetchpriority=\"high\" decoding=\"async\" width=\"1024\" height=\"680\" src=\"https:\/\/montehermoso.gov.ar\/sitio\/wp-content\/uploads\/WhatsApp-Image-2021-02-17-at-11.23.49-1024x680.jpeg\" alt=\"\" data-id=\"4943\" data-full-url=\"https:\/\/montehermoso.gov.ar\/sitio\/wp-content\/uploads\/WhatsApp-Image-2021-02-17-at-11.23.49.jpeg\" data-link=\"https:\/\/montehermoso.gov.ar\/sitio\/?attachment_id=4943#main\" class=\"wp-image-4943\" srcset=\"https:\/\/montehermoso.gov.ar\/sitio\/wp-content\/uploads\/WhatsApp-Image-2021-02-17-at-11.23.49-1024x680.jpeg 1024w, https:\/\/montehermoso.gov.ar\/sitio\/wp-content\/uploads\/WhatsApp-Image-2021-02-17-at-11.23.49-300x199.jpeg 300w, https:\/\/montehermoso.gov.ar\/sitio\/wp-content\/uploads\/WhatsApp-Image-2021-02-17-at-11.23.49-768x510.jpeg 768w, https:\/\/montehermoso.gov.ar\/sitio\/wp-content\/uploads\/WhatsApp-Image-2021-02-17-at-11.23.49.jpeg 1072w\" sizes=\"(max-width: 1024px) 100vw, 1024px\" \/><\/figure><\/li><li class=\"blocks-gallery-item\"><figure><img alt=\"\" decoding=\"async\" width=\"1024\" height=\"680\" src=\"https:\/\/montehermoso.gov.ar\/sitio\/wp-content\/uploads\/WhatsApp-Image-2021-02-17-at-11.23.48-1-1024x680.jpeg\" alt=\"\" data-id=\"4945\" data-full-url=\"https:\/\/montehermoso.gov.ar\/sitio\/wp-content\/uploads\/WhatsApp-Image-2021-02-17-at-11.23.48-1.jpeg\" data-link=\"https:\/\/montehermoso.gov.ar\/sitio\/?attachment_id=4945#main\" class=\"wp-image-4945\" srcset=\"https:\/\/montehermoso.gov.ar\/sitio\/wp-content\/uploads\/WhatsApp-Image-2021-02-17-at-11.23.48-1-1024x680.jpeg 1024w, https:\/\/montehermoso.gov.ar\/sitio\/wp-content\/uploads\/WhatsApp-Image-2021-02-17-at-11.23.48-1-300x199.jpeg 300w, https:\/\/montehermoso.gov.ar\/sitio\/wp-content\/uploads\/WhatsApp-Image-2021-02-17-at-11.23.48-1-768x510.jpeg 768w, https:\/\/montehermoso.gov.ar\/sitio\/wp-content\/uploads\/WhatsApp-Image-2021-02-17-at-11.23.48-1.jpeg 1072w\" sizes=\"(max-width: 1024px) 100vw, 1024px\" \/><\/figure><\/li><li class=\"blocks-gallery-item\"><figure><img alt=\"\" decoding=\"async\" width=\"1024\" height=\"680\" src=\"https:\/\/montehermoso.gov.ar\/sitio\/wp-content\/uploads\/WhatsApp-Image-2021-02-17-at-11.23.48-2-1024x680.jpeg\" alt=\"\" data-id=\"4944\" data-full-url=\"https:\/\/montehermoso.gov.ar\/sitio\/wp-content\/uploads\/WhatsApp-Image-2021-02-17-at-11.23.48-2.jpeg\" data-link=\"https:\/\/montehermoso.gov.ar\/sitio\/?attachment_id=4944#main\" class=\"wp-image-4944\" srcset=\"https:\/\/montehermoso.gov.ar\/sitio\/wp-content\/uploads\/WhatsApp-Image-2021-02-17-at-11.23.48-2-1024x680.jpeg 1024w, https:\/\/montehermoso.gov.ar\/sitio\/wp-content\/uploads\/WhatsApp-Image-2021-02-17-at-11.23.48-2-300x199.jpeg 300w, https:\/\/montehermoso.gov.ar\/sitio\/wp-content\/uploads\/WhatsApp-Image-2021-02-17-at-11.23.48-2-768x510.jpeg 768w, https:\/\/montehermoso.gov.ar\/sitio\/wp-content\/uploads\/WhatsApp-Image-2021-02-17-at-11.23.48-2.jpeg 1072w\" sizes=\"(max-width: 1024px) 100vw, 1024px\" \/><\/figure><\/li><li class=\"blocks-gallery-item\"><figure><img alt=\"\" loading=\"lazy\" decoding=\"async\" width=\"1024\" height=\"680\" src=\"https:\/\/montehermoso.gov.ar\/sitio\/wp-content\/uploads\/WhatsApp-Image-2021-02-17-at-11.23.48-1024x680.jpeg\" alt=\"\" data-id=\"4946\" data-full-url=\"https:\/\/montehermoso.gov.ar\/sitio\/wp-content\/uploads\/WhatsApp-Image-2021-02-17-at-11.23.48.jpeg\" data-link=\"https:\/\/montehermoso.gov.ar\/sitio\/?attachment_id=4946#main\" class=\"wp-image-4946\" srcset=\"https:\/\/montehermoso.gov.ar\/sitio\/wp-content\/uploads\/WhatsApp-Image-2021-02-17-at-11.23.48-1024x680.jpeg 1024w, https:\/\/montehermoso.gov.ar\/sitio\/wp-content\/uploads\/WhatsApp-Image-2021-02-17-at-11.23.48-300x199.jpeg 300w, https:\/\/montehermoso.gov.ar\/sitio\/wp-content\/uploads\/WhatsApp-Image-2021-02-17-at-11.23.48-768x510.jpeg 768w, https:\/\/montehermoso.gov.ar\/sitio\/wp-content\/uploads\/WhatsApp-Image-2021-02-17-at-11.23.48.jpeg 1072w\" sizes=\"(max-width: 1024px) 100vw, 1024px\" \/><\/figure><\/li><li class=\"blocks-gallery-item\"><figure><img alt=\"\" loading=\"lazy\" decoding=\"async\" width=\"1024\" height=\"680\" src=\"https:\/\/montehermoso.gov.ar\/sitio\/wp-content\/uploads\/WhatsApp-Image-2021-02-17-at-11.23.47-3-1024x680.jpeg\" alt=\"\" data-id=\"4947\" data-full-url=\"https:\/\/montehermoso.gov.ar\/sitio\/wp-content\/uploads\/WhatsApp-Image-2021-02-17-at-11.23.47-3.jpeg\" data-link=\"https:\/\/montehermoso.gov.ar\/sitio\/?attachment_id=4947#main\" class=\"wp-image-4947\" srcset=\"https:\/\/montehermoso.gov.ar\/sitio\/wp-content\/uploads\/WhatsApp-Image-2021-02-17-at-11.23.47-3-1024x680.jpeg 1024w, https:\/\/montehermoso.gov.ar\/sitio\/wp-content\/uploads\/WhatsApp-Image-2021-02-17-at-11.23.47-3-300x199.jpeg 300w, https:\/\/montehermoso.gov.ar\/sitio\/wp-content\/uploads\/WhatsApp-Image-2021-02-17-at-11.23.47-3-768x510.jpeg 768w, https:\/\/montehermoso.gov.ar\/sitio\/wp-content\/uploads\/WhatsApp-Image-2021-02-17-at-11.23.47-3.jpeg 1072w\" sizes=\"(max-width: 1024px) 100vw, 1024px\" \/><\/figure><\/li><li class=\"blocks-gallery-item\"><figure><img alt=\"\" loading=\"lazy\" decoding=\"async\" width=\"1024\" height=\"680\" src=\"https:\/\/montehermoso.gov.ar\/sitio\/wp-content\/uploads\/WhatsApp-Image-2021-02-17-at-11.23.47-2-1024x680.jpeg\" alt=\"\" data-id=\"4948\" data-full-url=\"https:\/\/montehermoso.gov.ar\/sitio\/wp-content\/uploads\/WhatsApp-Image-2021-02-17-at-11.23.47-2.jpeg\" data-link=\"https:\/\/montehermoso.gov.ar\/sitio\/?attachment_id=4948#main\" class=\"wp-image-4948\" srcset=\"https:\/\/montehermoso.gov.ar\/sitio\/wp-content\/uploads\/WhatsApp-Image-2021-02-17-at-11.23.47-2-1024x680.jpeg 1024w, https:\/\/montehermoso.gov.ar\/sitio\/wp-content\/uploads\/WhatsApp-Image-2021-02-17-at-11.23.47-2-300x199.jpeg 300w, https:\/\/montehermoso.gov.ar\/sitio\/wp-content\/uploads\/WhatsApp-Image-2021-02-17-at-11.23.47-2-768x510.jpeg 768w, https:\/\/montehermoso.gov.ar\/sitio\/wp-content\/uploads\/WhatsApp-Image-2021-02-17-at-11.23.47-2.jpeg 1072w\" sizes=\"(max-width: 1024px) 100vw, 1024px\" \/><\/figure><\/li><li class=\"blocks-gallery-item\"><figure><img alt=\"\" loading=\"lazy\" decoding=\"async\" width=\"1024\" height=\"680\" src=\"https:\/\/montehermoso.gov.ar\/sitio\/wp-content\/uploads\/WhatsApp-Image-2021-02-17-at-11.23.47-1-1024x680.jpeg\" alt=\"\" data-id=\"4949\" data-full-url=\"https:\/\/montehermoso.gov.ar\/sitio\/wp-content\/uploads\/WhatsApp-Image-2021-02-17-at-11.23.47-1.jpeg\" data-link=\"https:\/\/montehermoso.gov.ar\/sitio\/?attachment_id=4949#main\" class=\"wp-image-4949\" srcset=\"https:\/\/montehermoso.gov.ar\/sitio\/wp-content\/uploads\/WhatsApp-Image-2021-02-17-at-11.23.47-1-1024x680.jpeg 1024w, https:\/\/montehermoso.gov.ar\/sitio\/wp-content\/uploads\/WhatsApp-Image-2021-02-17-at-11.23.47-1-300x199.jpeg 300w, https:\/\/montehermoso.gov.ar\/sitio\/wp-content\/uploads\/WhatsApp-Image-2021-02-17-at-11.23.47-1-768x510.jpeg 768w, https:\/\/montehermoso.gov.ar\/sitio\/wp-content\/uploads\/WhatsApp-Image-2021-02-17-at-11.23.47-1.jpeg 1072w\" sizes=\"(max-width: 1024px) 100vw, 1024px\" \/><\/figure><\/li><li class=\"blocks-gallery-item\"><figure><img alt=\"\" loading=\"lazy\" decoding=\"async\" width=\"1024\" height=\"680\" src=\"https:\/\/montehermoso.gov.ar\/sitio\/wp-content\/uploads\/WhatsApp-Image-2021-02-17-at-11.23.47-1024x680.jpeg\" alt=\"\" data-id=\"4950\" data-full-url=\"https:\/\/montehermoso.gov.ar\/sitio\/wp-content\/uploads\/WhatsApp-Image-2021-02-17-at-11.23.47.jpeg\" data-link=\"https:\/\/montehermoso.gov.ar\/sitio\/?attachment_id=4950#main\" class=\"wp-image-4950\" srcset=\"https:\/\/montehermoso.gov.ar\/sitio\/wp-content\/uploads\/WhatsApp-Image-2021-02-17-at-11.23.47-1024x680.jpeg 1024w, https:\/\/montehermoso.gov.ar\/sitio\/wp-content\/uploads\/WhatsApp-Image-2021-02-17-at-11.23.47-300x199.jpeg 300w, https:\/\/montehermoso.gov.ar\/sitio\/wp-content\/uploads\/WhatsApp-Image-2021-02-17-at-11.23.47-768x510.jpeg 768w, https:\/\/montehermoso.gov.ar\/sitio\/wp-content\/uploads\/WhatsApp-Image-2021-02-17-at-11.23.47.jpeg 1072w\" sizes=\"(max-width: 1024px) 100vw, 1024px\" \/><\/figure><\/li><\/ul><\/figure>\n","protected":false},"excerpt":{"rendered":"<p>#Salud #COVID-19 Promotores de las Postas Sanitarias, bioqu\u00edmicos y personal de Salud del Hospital Municipal, Dr. Ram\u00f3n Carrillo, participaron ayer en pleno centro de la producci\u00f3n de testeos r\u00e1pidos de ant\u00edgenos para la detecci\u00f3n de COVID-19 en personas que se encuentran veraneando de la ciudad, como as\u00ed tambi\u00e9n en residentes. El objetivo fue la b\u00fasqueda &#8230; <a title=\"Monte Hermoso: Testeos r\u00e1pidos para turistas y residentes\" class=\"read-more\" href=\"https:\/\/montehermoso.gov.ar\/sitio\/monte-hermoso-testeos-rapidos-para-turistas-y-residentes\/\" aria-label=\"Leer m\u00e1s sobre Monte Hermoso: Testeos r\u00e1pidos para turistas y residentes\">Leer m\u00e1s<\/a><\/p>\n","protected":false},"author":3,"featured_media":4943,"comment_status":"closed","ping_status":"closed","sticky":false,"template":"","format":"standard","meta":{"_seopress_titles_title":"","_seopress_titles_desc":"","_seopress_robots_index":"","_seopress_robots_follow":"","_seopress_robots_imageindex":"","_seopress_robots_snippet":"","_seopress_robots_primary_cat":"","_seopress_robots_breadcrumbs":"","_seopress_robots_freeze_modified_date":"","_seopress_robots_custom_modified_date":"","_seopress_robots_canonical":"","_seopress_social_fb_title":"","_seopress_social_fb_desc":"","_seopress_social_fb_img":"","_seopress_social_fb_img_attachment_id":0,"_seopress_social_fb_img_width":0,"_seopress_social_fb_img_height":0,"_seopress_social_twitter_title":"","_seopress_social_twitter_desc":"","_seopress_social_twitter_img":"","_seopress_social_twitter_img_attachment_id":0,"_seopress_social_twitter_img_width":0,"_seopress_social_twitter_img_height":0,"_seopress_redirections_value":"","_seopress_redirections_enabled":"","_seopress_redirections_enabled_regex":"","_seopress_redirections_logged_status":"","_seopress_redirections_param":"","_seopress_redirections_type":0,"_seopress_analysis_target_kw":"","_joinchat":[],"footnotes":""},"categories":[42,43,1],"tags":[95,93,94],"class_list":["post-4942","post","type-post","status-publish","format-standard","has-post-thumbnail","hentry","category-covid-19","category-salud","category-turismo","tag-personas-asintomaticas","tag-promotores-de-las-postas-sanitarias","tag-testeos-rapidos"],"_links":{"self":[{"href":"https:\/\/montehermoso.gov.ar\/sitio\/wp-json\/wp\/v2\/posts\/4942","targetHints":{"allow":["GET"]}}],"collection":[{"href":"https:\/\/montehermoso.gov.ar\/sitio\/wp-json\/wp\/v2\/posts"}],"about":[{"href":"https:\/\/montehermoso.gov.ar\/sitio\/wp-json\/wp\/v2\/types\/post"}],"author":[{"embeddable":true,"href":"https:\/\/montehermoso.gov.ar\/sitio\/wp-json\/wp\/v2\/users\/3"}],"replies":[{"embeddable":true,"href":"https:\/\/montehermoso.gov.ar\/sitio\/wp-json\/wp\/v2\/comments?post=4942"}],"version-history":[{"count":0,"href":"https:\/\/montehermoso.gov.ar\/sitio\/wp-json\/wp\/v2\/posts\/4942\/revisions"}],"wp:featuredmedia":[{"embeddable":true,"href":"https:\/\/montehermoso.gov.ar\/sitio\/wp-json\/wp\/v2\/media\/4943"}],"wp:attachment":[{"href":"https:\/\/montehermoso.gov.ar\/sitio\/wp-json\/wp\/v2\/media?parent=4942"}],"wp:term":[{"taxonomy":"category","embeddable":true,"href":"https:\/\/montehermoso.gov.ar\/sitio\/wp-json\/wp\/v2\/categories?post=4942"},{"taxonomy":"post_tag","embeddable":true,"href":"https:\/\/montehermoso.gov.ar\/sitio\/wp-json\/wp\/v2\/tags?post=4942"}],"curies":[{"name":"wp","href":"https:\/\/api.w.org\/{rel}","templated":true}]}}