{"id":4935,"date":"2021-02-17T11:39:41","date_gmt":"2021-02-17T14:39:41","guid":{"rendered":"https:\/\/montehermoso.gov.ar\/sitio\/?p=4935"},"modified":"2021-02-17T11:39:41","modified_gmt":"2021-02-17T14:39:41","slug":"el-jefe-comunal-se-reunio-con-el-fiscal-general-de-bahia-blanca","status":"publish","type":"post","link":"https:\/\/montehermoso.gov.ar\/sitio\/el-jefe-comunal-se-reunio-con-el-fiscal-general-de-bahia-blanca\/","title":{"rendered":"El Jefe Comunal se reuni\u00f3 con el Fiscal General de Bah\u00eda Blanca"},"content":{"rendered":"\n<p class=\"wp-block-paragraph\"><strong>#Seguridad #Justicia<\/strong><\/p>\n\n\n\n<p class=\"wp-block-paragraph\"><\/p>\n\n\n\n<p class=\"wp-block-paragraph\">El intendente Alejandro Dichiara recibi\u00f3 al Fiscal General del Departamento Judicial de Bah\u00eda Blanca, Dr. Juan Pablo Fern\u00e1ndez, en el marco de una visita institucional en la que trataron una serie de convenios de trabajo y colaboraci\u00f3n conjunta respecto a la seguridad y la justicia que ser\u00e1n firmados oportunamente en la Procuraci\u00f3n.<\/p>\n\n\n\n<p class=\"wp-block-paragraph\">La reuni\u00f3n, de la que tambi\u00e9n particip\u00f3 el secretario de Seguridad Municipal, Jorge Saucedo, tuvo lugar el viernes pasado en el Despacho Ejecutivo.<\/p>\n\n\n\n<figure class=\"wp-block-gallery columns-2 is-cropped wp-block-gallery-1 is-layout-flex wp-block-gallery-is-layout-flex\"><ul class=\"blocks-gallery-grid\"><li class=\"blocks-gallery-item\"><figure><img alt=\"\" fetchpriority=\"high\" decoding=\"async\" width=\"1024\" height=\"576\" src=\"https:\/\/montehermoso.gov.ar\/sitio\/wp-content\/uploads\/1-1-1024x576.jpg\" alt=\"\" data-id=\"4937\" data-full-url=\"https:\/\/montehermoso.gov.ar\/sitio\/wp-content\/uploads\/1-1.jpg\" data-link=\"https:\/\/montehermoso.gov.ar\/sitio\/?attachment_id=4937#main\" class=\"wp-image-4937\" srcset=\"https:\/\/montehermoso.gov.ar\/sitio\/wp-content\/uploads\/1-1-1024x576.jpg 1024w, https:\/\/montehermoso.gov.ar\/sitio\/wp-content\/uploads\/1-1-300x169.jpg 300w, https:\/\/montehermoso.gov.ar\/sitio\/wp-content\/uploads\/1-1-768x432.jpg 768w, https:\/\/montehermoso.gov.ar\/sitio\/wp-content\/uploads\/1-1.jpg 1032w\" sizes=\"(max-width: 1024px) 100vw, 1024px\" \/><\/figure><\/li><li class=\"blocks-gallery-item\"><figure><img alt=\"\" decoding=\"async\" width=\"1024\" height=\"576\" src=\"https:\/\/montehermoso.gov.ar\/sitio\/wp-content\/uploads\/2-1-1024x576.jpg\" alt=\"\" data-id=\"4938\" data-full-url=\"https:\/\/montehermoso.gov.ar\/sitio\/wp-content\/uploads\/2-1.jpg\" data-link=\"https:\/\/montehermoso.gov.ar\/sitio\/?attachment_id=4938#main\" class=\"wp-image-4938\" srcset=\"https:\/\/montehermoso.gov.ar\/sitio\/wp-content\/uploads\/2-1-1024x576.jpg 1024w, https:\/\/montehermoso.gov.ar\/sitio\/wp-content\/uploads\/2-1-300x169.jpg 300w, https:\/\/montehermoso.gov.ar\/sitio\/wp-content\/uploads\/2-1-768x432.jpg 768w, https:\/\/montehermoso.gov.ar\/sitio\/wp-content\/uploads\/2-1.jpg 1032w\" sizes=\"(max-width: 1024px) 100vw, 1024px\" \/><\/figure><\/li><\/ul><\/figure>\n","protected":false},"excerpt":{"rendered":"<p>#Seguridad #Justicia El intendente Alejandro Dichiara recibi\u00f3 al Fiscal General del Departamento Judicial de Bah\u00eda Blanca, Dr. Juan Pablo Fern\u00e1ndez, en el marco de una visita institucional en la que trataron una serie de convenios de trabajo y colaboraci\u00f3n conjunta respecto a la seguridad y la justicia que ser\u00e1n firmados oportunamente en la Procuraci\u00f3n. La &#8230; <a title=\"El Jefe Comunal se reuni\u00f3 con el Fiscal General de Bah\u00eda Blanca\" class=\"read-more\" href=\"https:\/\/montehermoso.gov.ar\/sitio\/el-jefe-comunal-se-reunio-con-el-fiscal-general-de-bahia-blanca\/\" aria-label=\"Leer m\u00e1s sobre El Jefe Comunal se reuni\u00f3 con el Fiscal General de Bah\u00eda Blanca\">Leer m\u00e1s<\/a><\/p>\n","protected":false},"author":3,"featured_media":4939,"comment_status":"closed","ping_status":"closed","sticky":false,"template":"","format":"standard","meta":{"_seopress_titles_title":"","_seopress_titles_desc":"","_seopress_robots_index":"","_seopress_robots_follow":"","_seopress_robots_imageindex":"","_seopress_robots_snippet":"","_seopress_robots_primary_cat":"","_seopress_robots_breadcrumbs":"","_seopress_robots_freeze_modified_date":"","_seopress_robots_custom_modified_date":"","_seopress_robots_canonical":"","_seopress_social_fb_title":"","_seopress_social_fb_desc":"","_seopress_social_fb_img":"","_seopress_social_fb_img_attachment_id":0,"_seopress_social_fb_img_width":0,"_seopress_social_fb_img_height":0,"_seopress_social_twitter_title":"","_seopress_social_twitter_desc":"","_seopress_social_twitter_img":"","_seopress_social_twitter_img_attachment_id":0,"_seopress_social_twitter_img_width":0,"_seopress_social_twitter_img_height":0,"_seopress_redirections_value":"","_seopress_redirections_enabled":"","_seopress_redirections_enabled_regex":"","_seopress_redirections_logged_status":"","_seopress_redirections_param":"","_seopress_redirections_type":0,"_seopress_analysis_target_kw":"","_joinchat":[],"footnotes":""},"categories":[5,57],"tags":[92,91,90],"class_list":["post-4935","post","type-post","status-publish","format-standard","has-post-thumbnail","hentry","category-gobierno","category-seguridad","tag-convenios-de-trabajo-y-colaboracion","tag-dr-juan-pablo-fernandez","tag-fiscal-general-del-departamento-judicial-de-bahia-blanca"],"_links":{"self":[{"href":"https:\/\/montehermoso.gov.ar\/sitio\/wp-json\/wp\/v2\/posts\/4935","targetHints":{"allow":["GET"]}}],"collection":[{"href":"https:\/\/montehermoso.gov.ar\/sitio\/wp-json\/wp\/v2\/posts"}],"about":[{"href":"https:\/\/montehermoso.gov.ar\/sitio\/wp-json\/wp\/v2\/types\/post"}],"author":[{"embeddable":true,"href":"https:\/\/montehermoso.gov.ar\/sitio\/wp-json\/wp\/v2\/users\/3"}],"replies":[{"embeddable":true,"href":"https:\/\/montehermoso.gov.ar\/sitio\/wp-json\/wp\/v2\/comments?post=4935"}],"version-history":[{"count":0,"href":"https:\/\/montehermoso.gov.ar\/sitio\/wp-json\/wp\/v2\/posts\/4935\/revisions"}],"wp:featuredmedia":[{"embeddable":true,"href":"https:\/\/montehermoso.gov.ar\/sitio\/wp-json\/wp\/v2\/media\/4939"}],"wp:attachment":[{"href":"https:\/\/montehermoso.gov.ar\/sitio\/wp-json\/wp\/v2\/media?parent=4935"}],"wp:term":[{"taxonomy":"category","embeddable":true,"href":"https:\/\/montehermoso.gov.ar\/sitio\/wp-json\/wp\/v2\/categories?post=4935"},{"taxonomy":"post_tag","embeddable":true,"href":"https:\/\/montehermoso.gov.ar\/sitio\/wp-json\/wp\/v2\/tags?post=4935"}],"curies":[{"name":"wp","href":"https:\/\/api.w.org\/{rel}","templated":true}]}}