{"id":4846,"date":"2021-02-05T10:27:09","date_gmt":"2021-02-05T13:27:09","guid":{"rendered":"https:\/\/montehermoso.gov.ar\/sitio\/?p=4846"},"modified":"2021-02-05T10:27:09","modified_gmt":"2021-02-05T13:27:09","slug":"el-intendente-se-reunio-con-ministros-de-nacion-por-la-renovacion-del-frente-costero-y-viviendas","status":"publish","type":"post","link":"https:\/\/montehermoso.gov.ar\/sitio\/el-intendente-se-reunio-con-ministros-de-nacion-por-la-renovacion-del-frente-costero-y-viviendas\/","title":{"rendered":"El Intendente se reuni\u00f3 con Ministros de Naci\u00f3n por la renovaci\u00f3n del frente costero y viviendas"},"content":{"rendered":"\n<h3 class=\"wp-block-heading\">#Gesti\u00f3n<\/h3>\n\n\n\n<p class=\"wp-block-paragraph\"><br>El jefe comunal Alejandro Dichiara se reuni\u00f3 ayer con los ministros nacionales de Desarrollo Territorial y H\u00e1bitat, Jorge Ferraresi, para articular pol\u00edticas relacionadas a la situaci\u00f3n habitacional y con el de Obras P\u00fablicas, Gabriel Katopodis, para refrendar el convenio de ejecuci\u00f3n de la primera etapa de la obra \u201cDesarrollo Urbano Costero\u201d que incluir\u00e1 pavimentaci\u00f3n y pluviales.<br>Acompa\u00f1aron al Intendente, los secretarios de Obras y Servicios P\u00fablicos, Marcos Fern\u00e1ndez; de Planeamiento, Daniel Pedroni y el subsecretario de Vivienda y H\u00e1bitat, Sergio \u00c1lvarez.<\/p>\n\n\n\n<figure class=\"wp-block-gallery columns-3 is-cropped wp-block-gallery-1 is-layout-flex wp-block-gallery-is-layout-flex\"><ul class=\"blocks-gallery-grid\"><li class=\"blocks-gallery-item\"><figure><img alt=\"\" fetchpriority=\"high\" decoding=\"async\" width=\"1024\" height=\"682\" src=\"https:\/\/montehermoso.gov.ar\/sitio\/wp-content\/uploads\/WhatsApp-Image-2021-02-05-at-10.22.57-1-1024x682.jpeg\" alt=\"\" data-id=\"4847\" data-full-url=\"https:\/\/montehermoso.gov.ar\/sitio\/wp-content\/uploads\/WhatsApp-Image-2021-02-05-at-10.22.57-1.jpeg\" data-link=\"https:\/\/montehermoso.gov.ar\/sitio\/?attachment_id=4847#main\" class=\"wp-image-4847\" srcset=\"https:\/\/montehermoso.gov.ar\/sitio\/wp-content\/uploads\/WhatsApp-Image-2021-02-05-at-10.22.57-1-1024x682.jpeg 1024w, https:\/\/montehermoso.gov.ar\/sitio\/wp-content\/uploads\/WhatsApp-Image-2021-02-05-at-10.22.57-1-300x200.jpeg 300w, https:\/\/montehermoso.gov.ar\/sitio\/wp-content\/uploads\/WhatsApp-Image-2021-02-05-at-10.22.57-1-768x512.jpeg 768w, https:\/\/montehermoso.gov.ar\/sitio\/wp-content\/uploads\/WhatsApp-Image-2021-02-05-at-10.22.57-1.jpeg 1280w\" sizes=\"(max-width: 1024px) 100vw, 1024px\" \/><\/figure><\/li><li class=\"blocks-gallery-item\"><figure><img alt=\"\" decoding=\"async\" width=\"1024\" height=\"636\" src=\"https:\/\/montehermoso.gov.ar\/sitio\/wp-content\/uploads\/WhatsApp-Image-2021-02-05-at-10.22.12-1024x636.jpeg\" alt=\"\" data-id=\"4849\" data-full-url=\"https:\/\/montehermoso.gov.ar\/sitio\/wp-content\/uploads\/WhatsApp-Image-2021-02-05-at-10.22.12.jpeg\" data-link=\"https:\/\/montehermoso.gov.ar\/sitio\/?attachment_id=4849#main\" class=\"wp-image-4849\" srcset=\"https:\/\/montehermoso.gov.ar\/sitio\/wp-content\/uploads\/WhatsApp-Image-2021-02-05-at-10.22.12-1024x636.jpeg 1024w, https:\/\/montehermoso.gov.ar\/sitio\/wp-content\/uploads\/WhatsApp-Image-2021-02-05-at-10.22.12-300x186.jpeg 300w, https:\/\/montehermoso.gov.ar\/sitio\/wp-content\/uploads\/WhatsApp-Image-2021-02-05-at-10.22.12-768x477.jpeg 768w, https:\/\/montehermoso.gov.ar\/sitio\/wp-content\/uploads\/WhatsApp-Image-2021-02-05-at-10.22.12.jpeg 1280w\" sizes=\"(max-width: 1024px) 100vw, 1024px\" \/><\/figure><\/li><li class=\"blocks-gallery-item\"><figure><img alt=\"\" decoding=\"async\" width=\"1024\" height=\"704\" src=\"https:\/\/montehermoso.gov.ar\/sitio\/wp-content\/uploads\/WhatsApp-Image-2021-02-05-at-10.22.11-1024x704.jpeg\" alt=\"\" data-id=\"4850\" data-full-url=\"https:\/\/montehermoso.gov.ar\/sitio\/wp-content\/uploads\/WhatsApp-Image-2021-02-05-at-10.22.11.jpeg\" data-link=\"https:\/\/montehermoso.gov.ar\/sitio\/?attachment_id=4850#main\" class=\"wp-image-4850\" srcset=\"https:\/\/montehermoso.gov.ar\/sitio\/wp-content\/uploads\/WhatsApp-Image-2021-02-05-at-10.22.11-1024x704.jpeg 1024w, https:\/\/montehermoso.gov.ar\/sitio\/wp-content\/uploads\/WhatsApp-Image-2021-02-05-at-10.22.11-300x206.jpeg 300w, https:\/\/montehermoso.gov.ar\/sitio\/wp-content\/uploads\/WhatsApp-Image-2021-02-05-at-10.22.11-768x528.jpeg 768w, https:\/\/montehermoso.gov.ar\/sitio\/wp-content\/uploads\/WhatsApp-Image-2021-02-05-at-10.22.11.jpeg 1280w\" sizes=\"(max-width: 1024px) 100vw, 1024px\" \/><\/figure><\/li><\/ul><\/figure>\n","protected":false},"excerpt":{"rendered":"<p>#Gesti\u00f3n El jefe comunal Alejandro Dichiara se reuni\u00f3 ayer con los ministros nacionales de Desarrollo Territorial y H\u00e1bitat, Jorge Ferraresi, para articular pol\u00edticas relacionadas a la situaci\u00f3n habitacional y con el de Obras P\u00fablicas, Gabriel Katopodis, para refrendar el convenio de ejecuci\u00f3n de la primera etapa de la obra \u201cDesarrollo Urbano Costero\u201d que incluir\u00e1 pavimentaci\u00f3n &#8230; <a title=\"El Intendente se reuni\u00f3 con Ministros de Naci\u00f3n por la renovaci\u00f3n del frente costero y viviendas\" class=\"read-more\" href=\"https:\/\/montehermoso.gov.ar\/sitio\/el-intendente-se-reunio-con-ministros-de-nacion-por-la-renovacion-del-frente-costero-y-viviendas\/\" aria-label=\"Leer m\u00e1s sobre El Intendente se reuni\u00f3 con Ministros de Naci\u00f3n por la renovaci\u00f3n del frente costero y viviendas\">Leer m\u00e1s<\/a><\/p>\n","protected":false},"author":3,"featured_media":4848,"comment_status":"closed","ping_status":"closed","sticky":false,"template":"","format":"standard","meta":{"_seopress_titles_title":"","_seopress_titles_desc":"","_seopress_robots_index":"","_seopress_robots_follow":"","_seopress_robots_imageindex":"","_seopress_robots_snippet":"","_seopress_robots_primary_cat":"","_seopress_robots_breadcrumbs":"","_seopress_robots_freeze_modified_date":"","_seopress_robots_custom_modified_date":"","_seopress_robots_canonical":"","_seopress_social_fb_title":"","_seopress_social_fb_desc":"","_seopress_social_fb_img":"","_seopress_social_fb_img_attachment_id":0,"_seopress_social_fb_img_width":0,"_seopress_social_fb_img_height":0,"_seopress_social_twitter_title":"","_seopress_social_twitter_desc":"","_seopress_social_twitter_img":"","_seopress_social_twitter_img_attachment_id":0,"_seopress_social_twitter_img_width":0,"_seopress_social_twitter_img_height":0,"_seopress_redirections_value":"","_seopress_redirections_enabled":"","_seopress_redirections_enabled_regex":"","_seopress_redirections_logged_status":"","_seopress_redirections_param":"","_seopress_redirections_type":0,"_seopress_analysis_target_kw":"","_joinchat":[],"footnotes":""},"categories":[5,70,71],"tags":[],"class_list":["post-4846","post","type-post","status-publish","format-standard","has-post-thumbnail","hentry","category-gobierno","category-planeamiento-ambiental","category-vivienda-y-habitat"],"_links":{"self":[{"href":"https:\/\/montehermoso.gov.ar\/sitio\/wp-json\/wp\/v2\/posts\/4846","targetHints":{"allow":["GET"]}}],"collection":[{"href":"https:\/\/montehermoso.gov.ar\/sitio\/wp-json\/wp\/v2\/posts"}],"about":[{"href":"https:\/\/montehermoso.gov.ar\/sitio\/wp-json\/wp\/v2\/types\/post"}],"author":[{"embeddable":true,"href":"https:\/\/montehermoso.gov.ar\/sitio\/wp-json\/wp\/v2\/users\/3"}],"replies":[{"embeddable":true,"href":"https:\/\/montehermoso.gov.ar\/sitio\/wp-json\/wp\/v2\/comments?post=4846"}],"version-history":[{"count":0,"href":"https:\/\/montehermoso.gov.ar\/sitio\/wp-json\/wp\/v2\/posts\/4846\/revisions"}],"wp:featuredmedia":[{"embeddable":true,"href":"https:\/\/montehermoso.gov.ar\/sitio\/wp-json\/wp\/v2\/media\/4848"}],"wp:attachment":[{"href":"https:\/\/montehermoso.gov.ar\/sitio\/wp-json\/wp\/v2\/media?parent=4846"}],"wp:term":[{"taxonomy":"category","embeddable":true,"href":"https:\/\/montehermoso.gov.ar\/sitio\/wp-json\/wp\/v2\/categories?post=4846"},{"taxonomy":"post_tag","embeddable":true,"href":"https:\/\/montehermoso.gov.ar\/sitio\/wp-json\/wp\/v2\/tags?post=4846"}],"curies":[{"name":"wp","href":"https:\/\/api.w.org\/{rel}","templated":true}]}}