{"id":28551,"date":"2026-09-04T12:53:49","date_gmt":"2026-09-04T15:53:49","guid":{"rendered":"https:\/\/montehermoso.gov.ar\/sitio\/?p=28551"},"modified":"2026-09-04T12:53:50","modified_gmt":"2026-09-04T15:53:50","slug":"numerosa-presencia-local-en-los-seleccionados-de-la-asociacion-bahiense-de-hockey","status":"publish","type":"post","link":"https:\/\/montehermoso.gov.ar\/sitio\/numerosa-presencia-local-en-los-seleccionados-de-la-asociacion-bahiense-de-hockey\/","title":{"rendered":"Numerosa presencia local en los seleccionados de la Asociaci\u00f3n Bahiense de Hockey\u00a0"},"content":{"rendered":"\n<p class=\"wp-block-paragraph\">Monte Hermoso reafirma una vez m\u00e1s su compromiso con el deporte como pol\u00edtica de Estado, destac\u00e1ndose por el constante crecimiento, la formaci\u00f3n integral de sus atletas y el desarrollo de infraestructura de primer nivel que permite a las y los j\u00f3venes proyectarse a nivel regional, provincial y nacional.\u00a0<br>\u00a0<br>En esta oportunidad, el hockey local vuelve a brillar con una destacada convocatoria de jugadores y jugadoras que forman parte de los seleccionados Sub-16 de la Asociaci\u00f3n Bahiense de Hockey (ABH).\u00a0<\/p>\n\n\n\n<p class=\"wp-block-paragraph\">Este logro no es casualidad, sino el reflejo de una gesti\u00f3n sostenida que prioriza la inversi\u00f3n en espacios adecuados, el acompa\u00f1amiento permanente a las instituciones y el est\u00edmulo al esfuerzo de cada deportista. \u00a0<br><br>Gracias a estas oportunidades y al trabajo cotidiano en el \u00e1mbito local, una decena de representantes montehermose\u00f1os se gan\u00f3 un lugar en las listas oficiales para representar con orgullo a la regi\u00f3n en el Campeonato Argentino B Sub 16 Damas (del 3 al 6 septiembre), que se est\u00e1 disputando en la Cancha de Agua de nuestro Polideportivo Municipal y el de Caballeros, quienes se encuentran compitiendo en Rosario.\u00a0<br><br>Ellas y ellos son: Eva Arranz, Quimey Plaza, Catalina Hern\u00e1ndez, Uma Piedrabuena , Dami\u00e1n Ezequiel Aban, Ciro Gast\u00f3n Pr\u00e1tula, Tiziano L\u00f3pez, Jerem\u00edas Gallego, Jano Martin y Valent\u00edn S\u00e1nchez.\u00a0<\/p>\n\n\n\n<p class=\"wp-block-paragraph\">Este hito se suma al historial deportivo de Monte Hermoso, que a lo largo de los a\u00f1os ha demostrado un rendimiento sobresaliente en las distintas disciplinas y competencias en las que se presenta, aportando figuras que integraron o integran planteles de selecciones nacionales \u00a0y consolidando a la ciudad como un polo deportivo de referencia.\u00a0<br>Desde el municipio celebramos el compromiso, la disciplina y la pasi\u00f3n de cada uno de estos j\u00f3venes, as\u00ed como el de sus familias y entrenadores, reafirmando que seguir apostando al deporte es construir m\u00e1s y mejor presente y futuro.\u00a0<\/p>\n\n\n\n<figure class=\"wp-block-image size-large\"><img alt=\"\" fetchpriority=\"high\" decoding=\"async\" width=\"1024\" height=\"427\" src=\"https:\/\/montehermoso.gov.ar\/sitio\/wp-content\/uploads\/Seleccion_Sub16_10_Final_Damian_Alineado.jpg-1024x427.jpeg\" alt=\"\" class=\"wp-image-28552\" srcset=\"https:\/\/montehermoso.gov.ar\/sitio\/wp-content\/uploads\/Seleccion_Sub16_10_Final_Damian_Alineado.jpg-1024x427.jpeg 1024w, https:\/\/montehermoso.gov.ar\/sitio\/wp-content\/uploads\/Seleccion_Sub16_10_Final_Damian_Alineado.jpg-768x320.jpeg 768w, https:\/\/montehermoso.gov.ar\/sitio\/wp-content\/uploads\/Seleccion_Sub16_10_Final_Damian_Alineado.jpg-300x125.jpeg 300w, https:\/\/montehermoso.gov.ar\/sitio\/wp-content\/uploads\/Seleccion_Sub16_10_Final_Damian_Alineado.jpg-scaled.jpeg 1280w\" sizes=\"(max-width: 1024px) 100vw, 1024px\" \/><\/figure>\n\n\n\n<figure class=\"wp-block-image size-large\"><img alt=\"\" decoding=\"async\" width=\"1024\" height=\"576\" src=\"https:\/\/montehermoso.gov.ar\/sitio\/wp-content\/uploads\/WhatsApp-Image-2026-09-04-at-12.30.41-PM-1024x576.jpeg\" alt=\"\" class=\"wp-image-28553\" srcset=\"https:\/\/montehermoso.gov.ar\/sitio\/wp-content\/uploads\/WhatsApp-Image-2026-09-04-at-12.30.41-PM-1024x576.jpeg 1024w, https:\/\/montehermoso.gov.ar\/sitio\/wp-content\/uploads\/WhatsApp-Image-2026-09-04-at-12.30.41-PM-300x169.jpeg 300w, https:\/\/montehermoso.gov.ar\/sitio\/wp-content\/uploads\/WhatsApp-Image-2026-09-04-at-12.30.41-PM-768x432.jpeg 768w, https:\/\/montehermoso.gov.ar\/sitio\/wp-content\/uploads\/WhatsApp-Image-2026-09-04-at-12.30.41-PM.jpeg 1280w\" sizes=\"(max-width: 1024px) 100vw, 1024px\" \/><\/figure>\n","protected":false},"excerpt":{"rendered":"<p>Monte Hermoso reafirma una vez m\u00e1s su compromiso con el deporte como pol\u00edtica de Estado, destac\u00e1ndose por el constante crecimiento, la formaci\u00f3n integral de sus atletas y el desarrollo de infraestructura de primer nivel que permite a las y los j\u00f3venes proyectarse a nivel regional, provincial y nacional.\u00a0\u00a0En esta oportunidad, el hockey local vuelve a &#8230; <a title=\"Numerosa presencia local en los seleccionados de la Asociaci\u00f3n Bahiense de Hockey\u00a0\" class=\"read-more\" href=\"https:\/\/montehermoso.gov.ar\/sitio\/numerosa-presencia-local-en-los-seleccionados-de-la-asociacion-bahiense-de-hockey\/\" aria-label=\"Leer m\u00e1s sobre Numerosa presencia local en los seleccionados de la Asociaci\u00f3n Bahiense de Hockey\u00a0\">Leer m\u00e1s<\/a><\/p>\n","protected":false},"author":8,"featured_media":28552,"comment_status":"closed","ping_status":"closed","sticky":false,"template":"","format":"standard","meta":{"_seopress_titles_title":"","_seopress_titles_desc":"","_seopress_robots_index":"","_seopress_robots_follow":"","_seopress_robots_imageindex":"","_seopress_robots_snippet":"","_seopress_robots_primary_cat":"","_seopress_robots_breadcrumbs":"","_seopress_robots_freeze_modified_date":"","_seopress_robots_custom_modified_date":"","_seopress_robots_canonical":"","_seopress_social_fb_title":"","_seopress_social_fb_desc":"","_seopress_social_fb_img":"","_seopress_social_fb_img_attachment_id":0,"_seopress_social_fb_img_width":0,"_seopress_social_fb_img_height":0,"_seopress_social_twitter_title":"","_seopress_social_twitter_desc":"","_seopress_social_twitter_img":"","_seopress_social_twitter_img_attachment_id":0,"_seopress_social_twitter_img_width":0,"_seopress_social_twitter_img_height":0,"_seopress_redirections_value":"","_seopress_redirections_enabled":"","_seopress_redirections_enabled_regex":"","_seopress_redirections_logged_status":"","_seopress_redirections_param":"","_seopress_redirections_type":0,"_seopress_analysis_target_kw":"","_joinchat":[],"footnotes":""},"categories":[537,2,251,285],"tags":[],"class_list":["post-28551","post","type-post","status-publish","format-standard","has-post-thumbnail","hentry","category-deporte","category-deportes","category-infraestructura","category-politicas-publicas"],"_links":{"self":[{"href":"https:\/\/montehermoso.gov.ar\/sitio\/wp-json\/wp\/v2\/posts\/28551","targetHints":{"allow":["GET"]}}],"collection":[{"href":"https:\/\/montehermoso.gov.ar\/sitio\/wp-json\/wp\/v2\/posts"}],"about":[{"href":"https:\/\/montehermoso.gov.ar\/sitio\/wp-json\/wp\/v2\/types\/post"}],"author":[{"embeddable":true,"href":"https:\/\/montehermoso.gov.ar\/sitio\/wp-json\/wp\/v2\/users\/8"}],"replies":[{"embeddable":true,"href":"https:\/\/montehermoso.gov.ar\/sitio\/wp-json\/wp\/v2\/comments?post=28551"}],"version-history":[{"count":1,"href":"https:\/\/montehermoso.gov.ar\/sitio\/wp-json\/wp\/v2\/posts\/28551\/revisions"}],"predecessor-version":[{"id":28554,"href":"https:\/\/montehermoso.gov.ar\/sitio\/wp-json\/wp\/v2\/posts\/28551\/revisions\/28554"}],"wp:featuredmedia":[{"embeddable":true,"href":"https:\/\/montehermoso.gov.ar\/sitio\/wp-json\/wp\/v2\/media\/28552"}],"wp:attachment":[{"href":"https:\/\/montehermoso.gov.ar\/sitio\/wp-json\/wp\/v2\/media?parent=28551"}],"wp:term":[{"taxonomy":"category","embeddable":true,"href":"https:\/\/montehermoso.gov.ar\/sitio\/wp-json\/wp\/v2\/categories?post=28551"},{"taxonomy":"post_tag","embeddable":true,"href":"https:\/\/montehermoso.gov.ar\/sitio\/wp-json\/wp\/v2\/tags?post=28551"}],"curies":[{"name":"wp","href":"https:\/\/api.w.org\/{rel}","templated":true}]}}