{"id":28537,"date":"2026-09-04T10:10:09","date_gmt":"2026-09-04T13:10:09","guid":{"rendered":"https:\/\/montehermoso.gov.ar\/sitio\/?p=28537"},"modified":"2026-09-04T10:10:10","modified_gmt":"2026-09-04T13:10:10","slug":"nuevo-sentido-de-circulacion-y-estacionamiento-en-tramos-de-patagonia-dufaur-y-la-rioja","status":"publish","type":"post","link":"https:\/\/montehermoso.gov.ar\/sitio\/nuevo-sentido-de-circulacion-y-estacionamiento-en-tramos-de-patagonia-dufaur-y-la-rioja\/","title":{"rendered":"Nuevo sentido de circulaci\u00f3n y estacionamiento en tramos de Patagonia, Dufaur y La Rioja"},"content":{"rendered":"\n<p class=\"wp-block-paragraph\">Con la colocaci\u00f3n de la se\u00f1al\u00e9tica correspondiente entr\u00f3 en vigencia la nueva normativa vial, seg\u00fan Ordenanza N\u00b0 3601, destinada a ordenar el tr\u00e1nsito, mejorar la seguridad y optimizar los espacios en la ciudad.<\/p>\n\n\n\n<p class=\"wp-block-paragraph\">Conoc\u00e9 los cambios calle por calle:<\/p>\n\n\n\n<p class=\"wp-block-paragraph\">CALLE PATAGONIA<br>Sentido \u00fanico: De Sur a Norte (del 0 al 899, entre Av. Costanera y Felipe Deluster).<br>Estacionamiento por tramos:<br>*Del 0 al 399 (e\/ Av. Costanera &#8211; Av. Bah\u00eda Blanca): Mano Oeste lineal \/ Mano Este a 45\u00b0.<br>*Del 400 al 799 (e\/ Av. Bah\u00eda Blanca &#8211; San Mart\u00edn): Mano Oeste a 45\u00b0 \/ Mano Este lineal.<br>*Del 800 al 899 (e\/ San Mart\u00edn &#8211; Felipe Deluster): ambas manos lineal.<\/p>\n\n\n\n<p class=\"wp-block-paragraph\">CALLE ESTEBAN DUFAUR<br>Sentido \u00fanico: De Norte a Sur (desde Felipe Deluster hasta Faro Recalada).<br>Estacionamiento por tramos:<br>*De Felipe Deluster a Av. San Mart\u00edn: Ambas manos lineal.<br>*De Av. San Mart\u00edn a Av. N. Fossaty: Mano Oeste lineal.<\/p>\n\n\n\n<p class=\"wp-block-paragraph\">CALLE LA RIOJA<br>Sentido \u00fanico: de Norte a Sur (entre el 700 y el 800).<\/p>\n\n\n\n<p class=\"wp-block-paragraph\">Record\u00e1 circular con precauci\u00f3n y respetar la nueva carteler\u00eda. Entre todos hacemos un tr\u00e1nsito m\u00e1s seguro.<\/p>\n\n\n\n<figure class=\"wp-block-image size-large\"><img alt=\"\" fetchpriority=\"high\" decoding=\"async\" width=\"1024\" height=\"682\" src=\"https:\/\/montehermoso.gov.ar\/sitio\/wp-content\/uploads\/WhatsApp-Image-2026-09-04-at-10.02.52-1-1024x682.jpeg\" alt=\"\" class=\"wp-image-28540\" srcset=\"https:\/\/montehermoso.gov.ar\/sitio\/wp-content\/uploads\/WhatsApp-Image-2026-09-04-at-10.02.52-1-1024x682.jpeg 1024w, https:\/\/montehermoso.gov.ar\/sitio\/wp-content\/uploads\/WhatsApp-Image-2026-09-04-at-10.02.52-1-300x200.jpeg 300w, https:\/\/montehermoso.gov.ar\/sitio\/wp-content\/uploads\/WhatsApp-Image-2026-09-04-at-10.02.52-1-767x511.jpeg 767w, https:\/\/montehermoso.gov.ar\/sitio\/wp-content\/uploads\/WhatsApp-Image-2026-09-04-at-10.02.52-1.jpeg 1280w\" sizes=\"(max-width: 1024px) 100vw, 1024px\" \/><\/figure>\n\n\n\n<figure class=\"wp-block-image size-large\"><img alt=\"\" decoding=\"async\" width=\"1024\" height=\"682\" src=\"https:\/\/montehermoso.gov.ar\/sitio\/wp-content\/uploads\/WhatsApp-Image-2026-09-04-at-10.02.52-2-1024x682.jpeg\" alt=\"\" class=\"wp-image-28542\" srcset=\"https:\/\/montehermoso.gov.ar\/sitio\/wp-content\/uploads\/WhatsApp-Image-2026-09-04-at-10.02.52-2-1024x682.jpeg 1024w, https:\/\/montehermoso.gov.ar\/sitio\/wp-content\/uploads\/WhatsApp-Image-2026-09-04-at-10.02.52-2-300x200.jpeg 300w, https:\/\/montehermoso.gov.ar\/sitio\/wp-content\/uploads\/WhatsApp-Image-2026-09-04-at-10.02.52-2-767x511.jpeg 767w, https:\/\/montehermoso.gov.ar\/sitio\/wp-content\/uploads\/WhatsApp-Image-2026-09-04-at-10.02.52-2.jpeg 1280w\" sizes=\"(max-width: 1024px) 100vw, 1024px\" \/><\/figure>\n","protected":false},"excerpt":{"rendered":"<p>Con la colocaci\u00f3n de la se\u00f1al\u00e9tica correspondiente entr\u00f3 en vigencia la nueva normativa vial, seg\u00fan Ordenanza N\u00b0 3601, destinada a ordenar el tr\u00e1nsito, mejorar la seguridad y optimizar los espacios en la ciudad. Conoc\u00e9 los cambios calle por calle: CALLE PATAGONIASentido \u00fanico: De Sur a Norte (del 0 al 899, entre Av. Costanera y Felipe &#8230; <a title=\"Nuevo sentido de circulaci\u00f3n y estacionamiento en tramos de Patagonia, Dufaur y La Rioja\" class=\"read-more\" href=\"https:\/\/montehermoso.gov.ar\/sitio\/nuevo-sentido-de-circulacion-y-estacionamiento-en-tramos-de-patagonia-dufaur-y-la-rioja\/\" aria-label=\"Leer m\u00e1s sobre Nuevo sentido de circulaci\u00f3n y estacionamiento en tramos de Patagonia, Dufaur y La Rioja\">Leer m\u00e1s<\/a><\/p>\n","protected":false},"author":8,"featured_media":28539,"comment_status":"closed","ping_status":"closed","sticky":false,"template":"","format":"standard","meta":{"_seopress_titles_title":"","_seopress_titles_desc":"","_seopress_robots_index":"","_seopress_robots_follow":"","_seopress_robots_imageindex":"","_seopress_robots_snippet":"","_seopress_robots_primary_cat":"","_seopress_robots_breadcrumbs":"","_seopress_robots_freeze_modified_date":"","_seopress_robots_custom_modified_date":"","_seopress_robots_canonical":"","_seopress_social_fb_title":"","_seopress_social_fb_desc":"","_seopress_social_fb_img":"","_seopress_social_fb_img_attachment_id":0,"_seopress_social_fb_img_width":0,"_seopress_social_fb_img_height":0,"_seopress_social_twitter_title":"","_seopress_social_twitter_desc":"","_seopress_social_twitter_img":"","_seopress_social_twitter_img_attachment_id":0,"_seopress_social_twitter_img_width":0,"_seopress_social_twitter_img_height":0,"_seopress_redirections_value":"","_seopress_redirections_enabled":"","_seopress_redirections_enabled_regex":"","_seopress_redirections_logged_status":"","_seopress_redirections_param":"","_seopress_redirections_type":0,"_seopress_analysis_target_kw":"","_joinchat":[],"footnotes":""},"categories":[57],"tags":[402,454],"class_list":["post-28537","post","type-post","status-publish","format-standard","has-post-thumbnail","hentry","category-seguridad","tag-seguridad","tag-transito"],"_links":{"self":[{"href":"https:\/\/montehermoso.gov.ar\/sitio\/wp-json\/wp\/v2\/posts\/28537","targetHints":{"allow":["GET"]}}],"collection":[{"href":"https:\/\/montehermoso.gov.ar\/sitio\/wp-json\/wp\/v2\/posts"}],"about":[{"href":"https:\/\/montehermoso.gov.ar\/sitio\/wp-json\/wp\/v2\/types\/post"}],"author":[{"embeddable":true,"href":"https:\/\/montehermoso.gov.ar\/sitio\/wp-json\/wp\/v2\/users\/8"}],"replies":[{"embeddable":true,"href":"https:\/\/montehermoso.gov.ar\/sitio\/wp-json\/wp\/v2\/comments?post=28537"}],"version-history":[{"count":1,"href":"https:\/\/montehermoso.gov.ar\/sitio\/wp-json\/wp\/v2\/posts\/28537\/revisions"}],"predecessor-version":[{"id":28543,"href":"https:\/\/montehermoso.gov.ar\/sitio\/wp-json\/wp\/v2\/posts\/28537\/revisions\/28543"}],"wp:featuredmedia":[{"embeddable":true,"href":"https:\/\/montehermoso.gov.ar\/sitio\/wp-json\/wp\/v2\/media\/28539"}],"wp:attachment":[{"href":"https:\/\/montehermoso.gov.ar\/sitio\/wp-json\/wp\/v2\/media?parent=28537"}],"wp:term":[{"taxonomy":"category","embeddable":true,"href":"https:\/\/montehermoso.gov.ar\/sitio\/wp-json\/wp\/v2\/categories?post=28537"},{"taxonomy":"post_tag","embeddable":true,"href":"https:\/\/montehermoso.gov.ar\/sitio\/wp-json\/wp\/v2\/tags?post=28537"}],"curies":[{"name":"wp","href":"https:\/\/api.w.org\/{rel}","templated":true}]}}