{"id":28527,"date":"2026-09-03T12:27:48","date_gmt":"2026-09-03T15:27:48","guid":{"rendered":"https:\/\/montehermoso.gov.ar\/sitio\/?p=28527"},"modified":"2026-09-03T12:28:01","modified_gmt":"2026-09-03T15:28:01","slug":"septiembre-mes-de-la-prevencion-del-suicidio","status":"publish","type":"post","link":"https:\/\/montehermoso.gov.ar\/sitio\/septiembre-mes-de-la-prevencion-del-suicidio\/","title":{"rendered":"Septiembre: Mes de la prevenci\u00f3n del suicidio"},"content":{"rendered":"\n<p class=\"wp-block-paragraph\">\u00bfConoc\u00e9s los dispositivos destinados a la salud mental y prevenci\u00f3n que ofrece el municipio?<br>Septiembre invita a poner el foco en la salud mental y en la importancia de detectar se\u00f1ales de alerta, brindar contenci\u00f3n y generar espacios donde hablar sea posible.<\/p>\n\n\n\n<p class=\"wp-block-paragraph\">Hablar sobre el suicidio de manera responsable no significa promoverlo, sino contribuir a que el tema deje de ser un tab\u00fa y facilitar que quienes necesitan ayuda puedan acceder a ella.<\/p>\n\n\n\n<p class=\"wp-block-paragraph\">El sistema p\u00fablico de salud de Monte Hermoso consolid\u00f3 su estructura asistencial mediante la ampliaci\u00f3n de sus equipos, la capacitaci\u00f3n intersectorial continua y la implementaci\u00f3n de talleres de revinculaci\u00f3n socio-comunitaria.<br>Los dispositivos de salud mental en la localidad est\u00e1n integrados en una red p\u00fablica provincial y municipal, coordinada bajo los lineamientos de la Ley Nacional de Salud Mental N\u00b0 26.657, combinando la atenci\u00f3n primaria, comunitaria y de urgencia dentro de la Regi\u00f3n Sanitaria I de la Provincia de Buenos Aires.<\/p>\n\n\n\n<p class=\"wp-block-paragraph\">A continuaci\u00f3n, se detalla la informaci\u00f3n institucional completa de los recursos, equipos profesionales y actividades disponibles en el \u00e1mbito municipal:<br>Dispositivos estatales y comunitarios de Salud Mental<\/p>\n\n\n\n<ul class=\"wp-block-list\">\n<li>Espacio de Escucha Psicol\u00f3gica para Adolescentes de 12 a 18 a\u00f1os: Dispositivo municipal de atenci\u00f3n gratuita que funciona en el CAPS San Mart\u00edn (San Mart\u00edn y R\u00edo Atuel) todos los jueves de 12 a 13 hs. para otorgar contenci\u00f3n y orientaci\u00f3n temprana a los j\u00f3venes.<\/li>\n\n\n\n<li>Consultorio Amigable para Adolescentes: Funciona los jueves de 13:00 a 15:00 hs en el CAPS San Mart\u00edn como un dispositivo de demanda espont\u00e1nea y sin turno previo para consultas confidenciales sobre salud mental, consumos problem\u00e1ticos y salud sexual.<\/li>\n\n\n\n<li>Consultorio de Abordaje de Consumos Problem\u00e1ticos: Espacio de escucha, orientaci\u00f3n y acompa\u00f1amiento municipal. Funciona los jueves de 17:00 a 18:30 hs en el CAPS San Mart\u00edn (Av. San Mart\u00edn y R\u00edo Atuel) \u2013 Contacto: 291-578-6086.<\/li>\n\n\n\n<li>Consultorio de Acompa\u00f1amiento para Familias: Espacio de escucha, orientaci\u00f3n y acompa\u00f1amiento para quienes conviven o acompa\u00f1an a una persona con consumos problem\u00e1ticos. Funciona los mi\u00e9rcoles de 15:30 a 16:30 hs en la Delegaci\u00f3n Barrio Esperanza \u2013 Contacto: 291-578-6086.<\/li>\n\n\n\n<li>Centro de D\u00eda \u00abSol Naciente\u00bb: Espacio central ubicado en Deluster y Av. Alfons\u00edn donde se llevan a cabo de manera regular talleres recreativos, productivos e informativos orientados a la contenci\u00f3n y autonom\u00eda de los vecinos que transitan problem\u00e1ticas de salud mental o consumos.<\/li>\n\n\n\n<li>Hospital Municipal Dr. Ram\u00f3n Carrillo: Ubicado en Puerto Madryn 1100, centraliza la atenci\u00f3n de emergencias m\u00e9dicas y la derivaci\u00f3n de crisis agudas de salud mental en articulaci\u00f3n con el Hospital Modular.<\/li>\n\n\n\n<li>Centro Provincial de Atenci\u00f3n en Salud Mental (CPA): Dispositivo especializado de la Provincia de Buenos Aires enfocado en salud mental y abordaje de consumos problem\u00e1ticos. Ofrece tratamiento ambulatorio, asesoramiento y talleres comunitarios en su sede de Felipe Deluster y Dr. Ra\u00fal R. Alfons\u00edn.<\/li>\n<\/ul>\n\n\n\n<p class=\"wp-block-paragraph\">Acciones, jornadas y actividades integradoras socio-comunitarias<\/p>\n\n\n\n<ul class=\"wp-block-list\">\n<li>Aumento de profesionales: Frente al sostenido incremento de la demanda epidemiol\u00f3gica regional, el municipio sum\u00f3 recursos en psiquiatr\u00eda y psicolog\u00eda para robustecer las consultas en el hospital y descentralizar la atenci\u00f3n hacia la periferia mediante los CAPS y dispositivos provinciales combinados.<\/li>\n\n\n\n<li>Conformaci\u00f3n del Equipo de Salud Mental que funciona de manera interdisciplinaria para garantizar el abordaje psicoterap\u00e9utico ambulatorio y el soporte ante urgencias.<\/li>\n\n\n\n<li>Jornadas de Salud Mental (3\u00b0 a\u00f1o consecutivo): Organizadas por la Secretar\u00eda de Salud y el equipo del Hospital Carrillo, constituyen un espacio clave de actualizaci\u00f3n y debate t\u00e9cnico con ejes en infancias y adolescencias, entornos digitales y articulaci\u00f3n regional junto a instituciones como la EOL Antena Bah\u00eda Blanca, profesionales del Hospital Penna y el Colegio de Psic\u00f3logos.<\/li>\n\n\n\n<li>Semana de la Salud Mental \u00abConstruyendo Lazos\u00bb: Programa anual de intervenciones abiertas que articula actividades entre pacientes, familias y la comunidad general, incluyendo talleres recreativos y de expresi\u00f3n en el Centro de D\u00eda, jornadas de visibilizaci\u00f3n y deportes comunitarios en el Play\u00f3n del Barrio Esperanza, e intervenciones art\u00edsticas colectivas con murales comunitarios.<\/li>\n\n\n\n<li>Dispositivos de demanda espont\u00e1nea para j\u00f3venes: Actividades integradoras y preventivas en el \u00e1mbito escolar y comunitario dirigidas a la detecci\u00f3n temprana de problem\u00e1ticas emocionales y ansiosas.<\/li>\n<\/ul>\n\n\n\n<p class=\"wp-block-paragraph\">Desde los distintos \u00e1mbitos de la comunidad se promueve la importancia de fortalecer las redes de apoyo y recordar que pedir ayuda es un acto de cuidado. Si una persona atraviesa una situaci\u00f3n de crisis o siente que podr\u00eda hacerse da\u00f1o, es fundamental buscar ayuda profesional o acudir de inmediato a los servicios de emergencia o al centro de salud cercano<\/p>\n\n\n\n<figure class=\"wp-block-image size-full\"><img alt=\"\" fetchpriority=\"high\" decoding=\"async\" width=\"1024\" height=\"1024\" src=\"https:\/\/montehermoso.gov.ar\/sitio\/wp-content\/uploads\/WhatsApp-Image-2026-09-03-at-11.54.52-1.jpeg\" alt=\"\" class=\"wp-image-28532\" srcset=\"https:\/\/montehermoso.gov.ar\/sitio\/wp-content\/uploads\/WhatsApp-Image-2026-09-03-at-11.54.52-1.jpeg 1024w, https:\/\/montehermoso.gov.ar\/sitio\/wp-content\/uploads\/WhatsApp-Image-2026-09-03-at-11.54.52-1-150x150.jpeg 150w, https:\/\/montehermoso.gov.ar\/sitio\/wp-content\/uploads\/WhatsApp-Image-2026-09-03-at-11.54.52-1-300x300.jpeg 300w, https:\/\/montehermoso.gov.ar\/sitio\/wp-content\/uploads\/WhatsApp-Image-2026-09-03-at-11.54.52-1-768x768.jpeg 768w\" sizes=\"(max-width: 1024px) 100vw, 1024px\" \/><\/figure>\n","protected":false},"excerpt":{"rendered":"<p>\u00bfConoc\u00e9s los dispositivos destinados a la salud mental y prevenci\u00f3n que ofrece el municipio?Septiembre invita a poner el foco en la salud mental y en la importancia de detectar se\u00f1ales de alerta, brindar contenci\u00f3n y generar espacios donde hablar sea posible. Hablar sobre el suicidio de manera responsable no significa promoverlo, sino contribuir a que &#8230; <a title=\"Septiembre: Mes de la prevenci\u00f3n del suicidio\" class=\"read-more\" href=\"https:\/\/montehermoso.gov.ar\/sitio\/septiembre-mes-de-la-prevencion-del-suicidio\/\" aria-label=\"Leer m\u00e1s sobre Septiembre: Mes de la prevenci\u00f3n del suicidio\">Leer m\u00e1s<\/a><\/p>\n","protected":false},"author":8,"featured_media":28531,"comment_status":"closed","ping_status":"closed","sticky":false,"template":"","format":"standard","meta":{"_seopress_titles_title":"","_seopress_titles_desc":"","_seopress_robots_index":"","_seopress_robots_follow":"","_seopress_robots_imageindex":"","_seopress_robots_snippet":"","_seopress_robots_primary_cat":"","_seopress_robots_breadcrumbs":"","_seopress_robots_freeze_modified_date":"","_seopress_robots_custom_modified_date":"","_seopress_robots_canonical":"","_seopress_social_fb_title":"","_seopress_social_fb_desc":"","_seopress_social_fb_img":"","_seopress_social_fb_img_attachment_id":0,"_seopress_social_fb_img_width":0,"_seopress_social_fb_img_height":0,"_seopress_social_twitter_title":"","_seopress_social_twitter_desc":"","_seopress_social_twitter_img":"","_seopress_social_twitter_img_attachment_id":0,"_seopress_social_twitter_img_width":0,"_seopress_social_twitter_img_height":0,"_seopress_redirections_value":"","_seopress_redirections_enabled":"","_seopress_redirections_enabled_regex":"","_seopress_redirections_logged_status":"","_seopress_redirections_param":"","_seopress_redirections_type":0,"_seopress_analysis_target_kw":"","_joinchat":[],"footnotes":""},"categories":[43],"tags":[998,547,112,1492],"class_list":["post-28527","post","type-post","status-publish","format-standard","has-post-thumbnail","hentry","category-salud","tag-concientizacion","tag-prevencion","tag-salud","tag-salud-mental"],"_links":{"self":[{"href":"https:\/\/montehermoso.gov.ar\/sitio\/wp-json\/wp\/v2\/posts\/28527","targetHints":{"allow":["GET"]}}],"collection":[{"href":"https:\/\/montehermoso.gov.ar\/sitio\/wp-json\/wp\/v2\/posts"}],"about":[{"href":"https:\/\/montehermoso.gov.ar\/sitio\/wp-json\/wp\/v2\/types\/post"}],"author":[{"embeddable":true,"href":"https:\/\/montehermoso.gov.ar\/sitio\/wp-json\/wp\/v2\/users\/8"}],"replies":[{"embeddable":true,"href":"https:\/\/montehermoso.gov.ar\/sitio\/wp-json\/wp\/v2\/comments?post=28527"}],"version-history":[{"count":1,"href":"https:\/\/montehermoso.gov.ar\/sitio\/wp-json\/wp\/v2\/posts\/28527\/revisions"}],"predecessor-version":[{"id":28533,"href":"https:\/\/montehermoso.gov.ar\/sitio\/wp-json\/wp\/v2\/posts\/28527\/revisions\/28533"}],"wp:featuredmedia":[{"embeddable":true,"href":"https:\/\/montehermoso.gov.ar\/sitio\/wp-json\/wp\/v2\/media\/28531"}],"wp:attachment":[{"href":"https:\/\/montehermoso.gov.ar\/sitio\/wp-json\/wp\/v2\/media?parent=28527"}],"wp:term":[{"taxonomy":"category","embeddable":true,"href":"https:\/\/montehermoso.gov.ar\/sitio\/wp-json\/wp\/v2\/categories?post=28527"},{"taxonomy":"post_tag","embeddable":true,"href":"https:\/\/montehermoso.gov.ar\/sitio\/wp-json\/wp\/v2\/tags?post=28527"}],"curies":[{"name":"wp","href":"https:\/\/api.w.org\/{rel}","templated":true}]}}