{"id":28514,"date":"2026-09-03T11:39:50","date_gmt":"2026-09-03T14:39:50","guid":{"rendered":"https:\/\/montehermoso.gov.ar\/sitio\/?p=28514"},"modified":"2026-09-03T11:40:03","modified_gmt":"2026-09-03T14:40:03","slug":"descontaminacion-ambiental-seguridad-pba-compacto-unos-80-vehiculos-del-predio-municipal","status":"publish","type":"post","link":"https:\/\/montehermoso.gov.ar\/sitio\/descontaminacion-ambiental-seguridad-pba-compacto-unos-80-vehiculos-del-predio-municipal\/","title":{"rendered":"Descontaminaci\u00f3n ambiental: Seguridad PBA compact\u00f3 unos 80 veh\u00edculos del predio municipal"},"content":{"rendered":"\n<p class=\"wp-block-paragraph\">En el marco de las pol\u00edticas sanitarias, ambientales y de seguridad, se concret\u00f3 un importante operativo de descontaminaci\u00f3n y compactaci\u00f3n de veh\u00edculos ubicados en el dep\u00f3sito municipal.<\/p>\n\n\n\n<p class=\"wp-block-paragraph\">La jornada permiti\u00f3 la eliminaci\u00f3n total de 22 autom\u00f3viles y 30 motocicletas judicializadas, a los que se sumaron importante cantidad de chatarra y otras 30 motos fuera de circulaci\u00f3n y en estado de degradaci\u00f3n.<\/p>\n\n\n\n<p class=\"wp-block-paragraph\">El procedimiento, realizado el pasado martes 1\u00b0 de septiembre, se ejecut\u00f3 mediante un trabajo coordinado con el Ministerio de Seguridad de la Provincia de Buenos Aires, organismo encargado de articular estos operativos bajo el marco normativo vigente; la Polic\u00eda Comunal y la Secretar\u00eda de Seguridad Ciudadana.<\/p>\n\n\n\n<p class=\"wp-block-paragraph\">\u201cA los veh\u00edculos judicializados y&nbsp;acumulados en el marco de causas penales y procedimientos policiales les sumamos chatarra y ciclomotores que desde hace m\u00e1s de una d\u00e9cada estaban&nbsp;en el dep\u00f3sito local\u201d cont\u00f3 el secretario Fernando Vera quien supervis\u00f3 la jornada junto a la subsecretaria del \u00e1rea, Gabriela D\u00edaz Mels y al comisario Claudio Cardozo.&nbsp;<\/p>\n\n\n\n<figure class=\"wp-block-image size-large\"><img alt=\"\" fetchpriority=\"high\" decoding=\"async\" width=\"1024\" height=\"682\" src=\"https:\/\/montehermoso.gov.ar\/sitio\/wp-content\/uploads\/WhatsApp-Image-2026-09-03-at-11.28.49-1-1024x682.jpeg\" alt=\"\" class=\"wp-image-28516\" srcset=\"https:\/\/montehermoso.gov.ar\/sitio\/wp-content\/uploads\/WhatsApp-Image-2026-09-03-at-11.28.49-1-1024x682.jpeg 1024w, https:\/\/montehermoso.gov.ar\/sitio\/wp-content\/uploads\/WhatsApp-Image-2026-09-03-at-11.28.49-1-300x200.jpeg 300w, https:\/\/montehermoso.gov.ar\/sitio\/wp-content\/uploads\/WhatsApp-Image-2026-09-03-at-11.28.49-1-767x511.jpeg 767w, https:\/\/montehermoso.gov.ar\/sitio\/wp-content\/uploads\/WhatsApp-Image-2026-09-03-at-11.28.49-1.jpeg 1280w\" sizes=\"(max-width: 1024px) 100vw, 1024px\" \/><\/figure>\n\n\n\n<figure class=\"wp-block-image size-large\"><img alt=\"\" decoding=\"async\" width=\"1024\" height=\"682\" src=\"https:\/\/montehermoso.gov.ar\/sitio\/wp-content\/uploads\/WhatsApp-Image-2026-09-03-at-11.28.49-1-1-1024x682.jpeg\" alt=\"\" class=\"wp-image-28517\" srcset=\"https:\/\/montehermoso.gov.ar\/sitio\/wp-content\/uploads\/WhatsApp-Image-2026-09-03-at-11.28.49-1-1-1024x682.jpeg 1024w, https:\/\/montehermoso.gov.ar\/sitio\/wp-content\/uploads\/WhatsApp-Image-2026-09-03-at-11.28.49-1-1-300x200.jpeg 300w, https:\/\/montehermoso.gov.ar\/sitio\/wp-content\/uploads\/WhatsApp-Image-2026-09-03-at-11.28.49-1-1-767x511.jpeg 767w, https:\/\/montehermoso.gov.ar\/sitio\/wp-content\/uploads\/WhatsApp-Image-2026-09-03-at-11.28.49-1-1.jpeg 1280w\" sizes=\"(max-width: 1024px) 100vw, 1024px\" \/><\/figure>\n\n\n\n<figure class=\"wp-block-image size-large\"><img alt=\"\" decoding=\"async\" width=\"1024\" height=\"682\" src=\"https:\/\/montehermoso.gov.ar\/sitio\/wp-content\/uploads\/WhatsApp-Image-2026-09-03-at-11.28.49-2-1024x682.jpeg\" alt=\"\" class=\"wp-image-28518\" srcset=\"https:\/\/montehermoso.gov.ar\/sitio\/wp-content\/uploads\/WhatsApp-Image-2026-09-03-at-11.28.49-2-1024x682.jpeg 1024w, https:\/\/montehermoso.gov.ar\/sitio\/wp-content\/uploads\/WhatsApp-Image-2026-09-03-at-11.28.49-2-300x200.jpeg 300w, https:\/\/montehermoso.gov.ar\/sitio\/wp-content\/uploads\/WhatsApp-Image-2026-09-03-at-11.28.49-2-767x511.jpeg 767w, https:\/\/montehermoso.gov.ar\/sitio\/wp-content\/uploads\/WhatsApp-Image-2026-09-03-at-11.28.49-2.jpeg 1280w\" sizes=\"(max-width: 1024px) 100vw, 1024px\" \/><\/figure>\n\n\n\n<figure class=\"wp-block-image size-large\"><img alt=\"\" loading=\"lazy\" decoding=\"async\" width=\"1024\" height=\"682\" src=\"https:\/\/montehermoso.gov.ar\/sitio\/wp-content\/uploads\/WhatsApp-Image-2026-09-03-at-11.28.49-3-1024x682.jpeg\" alt=\"\" class=\"wp-image-28519\" srcset=\"https:\/\/montehermoso.gov.ar\/sitio\/wp-content\/uploads\/WhatsApp-Image-2026-09-03-at-11.28.49-3-1024x682.jpeg 1024w, https:\/\/montehermoso.gov.ar\/sitio\/wp-content\/uploads\/WhatsApp-Image-2026-09-03-at-11.28.49-3-300x200.jpeg 300w, https:\/\/montehermoso.gov.ar\/sitio\/wp-content\/uploads\/WhatsApp-Image-2026-09-03-at-11.28.49-3-767x511.jpeg 767w, https:\/\/montehermoso.gov.ar\/sitio\/wp-content\/uploads\/WhatsApp-Image-2026-09-03-at-11.28.49-3.jpeg 1280w\" sizes=\"(max-width: 1024px) 100vw, 1024px\" \/><\/figure>\n\n\n\n<figure class=\"wp-block-image size-large\"><img alt=\"\" loading=\"lazy\" decoding=\"async\" width=\"1024\" height=\"682\" src=\"https:\/\/montehermoso.gov.ar\/sitio\/wp-content\/uploads\/WhatsApp-Image-2026-09-03-at-11.28.50-1-1024x682.jpeg\" alt=\"\" class=\"wp-image-28520\" srcset=\"https:\/\/montehermoso.gov.ar\/sitio\/wp-content\/uploads\/WhatsApp-Image-2026-09-03-at-11.28.50-1-1024x682.jpeg 1024w, https:\/\/montehermoso.gov.ar\/sitio\/wp-content\/uploads\/WhatsApp-Image-2026-09-03-at-11.28.50-1-300x200.jpeg 300w, https:\/\/montehermoso.gov.ar\/sitio\/wp-content\/uploads\/WhatsApp-Image-2026-09-03-at-11.28.50-1-767x511.jpeg 767w, https:\/\/montehermoso.gov.ar\/sitio\/wp-content\/uploads\/WhatsApp-Image-2026-09-03-at-11.28.50-1.jpeg 1280w\" sizes=\"(max-width: 1024px) 100vw, 1024px\" \/><\/figure>\n\n\n\n<figure class=\"wp-block-image size-large\"><img alt=\"\" loading=\"lazy\" decoding=\"async\" width=\"1024\" height=\"682\" src=\"https:\/\/montehermoso.gov.ar\/sitio\/wp-content\/uploads\/WhatsApp-Image-2026-09-03-at-11.28.50-2-1024x682.jpeg\" alt=\"\" class=\"wp-image-28521\" srcset=\"https:\/\/montehermoso.gov.ar\/sitio\/wp-content\/uploads\/WhatsApp-Image-2026-09-03-at-11.28.50-2-1024x682.jpeg 1024w, https:\/\/montehermoso.gov.ar\/sitio\/wp-content\/uploads\/WhatsApp-Image-2026-09-03-at-11.28.50-2-767x511.jpeg 767w, https:\/\/montehermoso.gov.ar\/sitio\/wp-content\/uploads\/WhatsApp-Image-2026-09-03-at-11.28.50-2-300x200.jpeg 300w, https:\/\/montehermoso.gov.ar\/sitio\/wp-content\/uploads\/WhatsApp-Image-2026-09-03-at-11.28.50-2.jpeg 1280w\" sizes=\"(max-width: 1024px) 100vw, 1024px\" \/><\/figure>\n","protected":false},"excerpt":{"rendered":"<p>En el marco de las pol\u00edticas sanitarias, ambientales y de seguridad, se concret\u00f3 un importante operativo de descontaminaci\u00f3n y compactaci\u00f3n de veh\u00edculos ubicados en el dep\u00f3sito municipal. La jornada permiti\u00f3 la eliminaci\u00f3n total de 22 autom\u00f3viles y 30 motocicletas judicializadas, a los que se sumaron importante cantidad de chatarra y otras 30 motos fuera de &#8230; <a title=\"Descontaminaci\u00f3n ambiental: Seguridad PBA compact\u00f3 unos 80 veh\u00edculos del predio municipal\" class=\"read-more\" href=\"https:\/\/montehermoso.gov.ar\/sitio\/descontaminacion-ambiental-seguridad-pba-compacto-unos-80-vehiculos-del-predio-municipal\/\" aria-label=\"Leer m\u00e1s sobre Descontaminaci\u00f3n ambiental: Seguridad PBA compact\u00f3 unos 80 veh\u00edculos del predio municipal\">Leer m\u00e1s<\/a><\/p>\n","protected":false},"author":8,"featured_media":28515,"comment_status":"closed","ping_status":"closed","sticky":false,"template":"","format":"standard","meta":{"_seopress_titles_title":"","_seopress_titles_desc":"","_seopress_robots_index":"","_seopress_robots_follow":"","_seopress_robots_imageindex":"","_seopress_robots_snippet":"","_seopress_robots_primary_cat":"","_seopress_robots_breadcrumbs":"","_seopress_robots_freeze_modified_date":"","_seopress_robots_custom_modified_date":"","_seopress_robots_canonical":"","_seopress_social_fb_title":"","_seopress_social_fb_desc":"","_seopress_social_fb_img":"","_seopress_social_fb_img_attachment_id":0,"_seopress_social_fb_img_width":0,"_seopress_social_fb_img_height":0,"_seopress_social_twitter_title":"","_seopress_social_twitter_desc":"","_seopress_social_twitter_img":"","_seopress_social_twitter_img_attachment_id":0,"_seopress_social_twitter_img_width":0,"_seopress_social_twitter_img_height":0,"_seopress_redirections_value":"","_seopress_redirections_enabled":"","_seopress_redirections_enabled_regex":"","_seopress_redirections_logged_status":"","_seopress_redirections_param":"","_seopress_redirections_type":0,"_seopress_analysis_target_kw":"","_joinchat":[],"footnotes":""},"categories":[57],"tags":[1490,1491,402],"class_list":["post-28514","post","type-post","status-publish","format-standard","has-post-thumbnail","hentry","category-seguridad","tag-dsecontaminacion-ambiental","tag-medio-ambiente","tag-seguridad"],"_links":{"self":[{"href":"https:\/\/montehermoso.gov.ar\/sitio\/wp-json\/wp\/v2\/posts\/28514","targetHints":{"allow":["GET"]}}],"collection":[{"href":"https:\/\/montehermoso.gov.ar\/sitio\/wp-json\/wp\/v2\/posts"}],"about":[{"href":"https:\/\/montehermoso.gov.ar\/sitio\/wp-json\/wp\/v2\/types\/post"}],"author":[{"embeddable":true,"href":"https:\/\/montehermoso.gov.ar\/sitio\/wp-json\/wp\/v2\/users\/8"}],"replies":[{"embeddable":true,"href":"https:\/\/montehermoso.gov.ar\/sitio\/wp-json\/wp\/v2\/comments?post=28514"}],"version-history":[{"count":1,"href":"https:\/\/montehermoso.gov.ar\/sitio\/wp-json\/wp\/v2\/posts\/28514\/revisions"}],"predecessor-version":[{"id":28522,"href":"https:\/\/montehermoso.gov.ar\/sitio\/wp-json\/wp\/v2\/posts\/28514\/revisions\/28522"}],"wp:featuredmedia":[{"embeddable":true,"href":"https:\/\/montehermoso.gov.ar\/sitio\/wp-json\/wp\/v2\/media\/28515"}],"wp:attachment":[{"href":"https:\/\/montehermoso.gov.ar\/sitio\/wp-json\/wp\/v2\/media?parent=28514"}],"wp:term":[{"taxonomy":"category","embeddable":true,"href":"https:\/\/montehermoso.gov.ar\/sitio\/wp-json\/wp\/v2\/categories?post=28514"},{"taxonomy":"post_tag","embeddable":true,"href":"https:\/\/montehermoso.gov.ar\/sitio\/wp-json\/wp\/v2\/tags?post=28514"}],"curies":[{"name":"wp","href":"https:\/\/api.w.org\/{rel}","templated":true}]}}