{"id":28482,"date":"2026-09-01T12:55:03","date_gmt":"2026-09-01T15:55:03","guid":{"rendered":"https:\/\/montehermoso.gov.ar\/sitio\/?p=28482"},"modified":"2026-09-01T12:55:07","modified_gmt":"2026-09-01T15:55:07","slug":"reunion-pre-primavera-para-coordinar-acciones-enfocadas-en-adolescencias","status":"publish","type":"post","link":"https:\/\/montehermoso.gov.ar\/sitio\/reunion-pre-primavera-para-coordinar-acciones-enfocadas-en-adolescencias\/","title":{"rendered":"Reuni\u00f3n pre Primavera para coordinar acciones enfocadas en adolescencias"},"content":{"rendered":"\n<p class=\"wp-block-paragraph\">De cara a la 32\u00b0 Fiesta Nacional de la Primavera quese celebrar\u00e1 desde el viernes 18 al domingo 20 de septiembre, tuvo lugar esta ma\u00f1ana en el Centro de Convenciones una reuni\u00f3n interdisciplinaria con referentes de las distintas \u00e1reas abocadas a la organizaci\u00f3n, prevenci\u00f3n y coordinaci\u00f3n de acciones ante situaciones que involucren adolescentes, en particular teniendo en cuenta que la edad promedio de las y los asistentes es de 15 a\u00f1os.<\/p>\n\n\n\n<p class=\"wp-block-paragraph\">Previo al evento que involucra a cientos de j\u00f3venes, y como ante cada edici\u00f3n, se trabaja coordinadamente para reforzar y garantizar la seguridad de los menores mediante la prevenci\u00f3n y regularizaci\u00f3n de controles en playa y v\u00eda p\u00fablica; adem\u00e1s repasar los protocolos a seguir en caso de ser necesario.<br>Encabezada por los secretarios de Seguridad Ciudadana, Fernando Vera; de Turismo, Franco Gentili; de Desarrollo Humano y Social, Pablo Poliotti;&nbsp; de Salud, Adri\u00e1n Ruiz y de Gobierno, Ramiro Busca; la reuni\u00f3n cont\u00f3 con referentes de \u00e1reas espec\u00edficas como Servicio Local, la Subsecretar\u00eda de la Mujer, G\u00e9nero y Diversidades, Protecci\u00f3n Civil, Monitoreo, Hospital y el equipo de Primera Infancia, Ni\u00f1ez y Adolescencia.<br>Tambi\u00e9n estuvieron presentes los Jefes de la Polic\u00eda Comunal, de la Comisar\u00eda de la Mujer, de Bomberos Voluntarios y del Hogar Convivencial Petorutti, entre otros.<br>\u00abEstas reuniones pre primavera nos permiten prepararnos con la mirada puesta en protecci\u00f3n de las y los adolescentes y coordinar la log\u00edstica entre todas las \u00e1reas para garantizar respuestas de acci\u00f3n ante cualquier eventualidad\u00bb manifest\u00f3 Fernando Vera.<\/p>\n\n\n\n<p class=\"wp-block-paragraph\">\u201cLa edad promedio de las y los asistentes nos habla de la confianza que las familias depositan en Monte Hermoso, aunque como siempre, insistimos en la importancia del acompa\u00f1amiento por parte de los adultos. Es uno de los eventos m\u00e1s masivos y trabajamos para no dejar nada al azar\u201d.<\/p>\n\n\n\n<p class=\"wp-block-paragraph\">Esta nueva edici\u00f3n vuelve a concentrar los espect\u00e1culos en la Plaza Parque con el Patio Gastron\u00f3mico, DJ\u00b4s, y la m\u00fasica en vivo de bandas regionales, de Cruzando el Charco el d\u00eda s\u00e1bado y el cierre del domingo a cargo de Guasones.<\/p>\n\n\n\n<figure class=\"wp-block-image size-large\"><img alt=\"\" fetchpriority=\"high\" decoding=\"async\" width=\"1024\" height=\"683\" src=\"https:\/\/montehermoso.gov.ar\/sitio\/wp-content\/uploads\/WhatsApp-Image-2026-09-01-at-12.46.36-PM-1-1024x683.jpeg\" alt=\"\" class=\"wp-image-28483\" srcset=\"https:\/\/montehermoso.gov.ar\/sitio\/wp-content\/uploads\/WhatsApp-Image-2026-09-01-at-12.46.36-PM-1-1024x683.jpeg 1024w, https:\/\/montehermoso.gov.ar\/sitio\/wp-content\/uploads\/WhatsApp-Image-2026-09-01-at-12.46.36-PM-1-300x200.jpeg 300w, https:\/\/montehermoso.gov.ar\/sitio\/wp-content\/uploads\/WhatsApp-Image-2026-09-01-at-12.46.36-PM-1-767x512.jpeg 767w, https:\/\/montehermoso.gov.ar\/sitio\/wp-content\/uploads\/WhatsApp-Image-2026-09-01-at-12.46.36-PM-1.jpeg 1280w\" sizes=\"(max-width: 1024px) 100vw, 1024px\" \/><\/figure>\n\n\n\n<p class=\"wp-block-paragraph\"><\/p>\n\n\n\n<figure class=\"wp-block-image size-large\"><img alt=\"\" decoding=\"async\" width=\"1024\" height=\"683\" src=\"https:\/\/montehermoso.gov.ar\/sitio\/wp-content\/uploads\/WhatsApp-Image-2026-09-01-at-12.46.38-PM-1024x683.jpeg\" alt=\"\" class=\"wp-image-28484\" srcset=\"https:\/\/montehermoso.gov.ar\/sitio\/wp-content\/uploads\/WhatsApp-Image-2026-09-01-at-12.46.38-PM-1024x683.jpeg 1024w, https:\/\/montehermoso.gov.ar\/sitio\/wp-content\/uploads\/WhatsApp-Image-2026-09-01-at-12.46.38-PM-300x200.jpeg 300w, https:\/\/montehermoso.gov.ar\/sitio\/wp-content\/uploads\/WhatsApp-Image-2026-09-01-at-12.46.38-PM-767x512.jpeg 767w, https:\/\/montehermoso.gov.ar\/sitio\/wp-content\/uploads\/WhatsApp-Image-2026-09-01-at-12.46.38-PM.jpeg 1280w\" sizes=\"(max-width: 1024px) 100vw, 1024px\" \/><\/figure>\n\n\n\n<figure class=\"wp-block-image size-large\"><img alt=\"\" decoding=\"async\" width=\"1024\" height=\"683\" src=\"https:\/\/montehermoso.gov.ar\/sitio\/wp-content\/uploads\/WhatsApp-Image-2026-09-01-at-12.46.36-PM-1024x683.jpeg\" alt=\"\" class=\"wp-image-28485\" srcset=\"https:\/\/montehermoso.gov.ar\/sitio\/wp-content\/uploads\/WhatsApp-Image-2026-09-01-at-12.46.36-PM-1024x683.jpeg 1024w, https:\/\/montehermoso.gov.ar\/sitio\/wp-content\/uploads\/WhatsApp-Image-2026-09-01-at-12.46.36-PM-300x200.jpeg 300w, https:\/\/montehermoso.gov.ar\/sitio\/wp-content\/uploads\/WhatsApp-Image-2026-09-01-at-12.46.36-PM-767x512.jpeg 767w, https:\/\/montehermoso.gov.ar\/sitio\/wp-content\/uploads\/WhatsApp-Image-2026-09-01-at-12.46.36-PM.jpeg 1280w\" sizes=\"(max-width: 1024px) 100vw, 1024px\" \/><\/figure>\n\n\n\n<figure class=\"wp-block-image size-large\"><img alt=\"\" loading=\"lazy\" decoding=\"async\" width=\"1024\" height=\"683\" src=\"https:\/\/montehermoso.gov.ar\/sitio\/wp-content\/uploads\/WhatsApp-Image-2026-09-01-at-12.46.36-PM-2-1024x683.jpeg\" alt=\"\" class=\"wp-image-28486\" srcset=\"https:\/\/montehermoso.gov.ar\/sitio\/wp-content\/uploads\/WhatsApp-Image-2026-09-01-at-12.46.36-PM-2-1024x683.jpeg 1024w, https:\/\/montehermoso.gov.ar\/sitio\/wp-content\/uploads\/WhatsApp-Image-2026-09-01-at-12.46.36-PM-2-300x200.jpeg 300w, https:\/\/montehermoso.gov.ar\/sitio\/wp-content\/uploads\/WhatsApp-Image-2026-09-01-at-12.46.36-PM-2-767x512.jpeg 767w, https:\/\/montehermoso.gov.ar\/sitio\/wp-content\/uploads\/WhatsApp-Image-2026-09-01-at-12.46.36-PM-2.jpeg 1280w\" sizes=\"(max-width: 1024px) 100vw, 1024px\" \/><\/figure>\n\n\n\n<figure class=\"wp-block-image size-large\"><img alt=\"\" loading=\"lazy\" decoding=\"async\" width=\"1024\" height=\"683\" src=\"https:\/\/montehermoso.gov.ar\/sitio\/wp-content\/uploads\/WhatsApp-Image-2026-09-01-at-12.46.37-PM-1024x683.jpeg\" alt=\"\" class=\"wp-image-28487\" srcset=\"https:\/\/montehermoso.gov.ar\/sitio\/wp-content\/uploads\/WhatsApp-Image-2026-09-01-at-12.46.37-PM-1024x683.jpeg 1024w, https:\/\/montehermoso.gov.ar\/sitio\/wp-content\/uploads\/WhatsApp-Image-2026-09-01-at-12.46.37-PM-300x200.jpeg 300w, https:\/\/montehermoso.gov.ar\/sitio\/wp-content\/uploads\/WhatsApp-Image-2026-09-01-at-12.46.37-PM-767x512.jpeg 767w, https:\/\/montehermoso.gov.ar\/sitio\/wp-content\/uploads\/WhatsApp-Image-2026-09-01-at-12.46.37-PM.jpeg 1280w\" sizes=\"(max-width: 1024px) 100vw, 1024px\" \/><\/figure>\n\n\n\n<p class=\"wp-block-paragraph\"><\/p>\n","protected":false},"excerpt":{"rendered":"<p>De cara a la 32\u00b0 Fiesta Nacional de la Primavera quese celebrar\u00e1 desde el viernes 18 al domingo 20 de septiembre, tuvo lugar esta ma\u00f1ana en el Centro de Convenciones una reuni\u00f3n interdisciplinaria con referentes de las distintas \u00e1reas abocadas a la organizaci\u00f3n, prevenci\u00f3n y coordinaci\u00f3n de acciones ante situaciones que involucren adolescentes, en particular &#8230; <a title=\"Reuni\u00f3n pre Primavera para coordinar acciones enfocadas en adolescencias\" class=\"read-more\" href=\"https:\/\/montehermoso.gov.ar\/sitio\/reunion-pre-primavera-para-coordinar-acciones-enfocadas-en-adolescencias\/\" aria-label=\"Leer m\u00e1s sobre Reuni\u00f3n pre Primavera para coordinar acciones enfocadas en adolescencias\">Leer m\u00e1s<\/a><\/p>\n","protected":false},"author":8,"featured_media":28483,"comment_status":"closed","ping_status":"closed","sticky":false,"template":"","format":"standard","meta":{"_seopress_titles_title":"","_seopress_titles_desc":"","_seopress_robots_index":"","_seopress_robots_follow":"","_seopress_robots_imageindex":"","_seopress_robots_snippet":"","_seopress_robots_primary_cat":"","_seopress_robots_breadcrumbs":"","_seopress_robots_freeze_modified_date":"","_seopress_robots_custom_modified_date":"","_seopress_robots_canonical":"","_seopress_social_fb_title":"","_seopress_social_fb_desc":"","_seopress_social_fb_img":"","_seopress_social_fb_img_attachment_id":0,"_seopress_social_fb_img_width":0,"_seopress_social_fb_img_height":0,"_seopress_social_twitter_title":"","_seopress_social_twitter_desc":"","_seopress_social_twitter_img":"","_seopress_social_twitter_img_attachment_id":0,"_seopress_social_twitter_img_width":0,"_seopress_social_twitter_img_height":0,"_seopress_redirections_value":"","_seopress_redirections_enabled":"","_seopress_redirections_enabled_regex":"","_seopress_redirections_logged_status":"","_seopress_redirections_param":"","_seopress_redirections_type":0,"_seopress_analysis_target_kw":"","_joinchat":[],"footnotes":""},"categories":[513,401,615,1220,1],"tags":[],"class_list":["post-28482","post","type-post","status-publish","format-standard","has-post-thumbnail","hentry","category-bomberos-voluntarios","category-eventos","category-fiesta-de-la-primavera","category-seguridad-ciudadana","category-turismo"],"_links":{"self":[{"href":"https:\/\/montehermoso.gov.ar\/sitio\/wp-json\/wp\/v2\/posts\/28482","targetHints":{"allow":["GET"]}}],"collection":[{"href":"https:\/\/montehermoso.gov.ar\/sitio\/wp-json\/wp\/v2\/posts"}],"about":[{"href":"https:\/\/montehermoso.gov.ar\/sitio\/wp-json\/wp\/v2\/types\/post"}],"author":[{"embeddable":true,"href":"https:\/\/montehermoso.gov.ar\/sitio\/wp-json\/wp\/v2\/users\/8"}],"replies":[{"embeddable":true,"href":"https:\/\/montehermoso.gov.ar\/sitio\/wp-json\/wp\/v2\/comments?post=28482"}],"version-history":[{"count":1,"href":"https:\/\/montehermoso.gov.ar\/sitio\/wp-json\/wp\/v2\/posts\/28482\/revisions"}],"predecessor-version":[{"id":28488,"href":"https:\/\/montehermoso.gov.ar\/sitio\/wp-json\/wp\/v2\/posts\/28482\/revisions\/28488"}],"wp:featuredmedia":[{"embeddable":true,"href":"https:\/\/montehermoso.gov.ar\/sitio\/wp-json\/wp\/v2\/media\/28483"}],"wp:attachment":[{"href":"https:\/\/montehermoso.gov.ar\/sitio\/wp-json\/wp\/v2\/media?parent=28482"}],"wp:term":[{"taxonomy":"category","embeddable":true,"href":"https:\/\/montehermoso.gov.ar\/sitio\/wp-json\/wp\/v2\/categories?post=28482"},{"taxonomy":"post_tag","embeddable":true,"href":"https:\/\/montehermoso.gov.ar\/sitio\/wp-json\/wp\/v2\/tags?post=28482"}],"curies":[{"name":"wp","href":"https:\/\/api.w.org\/{rel}","templated":true}]}}