{"id":23172,"date":"2025-09-02T12:30:21","date_gmt":"2025-09-02T15:30:21","guid":{"rendered":"https:\/\/montehermoso.gov.ar\/sitio\/?p=23172"},"modified":"2025-09-02T12:30:21","modified_gmt":"2025-09-02T15:30:21","slug":"nuevo-equipamiento-tecnologico-para-la-implementacion-de-la-hsi","status":"publish","type":"post","link":"https:\/\/montehermoso.gov.ar\/sitio\/nuevo-equipamiento-tecnologico-para-la-implementacion-de-la-hsi\/","title":{"rendered":"Nuevo equipamiento tecnol\u00f3gico para la implementaci\u00f3n de la HSI"},"content":{"rendered":"\n<p class=\"wp-block-paragraph\">El Hospital Municipal Dr. Ram\u00f3n Carrillo y los Centros de Atenci\u00f3n Primaria suman nueva tecnolog\u00eda para poner en marcha la Historia de Salud Integrada (HSI), un sistema que apunta a modernizar la gesti\u00f3n sanitaria mediante la digitalizaci\u00f3n de la informaci\u00f3n cl\u00ednica de cada paciente que accede al sistema p\u00fablico.<br><br>El secretario de Salud, Adri\u00e1n Ruiz recibi\u00f3 al Director Ejecutivo de Regi\u00f3n Sanitaria I del Ministerio de Salud PBA, Maximiliano Nu\u00f1ez junto a otros referentes, quienes entregaron un lote de 40 computadoras de escritorio, lectoras de DNI e impresoras destinadas a las dependencias de la Secretar\u00eda.<br><br>La HSI es una herramienta fundamental para todos los equipos de salud y pacientes porque centraliza la historia sanitaria de cada persona de manera segura y conecta la informaci\u00f3n entre los diferentes centros de salud.<br><br>Con esta incorporaci\u00f3n, Monte Hermoso se suma a los municipios que avanzan en la modernizaci\u00f3n del sistema sanitario provincial, integrando tecnolog\u00eda, prevenci\u00f3n y acceso equitativo a la salud para toda la comunidad.<\/p>\n\n\n\n<figure class=\"wp-block-gallery has-nested-images columns-default is-cropped wp-block-gallery-1 is-layout-flex wp-block-gallery-is-layout-flex\">\n<figure class=\"wp-block-image size-large\"><img alt=\"\" fetchpriority=\"high\" decoding=\"async\" width=\"1024\" height=\"683\" data-id=\"23175\" src=\"https:\/\/montehermoso.gov.ar\/sitio\/wp-content\/uploads\/SALUD-7-1024x683.jpg\" alt=\"\" class=\"wp-image-23175\" srcset=\"https:\/\/montehermoso.gov.ar\/sitio\/wp-content\/uploads\/SALUD-7-1024x683.jpg 1024w, https:\/\/montehermoso.gov.ar\/sitio\/wp-content\/uploads\/SALUD-7-300x200.jpg 300w, https:\/\/montehermoso.gov.ar\/sitio\/wp-content\/uploads\/SALUD-7-768x512.jpg 768w, https:\/\/montehermoso.gov.ar\/sitio\/wp-content\/uploads\/SALUD-7-1536x1024.jpg 1536w, https:\/\/montehermoso.gov.ar\/sitio\/wp-content\/uploads\/SALUD-7-2048x1365.jpg 2048w, https:\/\/montehermoso.gov.ar\/sitio\/wp-content\/uploads\/SALUD-7-1320x880.jpg 1320w\" sizes=\"(max-width: 1024px) 100vw, 1024px\" \/><\/figure>\n\n\n\n<figure class=\"wp-block-image size-large\"><img alt=\"\" decoding=\"async\" width=\"1024\" height=\"683\" data-id=\"23174\" src=\"https:\/\/montehermoso.gov.ar\/sitio\/wp-content\/uploads\/SALUD-8-1024x683.jpg\" alt=\"\" class=\"wp-image-23174\" srcset=\"https:\/\/montehermoso.gov.ar\/sitio\/wp-content\/uploads\/SALUD-8-1024x683.jpg 1024w, https:\/\/montehermoso.gov.ar\/sitio\/wp-content\/uploads\/SALUD-8-300x200.jpg 300w, https:\/\/montehermoso.gov.ar\/sitio\/wp-content\/uploads\/SALUD-8-768x512.jpg 768w, https:\/\/montehermoso.gov.ar\/sitio\/wp-content\/uploads\/SALUD-8-1536x1024.jpg 1536w, https:\/\/montehermoso.gov.ar\/sitio\/wp-content\/uploads\/SALUD-8-2048x1365.jpg 2048w, https:\/\/montehermoso.gov.ar\/sitio\/wp-content\/uploads\/SALUD-8-1320x880.jpg 1320w\" sizes=\"(max-width: 1024px) 100vw, 1024px\" \/><\/figure>\n<\/figure>\n\n\n\n<p class=\"wp-block-paragraph\"><\/p>\n","protected":false},"excerpt":{"rendered":"<p>El Hospital Municipal Dr. Ram\u00f3n Carrillo y los Centros de Atenci\u00f3n Primaria suman nueva tecnolog\u00eda para poner en marcha la Historia de Salud Integrada (HSI), un sistema que apunta a modernizar la gesti\u00f3n sanitaria mediante la digitalizaci\u00f3n de la informaci\u00f3n cl\u00ednica de cada paciente que accede al sistema p\u00fablico. El secretario de Salud, Adri\u00e1n Ruiz &#8230; <a title=\"Nuevo equipamiento tecnol\u00f3gico para la implementaci\u00f3n de la HSI\" class=\"read-more\" href=\"https:\/\/montehermoso.gov.ar\/sitio\/nuevo-equipamiento-tecnologico-para-la-implementacion-de-la-hsi\/\" aria-label=\"Leer m\u00e1s sobre Nuevo equipamiento tecnol\u00f3gico para la implementaci\u00f3n de la HSI\">Leer m\u00e1s<\/a><\/p>\n","protected":false},"author":8,"featured_media":23173,"comment_status":"closed","ping_status":"closed","sticky":false,"template":"","format":"standard","meta":{"_seopress_titles_title":"","_seopress_titles_desc":"","_seopress_robots_index":"","_seopress_robots_follow":"","_seopress_robots_imageindex":"","_seopress_robots_snippet":"","_seopress_robots_primary_cat":"","_seopress_robots_breadcrumbs":"","_seopress_robots_freeze_modified_date":"","_seopress_robots_custom_modified_date":"","_seopress_robots_canonical":"","_seopress_social_fb_title":"","_seopress_social_fb_desc":"","_seopress_social_fb_img":"","_seopress_social_fb_img_attachment_id":0,"_seopress_social_fb_img_width":0,"_seopress_social_fb_img_height":0,"_seopress_social_twitter_title":"","_seopress_social_twitter_desc":"","_seopress_social_twitter_img":"","_seopress_social_twitter_img_attachment_id":0,"_seopress_social_twitter_img_width":0,"_seopress_social_twitter_img_height":0,"_seopress_redirections_value":"","_seopress_redirections_enabled":"","_seopress_redirections_enabled_regex":"","_seopress_redirections_logged_status":"","_seopress_redirections_param":"","_seopress_redirections_type":0,"_seopress_analysis_target_kw":"","_joinchat":[],"footnotes":""},"categories":[43],"tags":[579,1398,1399,816,282,112],"class_list":["post-23172","post","type-post","status-publish","format-standard","has-post-thumbnail","hentry","category-salud","tag-digitalizacion","tag-equipamiento-tecnologico","tag-gestion-sanitaria","tag-hospital-municipal","tag-monte-hermoso","tag-salud"],"_links":{"self":[{"href":"https:\/\/montehermoso.gov.ar\/sitio\/wp-json\/wp\/v2\/posts\/23172","targetHints":{"allow":["GET"]}}],"collection":[{"href":"https:\/\/montehermoso.gov.ar\/sitio\/wp-json\/wp\/v2\/posts"}],"about":[{"href":"https:\/\/montehermoso.gov.ar\/sitio\/wp-json\/wp\/v2\/types\/post"}],"author":[{"embeddable":true,"href":"https:\/\/montehermoso.gov.ar\/sitio\/wp-json\/wp\/v2\/users\/8"}],"replies":[{"embeddable":true,"href":"https:\/\/montehermoso.gov.ar\/sitio\/wp-json\/wp\/v2\/comments?post=23172"}],"version-history":[{"count":0,"href":"https:\/\/montehermoso.gov.ar\/sitio\/wp-json\/wp\/v2\/posts\/23172\/revisions"}],"wp:featuredmedia":[{"embeddable":true,"href":"https:\/\/montehermoso.gov.ar\/sitio\/wp-json\/wp\/v2\/media\/23173"}],"wp:attachment":[{"href":"https:\/\/montehermoso.gov.ar\/sitio\/wp-json\/wp\/v2\/media?parent=23172"}],"wp:term":[{"taxonomy":"category","embeddable":true,"href":"https:\/\/montehermoso.gov.ar\/sitio\/wp-json\/wp\/v2\/categories?post=23172"},{"taxonomy":"post_tag","embeddable":true,"href":"https:\/\/montehermoso.gov.ar\/sitio\/wp-json\/wp\/v2\/tags?post=23172"}],"curies":[{"name":"wp","href":"https:\/\/api.w.org\/{rel}","templated":true}]}}