{"id":22683,"date":"2025-06-30T10:35:34","date_gmt":"2025-06-30T13:35:34","guid":{"rendered":"https:\/\/montehermoso.gov.ar\/sitio\/?p=22683"},"modified":"2025-06-30T10:35:34","modified_gmt":"2025-06-30T13:35:34","slug":"programa-puentes-firma-de-un-nuevo-subsidio-provincial-para-finalizar-la-construccion-del-centro-universitario","status":"publish","type":"post","link":"https:\/\/montehermoso.gov.ar\/sitio\/programa-puentes-firma-de-un-nuevo-subsidio-provincial-para-finalizar-la-construccion-del-centro-universitario\/","title":{"rendered":"Programa Puentes: firma de un nuevo subsidio provincial para finalizar la construcci\u00f3n del Centro Universitario"},"content":{"rendered":"\n<p class=\"wp-block-paragraph\">El intendente Hern\u00e1n Arranz particip\u00f3 el pasado viernes en la ciudad de Mar del Plata del 3\u00b0 Encuentro Anual del Programa Puentes y firm\u00f3 junto al gobernador Axel Kicillof el tercer desembolso para terminar la construcci\u00f3n del edificio ubicado en Av. Sansot, entre calles El Pato y El Chimango en Monte Hermoso del Este.<br><br>\u201cEl \u00e9xito del programa Puentes se debe en primer lugar a que surgi\u00f3 de recorrer la provincia de Buenos Aires, de conversar con las familias bonaerenses y de entender cu\u00e1les son sus problemas y necesidades\u201d explic\u00f3 Kicillof y a\u00f1adi\u00f3: \u201cLa existencia de esta pol\u00edtica p\u00fablica es una refutaci\u00f3n a los prejuicios de un Gobierno nacional que ajusta a las universidades: aqu\u00ed hay un Estado provincial que no mira con indiferencia, sino que acompa\u00f1a a todos los pibes y pibas que quieren seguir estudiando\u201d.<br><br>En ese sentido, el Gobernador subray\u00f3: \u201cLos cr\u00edticos de la universidad p\u00fablica cometen un error conceptual grav\u00edsimo al pensar a un estudiante como un emprendimiento individual: esa insensibilidad no les permite ver que cuando un pibe o una piba culmina sus estudios no solo se realiza individualmente, sino que aporta a nuestra provincia y nuestro pa\u00eds\u201d.<br><br>\u201cPara eso dise\u00f1amos este programa y lo convertimos en una pol\u00edtica de Estado: para que todos los bonaerenses, incluso los que nacieron en los pueblos m\u00e1s alejados de las grandes ciudades, puedan estudiar y permanecer all\u00ed donde nacieron\u201d, explic\u00f3 Kicillof e indic\u00f3: \u201cAs\u00ed como la educaci\u00f3n es un derecho, la universidad es un veh\u00edculo para el futuro, para cumplir los sue\u00f1os y para llegar m\u00e1s lejos como persona, como comunidad y como pueblo\u201d.<br><br>Acompa\u00f1ado por el ministro de Gobierno, Carlos Bianco; por el director general de Cultura y Educaci\u00f3n, Alberto Sileoni y la jefa de Asesores, Cristina \u00c1lvarez Rodr\u00edguez, Kicillof anunci\u00f3 nuevos financiamientos y firm\u00f3 convenios para ampliar el alcance y la oferta acad\u00e9mica del nivel superior en el interior bonaerense.<br><br>Este programa para la educaci\u00f3n de grado en el interior bonaerense alcanz\u00f3 a 76 municipios, con hasta el momento 37 nuevos centros universitarios inaugurados y una oferta de 221 carreras de grado a lo largo y ancho de la Provincia.<br><br>Durante la jornada, se firmaron convenios para el otorgamiento de subsidios a municipios para la construcci\u00f3n y equipamiento de los centros universitarios Puentes y para el dictado de carreras en dichos establecimientos. Adem\u00e1s, Bianco y Sileoni suscribieron un acuerdo para brindar a estudiantes del sexto a\u00f1o de escuelas secundarias orientadas en arte la posibilidad de cursar en universidades un d\u00eda por semana para fortalecer sus trayectorias educativas.<br><br>En ese marco, se anunci\u00f3 financiamiento del CFI por $2.800 millones y se firmaron convenios para incorporar 69 carreras y sumar cooperaci\u00f3n con las universidades nacionales de R\u00edo Negro, Comahue, Entre R\u00edos, Jujuy, Misiones, La Rioja, San Luis y Tierra del Fuego. Asimismo, autoridades de m\u00e1s de 30 universidades nacionales y provinciales suscribieron la ratificaci\u00f3n de los convenios celebrados con los municipios.<\/p>\n\n\n\n<figure class=\"wp-block-gallery has-nested-images columns-default is-cropped wp-block-gallery-1 is-layout-flex wp-block-gallery-is-layout-flex\">\n<figure class=\"wp-block-image size-large\"><img alt=\"\" fetchpriority=\"high\" decoding=\"async\" width=\"1024\" height=\"575\" data-id=\"22685\" src=\"https:\/\/montehermoso.gov.ar\/sitio\/wp-content\/uploads\/WhatsApp-Image-2025-06-30-at-10.21.31-1024x575.jpeg\" alt=\"\" class=\"wp-image-22685\" srcset=\"https:\/\/montehermoso.gov.ar\/sitio\/wp-content\/uploads\/WhatsApp-Image-2025-06-30-at-10.21.31-1024x575.jpeg 1024w, https:\/\/montehermoso.gov.ar\/sitio\/wp-content\/uploads\/WhatsApp-Image-2025-06-30-at-10.21.31-300x169.jpeg 300w, https:\/\/montehermoso.gov.ar\/sitio\/wp-content\/uploads\/WhatsApp-Image-2025-06-30-at-10.21.31-768x432.jpeg 768w, https:\/\/montehermoso.gov.ar\/sitio\/wp-content\/uploads\/WhatsApp-Image-2025-06-30-at-10.21.31-1536x863.jpeg 1536w, https:\/\/montehermoso.gov.ar\/sitio\/wp-content\/uploads\/WhatsApp-Image-2025-06-30-at-10.21.31-1320x742.jpeg 1320w, https:\/\/montehermoso.gov.ar\/sitio\/wp-content\/uploads\/WhatsApp-Image-2025-06-30-at-10.21.31.jpeg 1600w\" sizes=\"(max-width: 1024px) 100vw, 1024px\" \/><\/figure>\n\n\n\n<figure class=\"wp-block-image size-large\"><img alt=\"\" decoding=\"async\" width=\"1024\" height=\"575\" data-id=\"22686\" src=\"https:\/\/montehermoso.gov.ar\/sitio\/wp-content\/uploads\/WhatsApp-Image-2025-06-30-at-10.21.30-1-1024x575.jpeg\" alt=\"\" class=\"wp-image-22686\" srcset=\"https:\/\/montehermoso.gov.ar\/sitio\/wp-content\/uploads\/WhatsApp-Image-2025-06-30-at-10.21.30-1-1024x575.jpeg 1024w, https:\/\/montehermoso.gov.ar\/sitio\/wp-content\/uploads\/WhatsApp-Image-2025-06-30-at-10.21.30-1-300x169.jpeg 300w, https:\/\/montehermoso.gov.ar\/sitio\/wp-content\/uploads\/WhatsApp-Image-2025-06-30-at-10.21.30-1-768x432.jpeg 768w, https:\/\/montehermoso.gov.ar\/sitio\/wp-content\/uploads\/WhatsApp-Image-2025-06-30-at-10.21.30-1-1536x863.jpeg 1536w, https:\/\/montehermoso.gov.ar\/sitio\/wp-content\/uploads\/WhatsApp-Image-2025-06-30-at-10.21.30-1-1320x742.jpeg 1320w, https:\/\/montehermoso.gov.ar\/sitio\/wp-content\/uploads\/WhatsApp-Image-2025-06-30-at-10.21.30-1.jpeg 1600w\" sizes=\"(max-width: 1024px) 100vw, 1024px\" \/><\/figure>\n\n\n\n<figure class=\"wp-block-image size-large\"><img alt=\"\" decoding=\"async\" width=\"1024\" height=\"575\" data-id=\"22687\" src=\"https:\/\/montehermoso.gov.ar\/sitio\/wp-content\/uploads\/WhatsApp-Image-2025-06-30-at-10.21.30-1024x575.jpeg\" alt=\"\" class=\"wp-image-22687\" srcset=\"https:\/\/montehermoso.gov.ar\/sitio\/wp-content\/uploads\/WhatsApp-Image-2025-06-30-at-10.21.30-1024x575.jpeg 1024w, https:\/\/montehermoso.gov.ar\/sitio\/wp-content\/uploads\/WhatsApp-Image-2025-06-30-at-10.21.30-300x169.jpeg 300w, https:\/\/montehermoso.gov.ar\/sitio\/wp-content\/uploads\/WhatsApp-Image-2025-06-30-at-10.21.30-768x432.jpeg 768w, https:\/\/montehermoso.gov.ar\/sitio\/wp-content\/uploads\/WhatsApp-Image-2025-06-30-at-10.21.30-1536x863.jpeg 1536w, https:\/\/montehermoso.gov.ar\/sitio\/wp-content\/uploads\/WhatsApp-Image-2025-06-30-at-10.21.30-1320x742.jpeg 1320w, https:\/\/montehermoso.gov.ar\/sitio\/wp-content\/uploads\/WhatsApp-Image-2025-06-30-at-10.21.30.jpeg 1600w\" sizes=\"(max-width: 1024px) 100vw, 1024px\" \/><\/figure>\n\n\n\n<figure class=\"wp-block-image size-large\"><img alt=\"\" loading=\"lazy\" decoding=\"async\" width=\"1024\" height=\"682\" data-id=\"22688\" src=\"https:\/\/montehermoso.gov.ar\/sitio\/wp-content\/uploads\/WhatsApp-Image-2025-06-30-at-10.21.12-2-1024x682.jpeg\" alt=\"\" class=\"wp-image-22688\" srcset=\"https:\/\/montehermoso.gov.ar\/sitio\/wp-content\/uploads\/WhatsApp-Image-2025-06-30-at-10.21.12-2-1024x682.jpeg 1024w, https:\/\/montehermoso.gov.ar\/sitio\/wp-content\/uploads\/WhatsApp-Image-2025-06-30-at-10.21.12-2-300x200.jpeg 300w, https:\/\/montehermoso.gov.ar\/sitio\/wp-content\/uploads\/WhatsApp-Image-2025-06-30-at-10.21.12-2-768x512.jpeg 768w, https:\/\/montehermoso.gov.ar\/sitio\/wp-content\/uploads\/WhatsApp-Image-2025-06-30-at-10.21.12-2-1536x1023.jpeg 1536w, https:\/\/montehermoso.gov.ar\/sitio\/wp-content\/uploads\/WhatsApp-Image-2025-06-30-at-10.21.12-2-1320x879.jpeg 1320w, https:\/\/montehermoso.gov.ar\/sitio\/wp-content\/uploads\/WhatsApp-Image-2025-06-30-at-10.21.12-2.jpeg 1600w\" sizes=\"(max-width: 1024px) 100vw, 1024px\" \/><\/figure>\n\n\n\n<figure class=\"wp-block-image size-large\"><img alt=\"\" loading=\"lazy\" decoding=\"async\" width=\"1024\" height=\"681\" data-id=\"22689\" src=\"https:\/\/montehermoso.gov.ar\/sitio\/wp-content\/uploads\/WhatsApp-Image-2025-06-30-at-10.21.12-1-1024x681.jpeg\" alt=\"\" class=\"wp-image-22689\" srcset=\"https:\/\/montehermoso.gov.ar\/sitio\/wp-content\/uploads\/WhatsApp-Image-2025-06-30-at-10.21.12-1-1024x681.jpeg 1024w, https:\/\/montehermoso.gov.ar\/sitio\/wp-content\/uploads\/WhatsApp-Image-2025-06-30-at-10.21.12-1-300x200.jpeg 300w, https:\/\/montehermoso.gov.ar\/sitio\/wp-content\/uploads\/WhatsApp-Image-2025-06-30-at-10.21.12-1-768x511.jpeg 768w, https:\/\/montehermoso.gov.ar\/sitio\/wp-content\/uploads\/WhatsApp-Image-2025-06-30-at-10.21.12-1-1536x1021.jpeg 1536w, https:\/\/montehermoso.gov.ar\/sitio\/wp-content\/uploads\/WhatsApp-Image-2025-06-30-at-10.21.12-1-1320x878.jpeg 1320w, https:\/\/montehermoso.gov.ar\/sitio\/wp-content\/uploads\/WhatsApp-Image-2025-06-30-at-10.21.12-1.jpeg 1600w\" sizes=\"(max-width: 1024px) 100vw, 1024px\" \/><\/figure>\n\n\n\n<figure class=\"wp-block-image size-large\"><img alt=\"\" loading=\"lazy\" decoding=\"async\" width=\"1024\" height=\"681\" data-id=\"22690\" src=\"https:\/\/montehermoso.gov.ar\/sitio\/wp-content\/uploads\/WhatsApp-Image-2025-06-30-at-10.21.12-1024x681.jpeg\" alt=\"\" class=\"wp-image-22690\" srcset=\"https:\/\/montehermoso.gov.ar\/sitio\/wp-content\/uploads\/WhatsApp-Image-2025-06-30-at-10.21.12-1024x681.jpeg 1024w, https:\/\/montehermoso.gov.ar\/sitio\/wp-content\/uploads\/WhatsApp-Image-2025-06-30-at-10.21.12-300x200.jpeg 300w, https:\/\/montehermoso.gov.ar\/sitio\/wp-content\/uploads\/WhatsApp-Image-2025-06-30-at-10.21.12-768x511.jpeg 768w, https:\/\/montehermoso.gov.ar\/sitio\/wp-content\/uploads\/WhatsApp-Image-2025-06-30-at-10.21.12-1536x1021.jpeg 1536w, https:\/\/montehermoso.gov.ar\/sitio\/wp-content\/uploads\/WhatsApp-Image-2025-06-30-at-10.21.12-1320x878.jpeg 1320w, https:\/\/montehermoso.gov.ar\/sitio\/wp-content\/uploads\/WhatsApp-Image-2025-06-30-at-10.21.12.jpeg 1600w\" sizes=\"(max-width: 1024px) 100vw, 1024px\" \/><\/figure>\n<\/figure>\n\n\n\n<p class=\"wp-block-paragraph\"><\/p>\n","protected":false},"excerpt":{"rendered":"<p>El intendente Hern\u00e1n Arranz particip\u00f3 el pasado viernes en la ciudad de Mar del Plata del 3\u00b0 Encuentro Anual del Programa Puentes y firm\u00f3 junto al gobernador Axel Kicillof el tercer desembolso para terminar la construcci\u00f3n del edificio ubicado en Av. Sansot, entre calles El Pato y El Chimango en Monte Hermoso del Este. \u201cEl &#8230; <a title=\"Programa Puentes: firma de un nuevo subsidio provincial para finalizar la construcci\u00f3n del Centro Universitario\" class=\"read-more\" href=\"https:\/\/montehermoso.gov.ar\/sitio\/programa-puentes-firma-de-un-nuevo-subsidio-provincial-para-finalizar-la-construccion-del-centro-universitario\/\" aria-label=\"Leer m\u00e1s sobre Programa Puentes: firma de un nuevo subsidio provincial para finalizar la construcci\u00f3n del Centro Universitario\">Leer m\u00e1s<\/a><\/p>\n","protected":false},"author":8,"featured_media":22684,"comment_status":"closed","ping_status":"closed","sticky":false,"template":"","format":"standard","meta":{"_seopress_titles_title":"","_seopress_titles_desc":"","_seopress_robots_index":"","_seopress_robots_follow":"","_seopress_robots_imageindex":"","_seopress_robots_snippet":"","_seopress_robots_primary_cat":"","_seopress_robots_breadcrumbs":"","_seopress_robots_freeze_modified_date":"","_seopress_robots_custom_modified_date":"","_seopress_robots_canonical":"","_seopress_social_fb_title":"","_seopress_social_fb_desc":"","_seopress_social_fb_img":"","_seopress_social_fb_img_attachment_id":0,"_seopress_social_fb_img_width":0,"_seopress_social_fb_img_height":0,"_seopress_social_twitter_title":"","_seopress_social_twitter_desc":"","_seopress_social_twitter_img":"","_seopress_social_twitter_img_attachment_id":0,"_seopress_social_twitter_img_width":0,"_seopress_social_twitter_img_height":0,"_seopress_redirections_value":"","_seopress_redirections_enabled":"","_seopress_redirections_enabled_regex":"","_seopress_redirections_logged_status":"","_seopress_redirections_param":"","_seopress_redirections_type":0,"_seopress_analysis_target_kw":"","_joinchat":[],"footnotes":""},"categories":[3,183,285],"tags":[523,1027],"class_list":["post-22683","post","type-post","status-publish","format-standard","has-post-thumbnail","hentry","category-educacion","category-gestion","category-politicas-publicas","tag-educacion","tag-programa-puentes"],"_links":{"self":[{"href":"https:\/\/montehermoso.gov.ar\/sitio\/wp-json\/wp\/v2\/posts\/22683","targetHints":{"allow":["GET"]}}],"collection":[{"href":"https:\/\/montehermoso.gov.ar\/sitio\/wp-json\/wp\/v2\/posts"}],"about":[{"href":"https:\/\/montehermoso.gov.ar\/sitio\/wp-json\/wp\/v2\/types\/post"}],"author":[{"embeddable":true,"href":"https:\/\/montehermoso.gov.ar\/sitio\/wp-json\/wp\/v2\/users\/8"}],"replies":[{"embeddable":true,"href":"https:\/\/montehermoso.gov.ar\/sitio\/wp-json\/wp\/v2\/comments?post=22683"}],"version-history":[{"count":0,"href":"https:\/\/montehermoso.gov.ar\/sitio\/wp-json\/wp\/v2\/posts\/22683\/revisions"}],"wp:featuredmedia":[{"embeddable":true,"href":"https:\/\/montehermoso.gov.ar\/sitio\/wp-json\/wp\/v2\/media\/22684"}],"wp:attachment":[{"href":"https:\/\/montehermoso.gov.ar\/sitio\/wp-json\/wp\/v2\/media?parent=22683"}],"wp:term":[{"taxonomy":"category","embeddable":true,"href":"https:\/\/montehermoso.gov.ar\/sitio\/wp-json\/wp\/v2\/categories?post=22683"},{"taxonomy":"post_tag","embeddable":true,"href":"https:\/\/montehermoso.gov.ar\/sitio\/wp-json\/wp\/v2\/tags?post=22683"}],"curies":[{"name":"wp","href":"https:\/\/api.w.org\/{rel}","templated":true}]}}