{"id":20030,"date":"2024-11-12T10:17:35","date_gmt":"2024-11-12T13:17:35","guid":{"rendered":"https:\/\/montehermoso.gov.ar\/sitio\/?p=20030"},"modified":"2024-11-12T10:17:35","modified_gmt":"2024-11-12T13:17:35","slug":"luego-de-promocionar-la-temporada-en-la-pampa-siguen-mendoza-san-luis-y-cordoba","status":"publish","type":"post","link":"https:\/\/montehermoso.gov.ar\/sitio\/luego-de-promocionar-la-temporada-en-la-pampa-siguen-mendoza-san-luis-y-cordoba\/","title":{"rendered":"Luego de promocionar la temporada en La Pampa siguen Mendoza, San Luis y C\u00f3rdoba"},"content":{"rendered":"\n<p class=\"wp-block-paragraph\"><\/p>\n\n\n\n<p class=\"wp-block-paragraph\"><strong>#MonteDeGira<\/strong><\/p>\n\n\n\n<p class=\"wp-block-paragraph\"><\/p>\n\n\n\n<p class=\"wp-block-paragraph\">En la capital pampeana comenz\u00f3 el pasado fin de semana la gira de promoci\u00f3n de cara al verano 2024\/2025 donde el secretario de Turismo, Franco Gentili estuvo presente junto a su equipo brindando notas en distintos medios y lanzando la temporada en el Casino Club con entrega de merchandising y sorteo de estad\u00edas entre el p\u00fablico.<\/p>\n\n\n\n<p class=\"wp-block-paragraph\">La semana que viene partir\u00e1n rumbo a Mendoza donde los d\u00edas martes 19 y mi\u00e9rcoles 20 de noviembre se realizar\u00e1n intervenciones en el centro de la ciudad capitalina y un evento con los medios de comunicaci\u00f3n en la Secretar\u00eda&nbsp; de Turismo Provincial.<\/p>\n\n\n\n<p class=\"wp-block-paragraph\">El jueves 21 ser\u00e1 el turno de San Luis mientras que el viernes 22 y s\u00e1bado 23 se presentar\u00e1n en C\u00f3rdoba Capital para finalizar la gira el lunes 25 en R\u00edo Cuarto.<\/p>\n\n\n\n<p class=\"wp-block-paragraph\">\u201cLos destinos elegidos para promocionar nuestras playas y servicios son los principales centros emisores que junto a la Provincia de Buenos Aires aportan cada verano la mayor afluencia tur\u00edstica\u201d especific\u00f3 Gentili.<\/p>\n\n\n\n<p class=\"wp-block-paragraph\">\u201cLa gira tiene como objetivo reforzar y estimular la demanda de Monte Hermoso como destino tur\u00edstico entre los principales mercados consumidores y a la vez generar inter\u00e9s de quienes a\u00fan no nos conocen\u201d agreg\u00f3.<\/p>\n\n\n\n<figure class=\"wp-block-gallery has-nested-images columns-default is-cropped wp-block-gallery-1 is-layout-flex wp-block-gallery-is-layout-flex\">\n<figure class=\"wp-block-image size-large\"><img alt=\"\" fetchpriority=\"high\" decoding=\"async\" width=\"905\" height=\"1024\" data-id=\"20032\" src=\"https:\/\/montehermoso.gov.ar\/sitio\/wp-content\/uploads\/20241109_231952-905x1024.jpg\" alt=\"\" class=\"wp-image-20032\" srcset=\"https:\/\/montehermoso.gov.ar\/sitio\/wp-content\/uploads\/20241109_231952-905x1024.jpg 905w, https:\/\/montehermoso.gov.ar\/sitio\/wp-content\/uploads\/20241109_231952-265x300.jpg 265w, https:\/\/montehermoso.gov.ar\/sitio\/wp-content\/uploads\/20241109_231952-768x869.jpg 768w, https:\/\/montehermoso.gov.ar\/sitio\/wp-content\/uploads\/20241109_231952-1357x1536.jpg 1357w, https:\/\/montehermoso.gov.ar\/sitio\/wp-content\/uploads\/20241109_231952-1810x2048.jpg 1810w, https:\/\/montehermoso.gov.ar\/sitio\/wp-content\/uploads\/20241109_231952-1320x1494.jpg 1320w\" sizes=\"(max-width: 905px) 100vw, 905px\" \/><\/figure>\n\n\n\n<figure class=\"wp-block-image size-large\"><img alt=\"\" decoding=\"async\" width=\"1024\" height=\"683\" data-id=\"20033\" src=\"https:\/\/montehermoso.gov.ar\/sitio\/wp-content\/uploads\/DSC_5005-1024x683.jpg\" alt=\"\" class=\"wp-image-20033\" srcset=\"https:\/\/montehermoso.gov.ar\/sitio\/wp-content\/uploads\/DSC_5005-1024x683.jpg 1024w, https:\/\/montehermoso.gov.ar\/sitio\/wp-content\/uploads\/DSC_5005-300x200.jpg 300w, https:\/\/montehermoso.gov.ar\/sitio\/wp-content\/uploads\/DSC_5005-768x512.jpg 768w, https:\/\/montehermoso.gov.ar\/sitio\/wp-content\/uploads\/DSC_5005-1536x1024.jpg 1536w, https:\/\/montehermoso.gov.ar\/sitio\/wp-content\/uploads\/DSC_5005-2048x1365.jpg 2048w, https:\/\/montehermoso.gov.ar\/sitio\/wp-content\/uploads\/DSC_5005-1320x880.jpg 1320w\" sizes=\"(max-width: 1024px) 100vw, 1024px\" \/><\/figure>\n\n\n\n<figure class=\"wp-block-image size-large\"><img alt=\"\" decoding=\"async\" width=\"936\" height=\"1024\" data-id=\"20035\" src=\"https:\/\/montehermoso.gov.ar\/sitio\/wp-content\/uploads\/DSC_5193-936x1024.jpg\" alt=\"\" class=\"wp-image-20035\" srcset=\"https:\/\/montehermoso.gov.ar\/sitio\/wp-content\/uploads\/DSC_5193-936x1024.jpg 936w, https:\/\/montehermoso.gov.ar\/sitio\/wp-content\/uploads\/DSC_5193-274x300.jpg 274w, https:\/\/montehermoso.gov.ar\/sitio\/wp-content\/uploads\/DSC_5193-768x840.jpg 768w, https:\/\/montehermoso.gov.ar\/sitio\/wp-content\/uploads\/DSC_5193-1404x1536.jpg 1404w, https:\/\/montehermoso.gov.ar\/sitio\/wp-content\/uploads\/DSC_5193-1872x2048.jpg 1872w, https:\/\/montehermoso.gov.ar\/sitio\/wp-content\/uploads\/DSC_5193-1320x1444.jpg 1320w\" sizes=\"(max-width: 936px) 100vw, 936px\" \/><\/figure>\n\n\n\n<figure class=\"wp-block-image size-large\"><img alt=\"\" loading=\"lazy\" decoding=\"async\" width=\"920\" height=\"1024\" data-id=\"20036\" src=\"https:\/\/montehermoso.gov.ar\/sitio\/wp-content\/uploads\/DSC_5194-920x1024.jpg\" alt=\"\" class=\"wp-image-20036\" srcset=\"https:\/\/montehermoso.gov.ar\/sitio\/wp-content\/uploads\/DSC_5194-920x1024.jpg 920w, https:\/\/montehermoso.gov.ar\/sitio\/wp-content\/uploads\/DSC_5194-270x300.jpg 270w, https:\/\/montehermoso.gov.ar\/sitio\/wp-content\/uploads\/DSC_5194-768x854.jpg 768w, https:\/\/montehermoso.gov.ar\/sitio\/wp-content\/uploads\/DSC_5194-1381x1536.jpg 1381w, https:\/\/montehermoso.gov.ar\/sitio\/wp-content\/uploads\/DSC_5194-1841x2048.jpg 1841w, https:\/\/montehermoso.gov.ar\/sitio\/wp-content\/uploads\/DSC_5194-1320x1469.jpg 1320w\" sizes=\"(max-width: 920px) 100vw, 920px\" \/><\/figure>\n<\/figure>\n","protected":false},"excerpt":{"rendered":"<p>#MonteDeGira En la capital pampeana comenz\u00f3 el pasado fin de semana la gira de promoci\u00f3n de cara al verano 2024\/2025 donde el secretario de Turismo, Franco Gentili estuvo presente junto a su equipo brindando notas en distintos medios y lanzando la temporada en el Casino Club con entrega de merchandising y sorteo de estad\u00edas entre &#8230; <a title=\"Luego de promocionar la temporada en La Pampa siguen Mendoza, San Luis y C\u00f3rdoba\" class=\"read-more\" href=\"https:\/\/montehermoso.gov.ar\/sitio\/luego-de-promocionar-la-temporada-en-la-pampa-siguen-mendoza-san-luis-y-cordoba\/\" aria-label=\"Leer m\u00e1s sobre Luego de promocionar la temporada en La Pampa siguen Mendoza, San Luis y C\u00f3rdoba\">Leer m\u00e1s<\/a><\/p>\n","protected":false},"author":8,"featured_media":20034,"comment_status":"closed","ping_status":"closed","sticky":false,"template":"","format":"standard","meta":{"_seopress_titles_title":"","_seopress_titles_desc":"","_seopress_robots_index":"","_seopress_robots_follow":"","_seopress_robots_imageindex":"","_seopress_robots_snippet":"","_seopress_robots_primary_cat":"","_seopress_robots_breadcrumbs":"","_seopress_robots_freeze_modified_date":"","_seopress_robots_custom_modified_date":"","_seopress_robots_canonical":"","_seopress_social_fb_title":"","_seopress_social_fb_desc":"","_seopress_social_fb_img":"","_seopress_social_fb_img_attachment_id":0,"_seopress_social_fb_img_width":0,"_seopress_social_fb_img_height":0,"_seopress_social_twitter_title":"","_seopress_social_twitter_desc":"","_seopress_social_twitter_img":"","_seopress_social_twitter_img_attachment_id":0,"_seopress_social_twitter_img_width":0,"_seopress_social_twitter_img_height":0,"_seopress_redirections_value":"","_seopress_redirections_enabled":"","_seopress_redirections_enabled_regex":"","_seopress_redirections_logged_status":"","_seopress_redirections_param":"","_seopress_redirections_type":0,"_seopress_analysis_target_kw":"","_joinchat":[],"footnotes":""},"categories":[473,1],"tags":[1314,789,1313,428],"class_list":["post-20030","post","type-post","status-publish","format-standard","has-post-thumbnail","hentry","category-desarrollo-turistico","category-turismo","tag-monte-hermoso-todo-el-ano","tag-promocion","tag-temporada-2025","tag-turismo"],"_links":{"self":[{"href":"https:\/\/montehermoso.gov.ar\/sitio\/wp-json\/wp\/v2\/posts\/20030","targetHints":{"allow":["GET"]}}],"collection":[{"href":"https:\/\/montehermoso.gov.ar\/sitio\/wp-json\/wp\/v2\/posts"}],"about":[{"href":"https:\/\/montehermoso.gov.ar\/sitio\/wp-json\/wp\/v2\/types\/post"}],"author":[{"embeddable":true,"href":"https:\/\/montehermoso.gov.ar\/sitio\/wp-json\/wp\/v2\/users\/8"}],"replies":[{"embeddable":true,"href":"https:\/\/montehermoso.gov.ar\/sitio\/wp-json\/wp\/v2\/comments?post=20030"}],"version-history":[{"count":0,"href":"https:\/\/montehermoso.gov.ar\/sitio\/wp-json\/wp\/v2\/posts\/20030\/revisions"}],"wp:featuredmedia":[{"embeddable":true,"href":"https:\/\/montehermoso.gov.ar\/sitio\/wp-json\/wp\/v2\/media\/20034"}],"wp:attachment":[{"href":"https:\/\/montehermoso.gov.ar\/sitio\/wp-json\/wp\/v2\/media?parent=20030"}],"wp:term":[{"taxonomy":"category","embeddable":true,"href":"https:\/\/montehermoso.gov.ar\/sitio\/wp-json\/wp\/v2\/categories?post=20030"},{"taxonomy":"post_tag","embeddable":true,"href":"https:\/\/montehermoso.gov.ar\/sitio\/wp-json\/wp\/v2\/tags?post=20030"}],"curies":[{"name":"wp","href":"https:\/\/api.w.org\/{rel}","templated":true}]}}