{"id":19118,"date":"2024-07-11T13:03:54","date_gmt":"2024-07-11T16:03:54","guid":{"rendered":"https:\/\/montehermoso.gov.ar\/sitio\/?p=19118"},"modified":"2024-07-11T13:03:54","modified_gmt":"2024-07-11T16:03:54","slug":"monte-hermoso-ya-cuenta-con-una-nueva-camada-de-egresados-universitarios-2","status":"publish","type":"post","link":"https:\/\/montehermoso.gov.ar\/sitio\/monte-hermoso-ya-cuenta-con-una-nueva-camada-de-egresados-universitarios-2\/","title":{"rendered":"Monte Hermoso ya cuenta con una nueva camada de egresados universitarios"},"content":{"rendered":"\n<p class=\"wp-block-paragraph\">Ayer por la ma\u00f1ana en un Centro de Convenciones colmado de familiares y autoridades tuvo lugar el acto de colaci\u00f3n de la Universidad Provincial del Sudoeste en el que recibieron sus diplomas veinti\u00fan egresados de la carrera de Martillero y Corredor P\u00fablico y una T\u00e9cnica en Acompa\u00f1amiento Terap\u00e9utico, todos vecinos de nuestra ciudad y la regi\u00f3n, transformados hoy en recurso humano profesional.<\/p>\n\n\n\n<p class=\"wp-block-paragraph\">El Jefe Comunal presidi\u00f3 la ceremonia y expres\u00f3 su emoci\u00f3n por \u201ceste momento particular en que las y los estudiantes reciben sus t\u00edtulos en su propia casa, algo que solo nos permite esta universidad p\u00fablica provincial\u201d.<\/p>\n\n\n\n<p class=\"wp-block-paragraph\">\u201cSon oportunidades \u00fanicas que nos brinda la UPSO desde su llegada en 2007 y que permiti\u00f3 crecimiento y posibilidades educativas con nuevos profesionales, evitando el desarraigo y la imposibilidad de que un vecino con familia, trabajo u otras responsabilidades&nbsp; trunque sus ganas de formarse acad\u00e9micamente\u201d.<\/p>\n\n\n\n<p class=\"wp-block-paragraph\">\u201cComo comunidad tenemos que defender y destacar lo que hace nuestra Provincia por la educaci\u00f3n\u201d asever\u00f3.<\/p>\n\n\n\n<p class=\"wp-block-paragraph\">Por su parte la rectora de la UPSO, Dra. Andrea Savoretti, expres\u00f3 que \u201cver el sal\u00f3n lleno y repetir esta experiencia que nos sucede cada vez que venimos a Monte Hermoso es emocionante. Es para nosotros una sede muy querida que valoramos tanto por el compromiso del gobierno municipal como por el de su comunidad, por el acompa\u00f1amiento permanente de todas y todos\u201d.<\/p>\n\n\n\n<p class=\"wp-block-paragraph\">Refiri\u00e9ndose a las y los egresados manifest\u00f3 que \u201custedes son el principal motivo por el que universidad existe, hicieron su mayor esfuerzo y hoy culmina una etapa; se pueden hacer grandes cosas con una sociedad comprometida\u201d.<\/p>\n\n\n\n<p class=\"wp-block-paragraph\">\u201cQuiero hacer extensivo el agradecimiento al gobierno provincial por permitirnos dictar carreras en distintos territorios de manera gratuita y el gran compromiso del gobierno local por el esfuerzo y trabajo mancomunado sumado a la confianza puesta en nosotros\u201d.<\/p>\n\n\n\n<p class=\"wp-block-paragraph\">Desde el 2007 hasta la fecha, la UPSO dict\u00f3 doce carreras y ya cuenta con un total de 89 egresados.<\/p>\n\n\n\n<p class=\"wp-block-paragraph\">Adem\u00e1s, ya se anunci\u00f3 la nueva oferta acad\u00e9mica 2025 de Diplomatura Universitaria en Gesti\u00f3n Administrativa y la Tecnicatura Universitaria en Creaci\u00f3n y Gesti\u00f3n de PyMes.<\/p>\n\n\n\n<p class=\"wp-block-paragraph\">Tambi\u00e9n participaron de la ceremonia concejales, consejeros escolares, funcionarios del Gabinete Ejecutivo y autoridades educativas.<\/p>\n\n\n\n<figure class=\"wp-block-gallery has-nested-images columns-default is-cropped wp-block-gallery-1 is-layout-flex wp-block-gallery-is-layout-flex\">\n<figure class=\"wp-block-image size-large\"><img alt=\"\" fetchpriority=\"high\" decoding=\"async\" width=\"1024\" height=\"682\" data-id=\"19120\" src=\"https:\/\/montehermoso.gov.ar\/sitio\/wp-content\/uploads\/WhatsApp-Image-2024-07-11-at-12.45.46-5-1024x682.jpeg\" alt=\"\" class=\"wp-image-19120\" srcset=\"https:\/\/montehermoso.gov.ar\/sitio\/wp-content\/uploads\/WhatsApp-Image-2024-07-11-at-12.45.46-5-1024x682.jpeg 1024w, https:\/\/montehermoso.gov.ar\/sitio\/wp-content\/uploads\/WhatsApp-Image-2024-07-11-at-12.45.46-5-300x200.jpeg 300w, https:\/\/montehermoso.gov.ar\/sitio\/wp-content\/uploads\/WhatsApp-Image-2024-07-11-at-12.45.46-5-768x512.jpeg 768w, https:\/\/montehermoso.gov.ar\/sitio\/wp-content\/uploads\/WhatsApp-Image-2024-07-11-at-12.45.46-5-1536x1023.jpeg 1536w, https:\/\/montehermoso.gov.ar\/sitio\/wp-content\/uploads\/WhatsApp-Image-2024-07-11-at-12.45.46-5-1320x879.jpeg 1320w, https:\/\/montehermoso.gov.ar\/sitio\/wp-content\/uploads\/WhatsApp-Image-2024-07-11-at-12.45.46-5.jpeg 1600w\" sizes=\"(max-width: 1024px) 100vw, 1024px\" \/><\/figure>\n\n\n\n<figure class=\"wp-block-image size-large\"><img alt=\"\" decoding=\"async\" width=\"1024\" height=\"682\" data-id=\"19121\" src=\"https:\/\/montehermoso.gov.ar\/sitio\/wp-content\/uploads\/WhatsApp-Image-2024-07-11-at-12.45.46-4-1024x682.jpeg\" alt=\"\" class=\"wp-image-19121\" srcset=\"https:\/\/montehermoso.gov.ar\/sitio\/wp-content\/uploads\/WhatsApp-Image-2024-07-11-at-12.45.46-4-1024x682.jpeg 1024w, https:\/\/montehermoso.gov.ar\/sitio\/wp-content\/uploads\/WhatsApp-Image-2024-07-11-at-12.45.46-4-300x200.jpeg 300w, https:\/\/montehermoso.gov.ar\/sitio\/wp-content\/uploads\/WhatsApp-Image-2024-07-11-at-12.45.46-4-768x512.jpeg 768w, https:\/\/montehermoso.gov.ar\/sitio\/wp-content\/uploads\/WhatsApp-Image-2024-07-11-at-12.45.46-4-1536x1023.jpeg 1536w, https:\/\/montehermoso.gov.ar\/sitio\/wp-content\/uploads\/WhatsApp-Image-2024-07-11-at-12.45.46-4-1320x879.jpeg 1320w, https:\/\/montehermoso.gov.ar\/sitio\/wp-content\/uploads\/WhatsApp-Image-2024-07-11-at-12.45.46-4.jpeg 1600w\" sizes=\"(max-width: 1024px) 100vw, 1024px\" \/><\/figure>\n\n\n\n<figure class=\"wp-block-image size-large\"><img alt=\"\" decoding=\"async\" width=\"1024\" height=\"682\" data-id=\"19122\" src=\"https:\/\/montehermoso.gov.ar\/sitio\/wp-content\/uploads\/WhatsApp-Image-2024-07-11-at-12.45.46-3-1024x682.jpeg\" alt=\"\" class=\"wp-image-19122\" srcset=\"https:\/\/montehermoso.gov.ar\/sitio\/wp-content\/uploads\/WhatsApp-Image-2024-07-11-at-12.45.46-3-1024x682.jpeg 1024w, https:\/\/montehermoso.gov.ar\/sitio\/wp-content\/uploads\/WhatsApp-Image-2024-07-11-at-12.45.46-3-300x200.jpeg 300w, https:\/\/montehermoso.gov.ar\/sitio\/wp-content\/uploads\/WhatsApp-Image-2024-07-11-at-12.45.46-3-768x512.jpeg 768w, https:\/\/montehermoso.gov.ar\/sitio\/wp-content\/uploads\/WhatsApp-Image-2024-07-11-at-12.45.46-3-1536x1023.jpeg 1536w, https:\/\/montehermoso.gov.ar\/sitio\/wp-content\/uploads\/WhatsApp-Image-2024-07-11-at-12.45.46-3-1320x879.jpeg 1320w, https:\/\/montehermoso.gov.ar\/sitio\/wp-content\/uploads\/WhatsApp-Image-2024-07-11-at-12.45.46-3.jpeg 1600w\" sizes=\"(max-width: 1024px) 100vw, 1024px\" \/><\/figure>\n\n\n\n<figure class=\"wp-block-image size-large\"><img alt=\"\" loading=\"lazy\" decoding=\"async\" width=\"1024\" height=\"682\" data-id=\"19123\" src=\"https:\/\/montehermoso.gov.ar\/sitio\/wp-content\/uploads\/WhatsApp-Image-2024-07-11-at-12.45.46-2-1024x682.jpeg\" alt=\"\" class=\"wp-image-19123\" srcset=\"https:\/\/montehermoso.gov.ar\/sitio\/wp-content\/uploads\/WhatsApp-Image-2024-07-11-at-12.45.46-2-1024x682.jpeg 1024w, https:\/\/montehermoso.gov.ar\/sitio\/wp-content\/uploads\/WhatsApp-Image-2024-07-11-at-12.45.46-2-300x200.jpeg 300w, https:\/\/montehermoso.gov.ar\/sitio\/wp-content\/uploads\/WhatsApp-Image-2024-07-11-at-12.45.46-2-768x512.jpeg 768w, https:\/\/montehermoso.gov.ar\/sitio\/wp-content\/uploads\/WhatsApp-Image-2024-07-11-at-12.45.46-2-1536x1023.jpeg 1536w, https:\/\/montehermoso.gov.ar\/sitio\/wp-content\/uploads\/WhatsApp-Image-2024-07-11-at-12.45.46-2-1320x879.jpeg 1320w, https:\/\/montehermoso.gov.ar\/sitio\/wp-content\/uploads\/WhatsApp-Image-2024-07-11-at-12.45.46-2.jpeg 1600w\" sizes=\"(max-width: 1024px) 100vw, 1024px\" \/><\/figure>\n\n\n\n<figure class=\"wp-block-image size-large\"><img alt=\"\" loading=\"lazy\" decoding=\"async\" width=\"1024\" height=\"682\" data-id=\"19124\" src=\"https:\/\/montehermoso.gov.ar\/sitio\/wp-content\/uploads\/WhatsApp-Image-2024-07-11-at-12.45.46-1-1024x682.jpeg\" alt=\"\" class=\"wp-image-19124\" srcset=\"https:\/\/montehermoso.gov.ar\/sitio\/wp-content\/uploads\/WhatsApp-Image-2024-07-11-at-12.45.46-1-1024x682.jpeg 1024w, https:\/\/montehermoso.gov.ar\/sitio\/wp-content\/uploads\/WhatsApp-Image-2024-07-11-at-12.45.46-1-300x200.jpeg 300w, https:\/\/montehermoso.gov.ar\/sitio\/wp-content\/uploads\/WhatsApp-Image-2024-07-11-at-12.45.46-1-768x512.jpeg 768w, https:\/\/montehermoso.gov.ar\/sitio\/wp-content\/uploads\/WhatsApp-Image-2024-07-11-at-12.45.46-1-1536x1023.jpeg 1536w, https:\/\/montehermoso.gov.ar\/sitio\/wp-content\/uploads\/WhatsApp-Image-2024-07-11-at-12.45.46-1-1320x879.jpeg 1320w, https:\/\/montehermoso.gov.ar\/sitio\/wp-content\/uploads\/WhatsApp-Image-2024-07-11-at-12.45.46-1.jpeg 1600w\" sizes=\"(max-width: 1024px) 100vw, 1024px\" \/><\/figure>\n<\/figure>\n","protected":false},"excerpt":{"rendered":"<p>Ayer por la ma\u00f1ana en un Centro de Convenciones colmado de familiares y autoridades tuvo lugar el acto de colaci\u00f3n de la Universidad Provincial del Sudoeste en el que recibieron sus diplomas veinti\u00fan egresados de la carrera de Martillero y Corredor P\u00fablico y una T\u00e9cnica en Acompa\u00f1amiento Terap\u00e9utico, todos vecinos de nuestra ciudad y la &#8230; <a title=\"Monte Hermoso ya cuenta con una nueva camada de egresados universitarios\" class=\"read-more\" href=\"https:\/\/montehermoso.gov.ar\/sitio\/monte-hermoso-ya-cuenta-con-una-nueva-camada-de-egresados-universitarios-2\/\" aria-label=\"Leer m\u00e1s sobre Monte Hermoso ya cuenta con una nueva camada de egresados universitarios\">Leer m\u00e1s<\/a><\/p>\n","protected":false},"author":8,"featured_media":19119,"comment_status":"closed","ping_status":"closed","sticky":false,"template":"","format":"standard","meta":{"_seopress_titles_title":"","_seopress_titles_desc":"","_seopress_robots_index":"","_seopress_robots_follow":"","_seopress_robots_imageindex":"","_seopress_robots_snippet":"","_seopress_robots_primary_cat":"","_seopress_robots_breadcrumbs":"","_seopress_robots_freeze_modified_date":"","_seopress_robots_custom_modified_date":"","_seopress_robots_canonical":"","_seopress_social_fb_title":"","_seopress_social_fb_desc":"","_seopress_social_fb_img":"","_seopress_social_fb_img_attachment_id":0,"_seopress_social_fb_img_width":0,"_seopress_social_fb_img_height":0,"_seopress_social_twitter_title":"","_seopress_social_twitter_desc":"","_seopress_social_twitter_img":"","_seopress_social_twitter_img_attachment_id":0,"_seopress_social_twitter_img_width":0,"_seopress_social_twitter_img_height":0,"_seopress_redirections_value":"","_seopress_redirections_enabled":"","_seopress_redirections_enabled_regex":"","_seopress_redirections_logged_status":"","_seopress_redirections_param":"","_seopress_redirections_type":0,"_seopress_analysis_target_kw":"","_joinchat":[],"footnotes":""},"categories":[3,1097],"tags":[523,560,553],"class_list":["post-19118","post","type-post","status-publish","format-standard","has-post-thumbnail","hentry","category-educacion","category-upso","tag-educacion","tag-egresados","tag-upso"],"_links":{"self":[{"href":"https:\/\/montehermoso.gov.ar\/sitio\/wp-json\/wp\/v2\/posts\/19118","targetHints":{"allow":["GET"]}}],"collection":[{"href":"https:\/\/montehermoso.gov.ar\/sitio\/wp-json\/wp\/v2\/posts"}],"about":[{"href":"https:\/\/montehermoso.gov.ar\/sitio\/wp-json\/wp\/v2\/types\/post"}],"author":[{"embeddable":true,"href":"https:\/\/montehermoso.gov.ar\/sitio\/wp-json\/wp\/v2\/users\/8"}],"replies":[{"embeddable":true,"href":"https:\/\/montehermoso.gov.ar\/sitio\/wp-json\/wp\/v2\/comments?post=19118"}],"version-history":[{"count":0,"href":"https:\/\/montehermoso.gov.ar\/sitio\/wp-json\/wp\/v2\/posts\/19118\/revisions"}],"wp:featuredmedia":[{"embeddable":true,"href":"https:\/\/montehermoso.gov.ar\/sitio\/wp-json\/wp\/v2\/media\/19119"}],"wp:attachment":[{"href":"https:\/\/montehermoso.gov.ar\/sitio\/wp-json\/wp\/v2\/media?parent=19118"}],"wp:term":[{"taxonomy":"category","embeddable":true,"href":"https:\/\/montehermoso.gov.ar\/sitio\/wp-json\/wp\/v2\/categories?post=19118"},{"taxonomy":"post_tag","embeddable":true,"href":"https:\/\/montehermoso.gov.ar\/sitio\/wp-json\/wp\/v2\/tags?post=19118"}],"curies":[{"name":"wp","href":"https:\/\/api.w.org\/{rel}","templated":true}]}}