{"id":19040,"date":"2024-07-03T13:56:04","date_gmt":"2024-07-03T16:56:04","guid":{"rendered":"https:\/\/montehermoso.gov.ar\/sitio\/?p=19040"},"modified":"2024-07-03T13:56:04","modified_gmt":"2024-07-03T16:56:04","slug":"el-intendente-destaco-el-rol-historico-de-la-cooperativa-electrica-al-celebrarse-su-75-aniversario","status":"publish","type":"post","link":"https:\/\/montehermoso.gov.ar\/sitio\/el-intendente-destaco-el-rol-historico-de-la-cooperativa-electrica-al-celebrarse-su-75-aniversario\/","title":{"rendered":"El Intendente destac\u00f3 el rol hist\u00f3rico de la Cooperativa El\u00e9ctrica al celebrarse su 75\u00b0 aniversario"},"content":{"rendered":"\n<p class=\"wp-block-paragraph\">Con la presencia del intendente Hern\u00e1n Arranz, el presidente del Concejo Deliberante, Diego Ramil y dem\u00e1s concejales, funcionarios del Ejecutivo Municipal y representantes de la Federaci\u00f3n Argentina de Cooperativistas El\u00e9ctricas (FACE), la Cooperativa El\u00e9ctrica de Monte Hermoso Limitada celebr\u00f3 un nuevo a\u00f1o desde su creaci\u00f3n en 1949.<\/p>\n\n\n\n<p class=\"wp-block-paragraph\">El presidente del Consejo de Administraci\u00f3n, Ing. Rub\u00e9n Valerio, salud\u00f3 y agradeci\u00f3 a todos los presentes por acompa\u00f1ar la celebraci\u00f3n y manifest\u00f3 sentir \u201cun orgullo enorme ya que hemos arrancado con 129 usuarios y hoy tenemos casi 15.000 lo que demuestra como creci\u00f3 Monte Hermoso con el paso del tiempo\u201d.<\/p>\n\n\n\n<p class=\"wp-block-paragraph\">\u201cAc\u00e1 hay gente que trabaj\u00f3 mucho y codo a codo con la Municipalidad que fue y es un importante respaldo para el crecimiento de la Cooperativa El\u00e9ctrica y de la ciudad en su conjunto\u201d.<\/p>\n\n\n\n<p class=\"wp-block-paragraph\">El Jefe Comunal particip\u00f3 del corte de torta aniversario y entreg\u00f3 una placa en conmemoraci\u00f3n adem\u00e1s de reconocer la labor de \u201ccada empleado y ex empleado que siempre est\u00e1n para dar soluciones\u201d<\/p>\n\n\n\n<p class=\"wp-block-paragraph\">\u201cEsta es una de las instituciones m\u00e1s prestigiosas de nuestra ciudad con un notable crecimiento\u201d expres\u00f3 y destac\u00f3 que \u201cmucha gente particip\u00f3 a lo largo de su historia y ha dejado todo en pos de la solidaridad y el avance de este pueblo logrando lo que un privado no hubiera estado dispuesto a hacer\u201d.<\/p>\n\n\n\n<p class=\"wp-block-paragraph\">\u201cHan pasado muchos Intendentes y Presidentes de esta entidad que tomaron decisiones correctas para el avance de esta ciudad con din\u00e1micas que cambian de invierno a verano\u201d.<\/p>\n\n\n\n<p class=\"wp-block-paragraph\">\u201cEsta Cooperativa trabaja dando soluciones con la misma visi\u00f3n que han tenido nuestros pioneros y con la que tenemos que tener nosotros para construir el Monte Hermoso de los pr\u00f3ximos 30 o 50 a\u00f1os\u201d.<\/p>\n\n\n\n<p class=\"wp-block-paragraph\">Tambi\u00e9n estuvieron presentes representantes de la Federaci\u00f3n de Cooperativas de Electricidad y Servicios P\u00fablicos de la Provincia de Buenos Aires limitada (FEDECOBA), dirigentes y funcionarios de las Cooperativas El\u00e9ctricas hermanas de Coronel Dorrego, Punta alta, El Perdido, Oriente, Tres Arroyos, Sierra de la Ventana, Tornquist y Pig\u00fc\u00e9, empleados y ex empleados.<\/p>\n\n\n\n<p class=\"wp-block-paragraph\"><strong><em>Un poco de historia<\/em><\/strong><\/p>\n\n\n\n<p class=\"wp-block-paragraph\">Un 3 de julio de 1949 un grupo de vecinos se re\u00fanen en el PACO\u2019S BAR, con la necesidad de todo un pueblo de crear una Cooperativa.<\/p>\n\n\n\n<p class=\"wp-block-paragraph\">Ese d\u00eda se conforma el primer Consejo de Administraci\u00f3n que queda integrado de la siguiente manera:<\/p>\n\n\n\n<p class=\"wp-block-paragraph\">PRESIDENTE: Emilio Zubiri<\/p>\n\n\n\n<p class=\"wp-block-paragraph\">VICEPRESIDENTE: Roberto Carminatti<\/p>\n\n\n\n<p class=\"wp-block-paragraph\">SECRETARIO: F\u00e9lix Bautista<\/p>\n\n\n\n<p class=\"wp-block-paragraph\">PRO SECRETARIO: Luis Calissano<\/p>\n\n\n\n<p class=\"wp-block-paragraph\">TESORERO: Juan Crego<\/p>\n\n\n\n<p class=\"wp-block-paragraph\">PRO TESORERO: Rudecindo P\u00e1ez<\/p>\n\n\n\n<p class=\"wp-block-paragraph\">VOCALES TITULARES: Ra\u00fal Bagur, Rodolfo Paghera, Melquiades Marchessi, Isidoro Rusconi, H\u00e9ctor Barrios, Pedro Caramelli, Francisco Gordillo.<\/p>\n\n\n\n<p class=\"wp-block-paragraph\">S\u00cdNDICO TITULAR: Manuel Carrera<\/p>\n\n\n\n<p class=\"wp-block-paragraph\">S\u00cdNDICO SUPLENTE: \u00c1ngel Mart\u00ednez Inicialmente cont\u00f3 con 86 socios que iniciaron con una cuota societaria de 100 pesos moneda nacional cada uno. Las primeras acciones de la flamante Cooperativa fueron la adquisici\u00f3n de dos motores, marcaGenerals Motor, para la generaci\u00f3n de la energ\u00eda el\u00e9ctrica, cada motor ten\u00eda una potencia de 30 kw. En la gesti\u00f3n para la compra de los motores tuvo una destacada participaci\u00f3n Don Rodolfo Majluf, quien junto con Salum.<br><br><\/p>\n\n\n\n<figure class=\"wp-block-gallery has-nested-images columns-default is-cropped wp-block-gallery-1 is-layout-flex wp-block-gallery-is-layout-flex\">\n<figure class=\"wp-block-image size-large\"><img alt=\"\" fetchpriority=\"high\" decoding=\"async\" width=\"1024\" height=\"682\" data-id=\"19042\" src=\"https:\/\/montehermoso.gov.ar\/sitio\/wp-content\/uploads\/WhatsApp-Image-2024-07-03-at-13.41.46-5-1024x682.jpeg\" alt=\"\" class=\"wp-image-19042\" srcset=\"https:\/\/montehermoso.gov.ar\/sitio\/wp-content\/uploads\/WhatsApp-Image-2024-07-03-at-13.41.46-5-1024x682.jpeg 1024w, https:\/\/montehermoso.gov.ar\/sitio\/wp-content\/uploads\/WhatsApp-Image-2024-07-03-at-13.41.46-5-300x200.jpeg 300w, https:\/\/montehermoso.gov.ar\/sitio\/wp-content\/uploads\/WhatsApp-Image-2024-07-03-at-13.41.46-5-768x512.jpeg 768w, https:\/\/montehermoso.gov.ar\/sitio\/wp-content\/uploads\/WhatsApp-Image-2024-07-03-at-13.41.46-5-1536x1023.jpeg 1536w, https:\/\/montehermoso.gov.ar\/sitio\/wp-content\/uploads\/WhatsApp-Image-2024-07-03-at-13.41.46-5-1320x879.jpeg 1320w, https:\/\/montehermoso.gov.ar\/sitio\/wp-content\/uploads\/WhatsApp-Image-2024-07-03-at-13.41.46-5.jpeg 1600w\" sizes=\"(max-width: 1024px) 100vw, 1024px\" \/><\/figure>\n\n\n\n<figure class=\"wp-block-image size-large\"><img alt=\"\" decoding=\"async\" width=\"1024\" height=\"682\" data-id=\"19043\" src=\"https:\/\/montehermoso.gov.ar\/sitio\/wp-content\/uploads\/WhatsApp-Image-2024-07-03-at-13.41.46-4-1024x682.jpeg\" alt=\"\" class=\"wp-image-19043\" srcset=\"https:\/\/montehermoso.gov.ar\/sitio\/wp-content\/uploads\/WhatsApp-Image-2024-07-03-at-13.41.46-4-1024x682.jpeg 1024w, https:\/\/montehermoso.gov.ar\/sitio\/wp-content\/uploads\/WhatsApp-Image-2024-07-03-at-13.41.46-4-300x200.jpeg 300w, https:\/\/montehermoso.gov.ar\/sitio\/wp-content\/uploads\/WhatsApp-Image-2024-07-03-at-13.41.46-4-768x512.jpeg 768w, https:\/\/montehermoso.gov.ar\/sitio\/wp-content\/uploads\/WhatsApp-Image-2024-07-03-at-13.41.46-4-1536x1023.jpeg 1536w, https:\/\/montehermoso.gov.ar\/sitio\/wp-content\/uploads\/WhatsApp-Image-2024-07-03-at-13.41.46-4-1320x879.jpeg 1320w, https:\/\/montehermoso.gov.ar\/sitio\/wp-content\/uploads\/WhatsApp-Image-2024-07-03-at-13.41.46-4.jpeg 1600w\" sizes=\"(max-width: 1024px) 100vw, 1024px\" \/><\/figure>\n\n\n\n<figure class=\"wp-block-image size-large\"><img alt=\"\" decoding=\"async\" width=\"1024\" height=\"682\" data-id=\"19041\" src=\"https:\/\/montehermoso.gov.ar\/sitio\/wp-content\/uploads\/WhatsApp-Image-2024-07-03-at-13.41.46-6-1024x682.jpeg\" alt=\"\" class=\"wp-image-19041\" srcset=\"https:\/\/montehermoso.gov.ar\/sitio\/wp-content\/uploads\/WhatsApp-Image-2024-07-03-at-13.41.46-6-1024x682.jpeg 1024w, https:\/\/montehermoso.gov.ar\/sitio\/wp-content\/uploads\/WhatsApp-Image-2024-07-03-at-13.41.46-6-300x200.jpeg 300w, https:\/\/montehermoso.gov.ar\/sitio\/wp-content\/uploads\/WhatsApp-Image-2024-07-03-at-13.41.46-6-768x512.jpeg 768w, https:\/\/montehermoso.gov.ar\/sitio\/wp-content\/uploads\/WhatsApp-Image-2024-07-03-at-13.41.46-6-1536x1023.jpeg 1536w, https:\/\/montehermoso.gov.ar\/sitio\/wp-content\/uploads\/WhatsApp-Image-2024-07-03-at-13.41.46-6-1320x879.jpeg 1320w, https:\/\/montehermoso.gov.ar\/sitio\/wp-content\/uploads\/WhatsApp-Image-2024-07-03-at-13.41.46-6.jpeg 1600w\" sizes=\"(max-width: 1024px) 100vw, 1024px\" \/><\/figure>\n\n\n\n<figure class=\"wp-block-image size-large\"><img alt=\"\" loading=\"lazy\" decoding=\"async\" width=\"1024\" height=\"682\" data-id=\"19045\" src=\"https:\/\/montehermoso.gov.ar\/sitio\/wp-content\/uploads\/WhatsApp-Image-2024-07-03-at-13.41.46-2-1024x682.jpeg\" alt=\"\" class=\"wp-image-19045\" srcset=\"https:\/\/montehermoso.gov.ar\/sitio\/wp-content\/uploads\/WhatsApp-Image-2024-07-03-at-13.41.46-2-1024x682.jpeg 1024w, https:\/\/montehermoso.gov.ar\/sitio\/wp-content\/uploads\/WhatsApp-Image-2024-07-03-at-13.41.46-2-300x200.jpeg 300w, https:\/\/montehermoso.gov.ar\/sitio\/wp-content\/uploads\/WhatsApp-Image-2024-07-03-at-13.41.46-2-768x512.jpeg 768w, https:\/\/montehermoso.gov.ar\/sitio\/wp-content\/uploads\/WhatsApp-Image-2024-07-03-at-13.41.46-2-1536x1023.jpeg 1536w, https:\/\/montehermoso.gov.ar\/sitio\/wp-content\/uploads\/WhatsApp-Image-2024-07-03-at-13.41.46-2-1320x879.jpeg 1320w, https:\/\/montehermoso.gov.ar\/sitio\/wp-content\/uploads\/WhatsApp-Image-2024-07-03-at-13.41.46-2.jpeg 1600w\" sizes=\"(max-width: 1024px) 100vw, 1024px\" \/><\/figure>\n\n\n\n<figure class=\"wp-block-image size-large\"><img alt=\"\" loading=\"lazy\" decoding=\"async\" width=\"1024\" height=\"682\" data-id=\"19046\" src=\"https:\/\/montehermoso.gov.ar\/sitio\/wp-content\/uploads\/WhatsApp-Image-2024-07-03-at-13.41.46-1-1024x682.jpeg\" alt=\"\" class=\"wp-image-19046\" srcset=\"https:\/\/montehermoso.gov.ar\/sitio\/wp-content\/uploads\/WhatsApp-Image-2024-07-03-at-13.41.46-1-1024x682.jpeg 1024w, https:\/\/montehermoso.gov.ar\/sitio\/wp-content\/uploads\/WhatsApp-Image-2024-07-03-at-13.41.46-1-300x200.jpeg 300w, https:\/\/montehermoso.gov.ar\/sitio\/wp-content\/uploads\/WhatsApp-Image-2024-07-03-at-13.41.46-1-768x512.jpeg 768w, https:\/\/montehermoso.gov.ar\/sitio\/wp-content\/uploads\/WhatsApp-Image-2024-07-03-at-13.41.46-1-1536x1023.jpeg 1536w, https:\/\/montehermoso.gov.ar\/sitio\/wp-content\/uploads\/WhatsApp-Image-2024-07-03-at-13.41.46-1-1320x879.jpeg 1320w, https:\/\/montehermoso.gov.ar\/sitio\/wp-content\/uploads\/WhatsApp-Image-2024-07-03-at-13.41.46-1.jpeg 1600w\" sizes=\"(max-width: 1024px) 100vw, 1024px\" \/><\/figure>\n\n\n\n<figure class=\"wp-block-image size-large\"><img alt=\"\" loading=\"lazy\" decoding=\"async\" width=\"1024\" height=\"682\" data-id=\"19047\" src=\"https:\/\/montehermoso.gov.ar\/sitio\/wp-content\/uploads\/WhatsApp-Image-2024-07-03-at-13.41.46-1024x682.jpeg\" alt=\"\" class=\"wp-image-19047\" srcset=\"https:\/\/montehermoso.gov.ar\/sitio\/wp-content\/uploads\/WhatsApp-Image-2024-07-03-at-13.41.46-1024x682.jpeg 1024w, https:\/\/montehermoso.gov.ar\/sitio\/wp-content\/uploads\/WhatsApp-Image-2024-07-03-at-13.41.46-300x200.jpeg 300w, https:\/\/montehermoso.gov.ar\/sitio\/wp-content\/uploads\/WhatsApp-Image-2024-07-03-at-13.41.46-768x512.jpeg 768w, https:\/\/montehermoso.gov.ar\/sitio\/wp-content\/uploads\/WhatsApp-Image-2024-07-03-at-13.41.46-1536x1023.jpeg 1536w, https:\/\/montehermoso.gov.ar\/sitio\/wp-content\/uploads\/WhatsApp-Image-2024-07-03-at-13.41.46-1320x879.jpeg 1320w, https:\/\/montehermoso.gov.ar\/sitio\/wp-content\/uploads\/WhatsApp-Image-2024-07-03-at-13.41.46.jpeg 1600w\" sizes=\"(max-width: 1024px) 100vw, 1024px\" \/><\/figure>\n\n\n\n<figure class=\"wp-block-image size-large\"><img alt=\"\" loading=\"lazy\" decoding=\"async\" width=\"1024\" height=\"682\" data-id=\"19048\" src=\"https:\/\/montehermoso.gov.ar\/sitio\/wp-content\/uploads\/WhatsApp-Image-2024-07-03-at-13.41.45-1024x682.jpeg\" alt=\"\" class=\"wp-image-19048\" srcset=\"https:\/\/montehermoso.gov.ar\/sitio\/wp-content\/uploads\/WhatsApp-Image-2024-07-03-at-13.41.45-1024x682.jpeg 1024w, https:\/\/montehermoso.gov.ar\/sitio\/wp-content\/uploads\/WhatsApp-Image-2024-07-03-at-13.41.45-300x200.jpeg 300w, https:\/\/montehermoso.gov.ar\/sitio\/wp-content\/uploads\/WhatsApp-Image-2024-07-03-at-13.41.45-768x512.jpeg 768w, https:\/\/montehermoso.gov.ar\/sitio\/wp-content\/uploads\/WhatsApp-Image-2024-07-03-at-13.41.45-1536x1023.jpeg 1536w, https:\/\/montehermoso.gov.ar\/sitio\/wp-content\/uploads\/WhatsApp-Image-2024-07-03-at-13.41.45-1320x879.jpeg 1320w, https:\/\/montehermoso.gov.ar\/sitio\/wp-content\/uploads\/WhatsApp-Image-2024-07-03-at-13.41.45.jpeg 1600w\" sizes=\"(max-width: 1024px) 100vw, 1024px\" \/><\/figure>\n<\/figure>\n","protected":false},"excerpt":{"rendered":"<p>Con la presencia del intendente Hern\u00e1n Arranz, el presidente del Concejo Deliberante, Diego Ramil y dem\u00e1s concejales, funcionarios del Ejecutivo Municipal y representantes de la Federaci\u00f3n Argentina de Cooperativistas El\u00e9ctricas (FACE), la Cooperativa El\u00e9ctrica de Monte Hermoso Limitada celebr\u00f3 un nuevo a\u00f1o desde su creaci\u00f3n en 1949. El presidente del Consejo de Administraci\u00f3n, Ing. Rub\u00e9n &#8230; <a title=\"El Intendente destac\u00f3 el rol hist\u00f3rico de la Cooperativa El\u00e9ctrica al celebrarse su 75\u00b0 aniversario\" class=\"read-more\" href=\"https:\/\/montehermoso.gov.ar\/sitio\/el-intendente-destaco-el-rol-historico-de-la-cooperativa-electrica-al-celebrarse-su-75-aniversario\/\" aria-label=\"Leer m\u00e1s sobre El Intendente destac\u00f3 el rol hist\u00f3rico de la Cooperativa El\u00e9ctrica al celebrarse su 75\u00b0 aniversario\">Leer m\u00e1s<\/a><\/p>\n","protected":false},"author":8,"featured_media":19048,"comment_status":"closed","ping_status":"closed","sticky":false,"template":"","format":"standard","meta":{"_seopress_titles_title":"","_seopress_titles_desc":"","_seopress_robots_index":"","_seopress_robots_follow":"","_seopress_robots_imageindex":"","_seopress_robots_snippet":"","_seopress_robots_primary_cat":"","_seopress_robots_breadcrumbs":"","_seopress_robots_freeze_modified_date":"","_seopress_robots_custom_modified_date":"","_seopress_robots_canonical":"","_seopress_social_fb_title":"","_seopress_social_fb_desc":"","_seopress_social_fb_img":"","_seopress_social_fb_img_attachment_id":0,"_seopress_social_fb_img_width":0,"_seopress_social_fb_img_height":0,"_seopress_social_twitter_title":"","_seopress_social_twitter_desc":"","_seopress_social_twitter_img":"","_seopress_social_twitter_img_attachment_id":0,"_seopress_social_twitter_img_width":0,"_seopress_social_twitter_img_height":0,"_seopress_redirections_value":"","_seopress_redirections_enabled":"","_seopress_redirections_enabled_regex":"","_seopress_redirections_logged_status":"","_seopress_redirections_param":"","_seopress_redirections_type":0,"_seopress_analysis_target_kw":"","_joinchat":[],"footnotes":""},"categories":[259],"tags":[1256,1257,1258],"class_list":["post-19040","post","type-post","status-publish","format-standard","has-post-thumbnail","hentry","category-celebracion","tag-cooperativa","tag-electrica","tag-hernan-2"],"_links":{"self":[{"href":"https:\/\/montehermoso.gov.ar\/sitio\/wp-json\/wp\/v2\/posts\/19040","targetHints":{"allow":["GET"]}}],"collection":[{"href":"https:\/\/montehermoso.gov.ar\/sitio\/wp-json\/wp\/v2\/posts"}],"about":[{"href":"https:\/\/montehermoso.gov.ar\/sitio\/wp-json\/wp\/v2\/types\/post"}],"author":[{"embeddable":true,"href":"https:\/\/montehermoso.gov.ar\/sitio\/wp-json\/wp\/v2\/users\/8"}],"replies":[{"embeddable":true,"href":"https:\/\/montehermoso.gov.ar\/sitio\/wp-json\/wp\/v2\/comments?post=19040"}],"version-history":[{"count":0,"href":"https:\/\/montehermoso.gov.ar\/sitio\/wp-json\/wp\/v2\/posts\/19040\/revisions"}],"wp:featuredmedia":[{"embeddable":true,"href":"https:\/\/montehermoso.gov.ar\/sitio\/wp-json\/wp\/v2\/media\/19048"}],"wp:attachment":[{"href":"https:\/\/montehermoso.gov.ar\/sitio\/wp-json\/wp\/v2\/media?parent=19040"}],"wp:term":[{"taxonomy":"category","embeddable":true,"href":"https:\/\/montehermoso.gov.ar\/sitio\/wp-json\/wp\/v2\/categories?post=19040"},{"taxonomy":"post_tag","embeddable":true,"href":"https:\/\/montehermoso.gov.ar\/sitio\/wp-json\/wp\/v2\/tags?post=19040"}],"curies":[{"name":"wp","href":"https:\/\/api.w.org\/{rel}","templated":true}]}}