{"id":18932,"date":"2024-06-24T13:25:34","date_gmt":"2024-06-24T16:25:34","guid":{"rendered":"https:\/\/montehermoso.gov.ar\/sitio\/?p=18932"},"modified":"2024-06-24T13:25:34","modified_gmt":"2024-06-24T16:25:34","slug":"nuevos-equipos-de-informatica-para-escuelas","status":"publish","type":"post","link":"https:\/\/montehermoso.gov.ar\/sitio\/nuevos-equipos-de-informatica-para-escuelas\/","title":{"rendered":"Nuevos equipos de inform\u00e1tica para escuelas"},"content":{"rendered":"\n<p class=\"wp-block-paragraph\">El jefe de Educaci\u00f3n Distrital, Julio Bello junto al secretario de Gobierno, Ramiro Busca; al presidente del Consejo Escolar, Ariel Llerandi y a la consejera Mar\u00eda Laura Oca\u00f1a hicieron entrega el pasado mi\u00e9rcoles de ocho computadoras a directivos de la Escuela de Educaci\u00f3n Est\u00e9tica y las Secundarias N\u00b0 1, N\u00b0 2 y T\u00e9cnica.<\/p>\n\n\n\n<p class=\"wp-block-paragraph\">\u201cTenemos la alegr\u00eda de poder distribuir a nuestras instituciones educativas este equipamiento que viene de la mano de la gesti\u00f3n municipal en el marco del programa provincial de renovaci\u00f3n tecnol\u00f3gica del nivel secundario y modalidad art\u00edstica\u201d cont\u00f3 Bello.<\/p>\n\n\n\n<p class=\"wp-block-paragraph\">\u201cEsto permitir\u00e1 tener una mejora y actualizaci\u00f3n de los equipamientos para una mejor trayectoria educativa de los alumnos\u201d asegur\u00f3 el Jefe de Educaci\u00f3n Distrital tras la entrega de cuatro PC a la Secundaria T\u00e9cnica; dos a la N\u00b0 1; una para la Secundaria 2 y la restante para la de Est\u00e9tica.<\/p>\n\n\n\n<p class=\"wp-block-paragraph\">Esta nueva entrega de computadoras se suma a las adjudicadas un mes atr\u00e1s a estudiantes secundarios \u201ccon el objetivo de asegurar un impacto positivo en sus aprendizajes y desempe\u00f1o acad\u00e9mico, destacando la importancia de estas inversiones para garantizar que los estudiantes tengan acceso a herramientas modernas que faciliten su educaci\u00f3n\u201d finaliz\u00f3.<\/p>\n\n\n\n<figure class=\"wp-block-gallery has-nested-images columns-default is-cropped wp-block-gallery-1 is-layout-flex wp-block-gallery-is-layout-flex\">\n<figure class=\"wp-block-image size-large\"><img alt=\"\" fetchpriority=\"high\" decoding=\"async\" width=\"1024\" height=\"472\" data-id=\"18933\" src=\"https:\/\/montehermoso.gov.ar\/sitio\/wp-content\/uploads\/WhatsApp-Image-2024-06-24-at-12.42.44-4-1024x472.jpeg\" alt=\"\" class=\"wp-image-18933\" srcset=\"https:\/\/montehermoso.gov.ar\/sitio\/wp-content\/uploads\/WhatsApp-Image-2024-06-24-at-12.42.44-4-1024x472.jpeg 1024w, https:\/\/montehermoso.gov.ar\/sitio\/wp-content\/uploads\/WhatsApp-Image-2024-06-24-at-12.42.44-4-300x138.jpeg 300w, https:\/\/montehermoso.gov.ar\/sitio\/wp-content\/uploads\/WhatsApp-Image-2024-06-24-at-12.42.44-4-768x354.jpeg 768w, https:\/\/montehermoso.gov.ar\/sitio\/wp-content\/uploads\/WhatsApp-Image-2024-06-24-at-12.42.44-4-1536x708.jpeg 1536w, https:\/\/montehermoso.gov.ar\/sitio\/wp-content\/uploads\/WhatsApp-Image-2024-06-24-at-12.42.44-4-1320x608.jpeg 1320w, https:\/\/montehermoso.gov.ar\/sitio\/wp-content\/uploads\/WhatsApp-Image-2024-06-24-at-12.42.44-4.jpeg 1600w\" sizes=\"(max-width: 1024px) 100vw, 1024px\" \/><\/figure>\n\n\n\n<figure class=\"wp-block-image size-large\"><img alt=\"\" decoding=\"async\" width=\"1024\" height=\"472\" data-id=\"18935\" src=\"https:\/\/montehermoso.gov.ar\/sitio\/wp-content\/uploads\/WhatsApp-Image-2024-06-24-at-12.42.44-2-1024x472.jpeg\" alt=\"\" class=\"wp-image-18935\" srcset=\"https:\/\/montehermoso.gov.ar\/sitio\/wp-content\/uploads\/WhatsApp-Image-2024-06-24-at-12.42.44-2-1024x472.jpeg 1024w, https:\/\/montehermoso.gov.ar\/sitio\/wp-content\/uploads\/WhatsApp-Image-2024-06-24-at-12.42.44-2-300x138.jpeg 300w, https:\/\/montehermoso.gov.ar\/sitio\/wp-content\/uploads\/WhatsApp-Image-2024-06-24-at-12.42.44-2-768x354.jpeg 768w, https:\/\/montehermoso.gov.ar\/sitio\/wp-content\/uploads\/WhatsApp-Image-2024-06-24-at-12.42.44-2-1536x708.jpeg 1536w, https:\/\/montehermoso.gov.ar\/sitio\/wp-content\/uploads\/WhatsApp-Image-2024-06-24-at-12.42.44-2-1320x608.jpeg 1320w, https:\/\/montehermoso.gov.ar\/sitio\/wp-content\/uploads\/WhatsApp-Image-2024-06-24-at-12.42.44-2.jpeg 1600w\" sizes=\"(max-width: 1024px) 100vw, 1024px\" \/><\/figure>\n\n\n\n<figure class=\"wp-block-image size-large\"><img alt=\"\" decoding=\"async\" width=\"1024\" height=\"472\" data-id=\"18934\" src=\"https:\/\/montehermoso.gov.ar\/sitio\/wp-content\/uploads\/WhatsApp-Image-2024-06-24-at-12.42.44-3-1024x472.jpeg\" alt=\"\" class=\"wp-image-18934\" srcset=\"https:\/\/montehermoso.gov.ar\/sitio\/wp-content\/uploads\/WhatsApp-Image-2024-06-24-at-12.42.44-3-1024x472.jpeg 1024w, https:\/\/montehermoso.gov.ar\/sitio\/wp-content\/uploads\/WhatsApp-Image-2024-06-24-at-12.42.44-3-300x138.jpeg 300w, https:\/\/montehermoso.gov.ar\/sitio\/wp-content\/uploads\/WhatsApp-Image-2024-06-24-at-12.42.44-3-768x354.jpeg 768w, https:\/\/montehermoso.gov.ar\/sitio\/wp-content\/uploads\/WhatsApp-Image-2024-06-24-at-12.42.44-3-1536x708.jpeg 1536w, https:\/\/montehermoso.gov.ar\/sitio\/wp-content\/uploads\/WhatsApp-Image-2024-06-24-at-12.42.44-3-1320x608.jpeg 1320w, https:\/\/montehermoso.gov.ar\/sitio\/wp-content\/uploads\/WhatsApp-Image-2024-06-24-at-12.42.44-3.jpeg 1600w\" sizes=\"(max-width: 1024px) 100vw, 1024px\" \/><\/figure>\n\n\n\n<figure class=\"wp-block-image size-large\"><img alt=\"\" loading=\"lazy\" decoding=\"async\" width=\"1024\" height=\"472\" data-id=\"18937\" src=\"https:\/\/montehermoso.gov.ar\/sitio\/wp-content\/uploads\/WhatsApp-Image-2024-06-24-at-12.42.44-1024x472.jpeg\" alt=\"\" class=\"wp-image-18937\" srcset=\"https:\/\/montehermoso.gov.ar\/sitio\/wp-content\/uploads\/WhatsApp-Image-2024-06-24-at-12.42.44-1024x472.jpeg 1024w, https:\/\/montehermoso.gov.ar\/sitio\/wp-content\/uploads\/WhatsApp-Image-2024-06-24-at-12.42.44-300x138.jpeg 300w, https:\/\/montehermoso.gov.ar\/sitio\/wp-content\/uploads\/WhatsApp-Image-2024-06-24-at-12.42.44-768x354.jpeg 768w, https:\/\/montehermoso.gov.ar\/sitio\/wp-content\/uploads\/WhatsApp-Image-2024-06-24-at-12.42.44-1536x708.jpeg 1536w, https:\/\/montehermoso.gov.ar\/sitio\/wp-content\/uploads\/WhatsApp-Image-2024-06-24-at-12.42.44-1320x608.jpeg 1320w, https:\/\/montehermoso.gov.ar\/sitio\/wp-content\/uploads\/WhatsApp-Image-2024-06-24-at-12.42.44.jpeg 1600w\" sizes=\"(max-width: 1024px) 100vw, 1024px\" \/><\/figure>\n<\/figure>\n\n\n\n<figure class=\"wp-block-embed is-type-video is-provider-youtube wp-block-embed-youtube wp-embed-aspect-16-9 wp-has-aspect-ratio\"><div class=\"wp-block-embed__wrapper\">\n<iframe title=\"Nuevos equipos de inform\u00e1tica para escuelas\" width=\"1200\" height=\"675\" src=\"https:\/\/www.youtube.com\/embed\/bINs_F_MXUk?feature=oembed\" frameborder=\"0\" allow=\"accelerometer; autoplay; clipboard-write; encrypted-media; gyroscope; picture-in-picture; web-share\" referrerpolicy=\"strict-origin-when-cross-origin\" allowfullscreen><\/iframe>\n<\/div><\/figure>\n","protected":false},"excerpt":{"rendered":"<p>El jefe de Educaci\u00f3n Distrital, Julio Bello junto al secretario de Gobierno, Ramiro Busca; al presidente del Consejo Escolar, Ariel Llerandi y a la consejera Mar\u00eda Laura Oca\u00f1a hicieron entrega el pasado mi\u00e9rcoles de ocho computadoras a directivos de la Escuela de Educaci\u00f3n Est\u00e9tica y las Secundarias N\u00b0 1, N\u00b0 2 y T\u00e9cnica. \u201cTenemos la &#8230; <a title=\"Nuevos equipos de inform\u00e1tica para escuelas\" class=\"read-more\" href=\"https:\/\/montehermoso.gov.ar\/sitio\/nuevos-equipos-de-informatica-para-escuelas\/\" aria-label=\"Leer m\u00e1s sobre Nuevos equipos de inform\u00e1tica para escuelas\">Leer m\u00e1s<\/a><\/p>\n","protected":false},"author":8,"featured_media":18937,"comment_status":"closed","ping_status":"closed","sticky":false,"template":"","format":"standard","meta":{"_seopress_titles_title":"","_seopress_titles_desc":"","_seopress_robots_index":"","_seopress_robots_follow":"","_seopress_robots_imageindex":"","_seopress_robots_snippet":"","_seopress_robots_primary_cat":"","_seopress_robots_breadcrumbs":"","_seopress_robots_freeze_modified_date":"","_seopress_robots_custom_modified_date":"","_seopress_robots_canonical":"","_seopress_social_fb_title":"","_seopress_social_fb_desc":"","_seopress_social_fb_img":"","_seopress_social_fb_img_attachment_id":0,"_seopress_social_fb_img_width":0,"_seopress_social_fb_img_height":0,"_seopress_social_twitter_title":"","_seopress_social_twitter_desc":"","_seopress_social_twitter_img":"","_seopress_social_twitter_img_attachment_id":0,"_seopress_social_twitter_img_width":0,"_seopress_social_twitter_img_height":0,"_seopress_redirections_value":"","_seopress_redirections_enabled":"","_seopress_redirections_enabled_regex":"","_seopress_redirections_logged_status":"","_seopress_redirections_param":"","_seopress_redirections_type":0,"_seopress_analysis_target_kw":"","_joinchat":[],"footnotes":""},"categories":[3],"tags":[1250,1249,1248],"class_list":["post-18932","post","type-post","status-publish","format-standard","has-post-thumbnail","hentry","category-educacion","tag-bello","tag-distrital","tag-jefatura"],"_links":{"self":[{"href":"https:\/\/montehermoso.gov.ar\/sitio\/wp-json\/wp\/v2\/posts\/18932","targetHints":{"allow":["GET"]}}],"collection":[{"href":"https:\/\/montehermoso.gov.ar\/sitio\/wp-json\/wp\/v2\/posts"}],"about":[{"href":"https:\/\/montehermoso.gov.ar\/sitio\/wp-json\/wp\/v2\/types\/post"}],"author":[{"embeddable":true,"href":"https:\/\/montehermoso.gov.ar\/sitio\/wp-json\/wp\/v2\/users\/8"}],"replies":[{"embeddable":true,"href":"https:\/\/montehermoso.gov.ar\/sitio\/wp-json\/wp\/v2\/comments?post=18932"}],"version-history":[{"count":0,"href":"https:\/\/montehermoso.gov.ar\/sitio\/wp-json\/wp\/v2\/posts\/18932\/revisions"}],"wp:featuredmedia":[{"embeddable":true,"href":"https:\/\/montehermoso.gov.ar\/sitio\/wp-json\/wp\/v2\/media\/18937"}],"wp:attachment":[{"href":"https:\/\/montehermoso.gov.ar\/sitio\/wp-json\/wp\/v2\/media?parent=18932"}],"wp:term":[{"taxonomy":"category","embeddable":true,"href":"https:\/\/montehermoso.gov.ar\/sitio\/wp-json\/wp\/v2\/categories?post=18932"},{"taxonomy":"post_tag","embeddable":true,"href":"https:\/\/montehermoso.gov.ar\/sitio\/wp-json\/wp\/v2\/tags?post=18932"}],"curies":[{"name":"wp","href":"https:\/\/api.w.org\/{rel}","templated":true}]}}