{"id":18883,"date":"2024-06-18T13:01:33","date_gmt":"2024-06-18T16:01:33","guid":{"rendered":"https:\/\/montehermoso.gov.ar\/sitio\/?p=18883"},"modified":"2024-06-18T13:01:33","modified_gmt":"2024-06-18T16:01:33","slug":"con-la-celebracion-por-los-100-anos-del-dia-del-libro-la-ciudad-presento-monte-escribe-monte-lee","status":"publish","type":"post","link":"https:\/\/montehermoso.gov.ar\/sitio\/con-la-celebracion-por-los-100-anos-del-dia-del-libro-la-ciudad-presento-monte-escribe-monte-lee\/","title":{"rendered":"Con la celebraci\u00f3n por los 100 a\u00f1os del D\u00eda del libro, la ciudad present\u00f3 \u201cMonte Escribe, Monte Lee\u201d"},"content":{"rendered":"\n<p class=\"wp-block-paragraph\"><\/p>\n\n\n\n<p class=\"wp-block-paragraph\"><strong>#Cultura<\/strong><\/p>\n\n\n\n<p class=\"wp-block-paragraph\"><\/p>\n\n\n\n<p class=\"wp-block-paragraph\">El pasado fin de semana tuvo lugar la primera&nbsp; edici\u00f3n de este nuevo evento cultural que ofreci\u00f3 talleres de escritura, actividades al aire libre, teatro y la presentaci\u00f3n del libro de un autor montehermose\u00f1o.<\/p>\n\n\n\n<p class=\"wp-block-paragraph\">Las jornadas comenzaron el s\u00e1bado 15 y la apertura cont\u00f3 con las palabras del secretario de Turismo y Cultura, Franco Gentili, quien manifest\u00f3 que \u201cesta nueva experiencia fue el resultado de una de las propuestas realizadas por los participantes del Primer Foro Cultural que tuvo lugar el pasado mes de marzo\u201d.<\/p>\n\n\n\n<p class=\"wp-block-paragraph\">\u201cMe parece sumamente importante para nosotros y para todo el equipo la creaci\u00f3n de estos espacios que llegaron para quedarse en contraposici\u00f3n a lo que fomenta el Gobierno Nacional que desmerece la cultura y cualquiera de sus expresiones\u201d.<\/p>\n\n\n\n<p class=\"wp-block-paragraph\">\u201cA partir de las conclusiones del Foropudimos dar lugar a las demandas que se plantearon y materializar esta idea\u201d agreg\u00f3.<\/p>\n\n\n\n<p class=\"wp-block-paragraph\">\u201cEn Monte Hermoso el desarrollo cultural crece a trav\u00e9s de sus talleres y eventos en conjunto con la futura Casa de la Cultura, siempre apoyados por el Instituto Cultural de la Provincia de Buenos Aires\u201d.<\/p>\n\n\n\n<p class=\"wp-block-paragraph\">La inauguraci\u00f3n de Monte Escribe, Monte Lee coincidi\u00f3 con el D\u00eda Nacional del Libro, celebraci\u00f3n que cumpli\u00f3 oficialmente 100 a\u00f1os y mes en el que tambi\u00e9n se conmemor\u00f3 el D\u00eda del Escritor y la Escritora.<\/p>\n\n\n\n<p class=\"wp-block-paragraph\">El encuentro comenz\u00f3 con el Taller de relato breve \u00abMotor de Escritura\u00bb a cargo de la Dra. Marina Arias&nbsp; del Instituto Cultural PBA; continu\u00f3 en la Biblioteca Popular con el taller \u00bfQui\u00e9n hablar\u00e1 de estos d\u00edas, sino yo, sino t\u00fa? a cargo de&nbsp; la docente, escritora y coordinadora del Taller Literario Municipal, Ma. Antonia Zaragoza.<\/p>\n\n\n\n<p class=\"wp-block-paragraph\">En la Plaza Parque Gral. San Mart\u00edn se pudo disfrutar al aire libre de la Biblioteca Rodante Do\u00f1a Galinda y ese mismo s\u00e1bado por la tarde en el Museo Hist\u00f3rico Municipal, el escritor Santiago Bresciano present\u00f3 su libro \u00abTerror en Monte Hermoso\u00bb con los relatos en la voz de Titina Salum.<\/p>\n\n\n\n<p class=\"wp-block-paragraph\">El domingo 16 con la presentaci\u00f3n de Amararte se dio cierre a las jornadas.<\/p>\n\n\n\n<figure class=\"wp-block-gallery has-nested-images columns-default is-cropped wp-block-gallery-1 is-layout-flex wp-block-gallery-is-layout-flex\">\n<figure class=\"wp-block-image size-large\"><img alt=\"\" fetchpriority=\"high\" decoding=\"async\" width=\"1024\" height=\"462\" data-id=\"18887\" src=\"https:\/\/montehermoso.gov.ar\/sitio\/wp-content\/uploads\/WhatsApp-Image-2024-06-18-at-12.59.01-1-1024x462.jpeg\" alt=\"\" class=\"wp-image-18887\" srcset=\"https:\/\/montehermoso.gov.ar\/sitio\/wp-content\/uploads\/WhatsApp-Image-2024-06-18-at-12.59.01-1-1024x462.jpeg 1024w, https:\/\/montehermoso.gov.ar\/sitio\/wp-content\/uploads\/WhatsApp-Image-2024-06-18-at-12.59.01-1-300x135.jpeg 300w, https:\/\/montehermoso.gov.ar\/sitio\/wp-content\/uploads\/WhatsApp-Image-2024-06-18-at-12.59.01-1-768x346.jpeg 768w, https:\/\/montehermoso.gov.ar\/sitio\/wp-content\/uploads\/WhatsApp-Image-2024-06-18-at-12.59.01-1.jpeg 1156w\" sizes=\"(max-width: 1024px) 100vw, 1024px\" \/><\/figure>\n\n\n\n<figure class=\"wp-block-image size-large\"><img alt=\"\" decoding=\"async\" width=\"1024\" height=\"576\" data-id=\"18885\" src=\"https:\/\/montehermoso.gov.ar\/sitio\/wp-content\/uploads\/WhatsApp-Image-2024-06-18-at-12.59.01-3-1024x576.jpeg\" alt=\"\" class=\"wp-image-18885\" srcset=\"https:\/\/montehermoso.gov.ar\/sitio\/wp-content\/uploads\/WhatsApp-Image-2024-06-18-at-12.59.01-3-1024x576.jpeg 1024w, https:\/\/montehermoso.gov.ar\/sitio\/wp-content\/uploads\/WhatsApp-Image-2024-06-18-at-12.59.01-3-300x169.jpeg 300w, https:\/\/montehermoso.gov.ar\/sitio\/wp-content\/uploads\/WhatsApp-Image-2024-06-18-at-12.59.01-3-768x432.jpeg 768w, https:\/\/montehermoso.gov.ar\/sitio\/wp-content\/uploads\/WhatsApp-Image-2024-06-18-at-12.59.01-3-1536x864.jpeg 1536w, https:\/\/montehermoso.gov.ar\/sitio\/wp-content\/uploads\/WhatsApp-Image-2024-06-18-at-12.59.01-3-1320x743.jpeg 1320w, https:\/\/montehermoso.gov.ar\/sitio\/wp-content\/uploads\/WhatsApp-Image-2024-06-18-at-12.59.01-3.jpeg 1600w\" sizes=\"(max-width: 1024px) 100vw, 1024px\" \/><\/figure>\n\n\n\n<figure class=\"wp-block-image size-large\"><img alt=\"\" decoding=\"async\" width=\"1024\" height=\"768\" data-id=\"18886\" src=\"https:\/\/montehermoso.gov.ar\/sitio\/wp-content\/uploads\/WhatsApp-Image-2024-06-18-at-12.59.01-2-1024x768.jpeg\" alt=\"\" class=\"wp-image-18886\" srcset=\"https:\/\/montehermoso.gov.ar\/sitio\/wp-content\/uploads\/WhatsApp-Image-2024-06-18-at-12.59.01-2-1024x768.jpeg 1024w, https:\/\/montehermoso.gov.ar\/sitio\/wp-content\/uploads\/WhatsApp-Image-2024-06-18-at-12.59.01-2-300x225.jpeg 300w, https:\/\/montehermoso.gov.ar\/sitio\/wp-content\/uploads\/WhatsApp-Image-2024-06-18-at-12.59.01-2-768x576.jpeg 768w, https:\/\/montehermoso.gov.ar\/sitio\/wp-content\/uploads\/WhatsApp-Image-2024-06-18-at-12.59.01-2-1536x1152.jpeg 1536w, https:\/\/montehermoso.gov.ar\/sitio\/wp-content\/uploads\/WhatsApp-Image-2024-06-18-at-12.59.01-2-1320x990.jpeg 1320w, https:\/\/montehermoso.gov.ar\/sitio\/wp-content\/uploads\/WhatsApp-Image-2024-06-18-at-12.59.01-2.jpeg 1600w\" sizes=\"(max-width: 1024px) 100vw, 1024px\" \/><\/figure>\n\n\n\n<figure class=\"wp-block-image size-large\"><img alt=\"\" loading=\"lazy\" decoding=\"async\" width=\"1024\" height=\"768\" data-id=\"18884\" src=\"https:\/\/montehermoso.gov.ar\/sitio\/wp-content\/uploads\/WhatsApp-Image-2024-06-18-at-12.59.01-4-1024x768.jpeg\" alt=\"\" class=\"wp-image-18884\" srcset=\"https:\/\/montehermoso.gov.ar\/sitio\/wp-content\/uploads\/WhatsApp-Image-2024-06-18-at-12.59.01-4-1024x768.jpeg 1024w, https:\/\/montehermoso.gov.ar\/sitio\/wp-content\/uploads\/WhatsApp-Image-2024-06-18-at-12.59.01-4-300x225.jpeg 300w, https:\/\/montehermoso.gov.ar\/sitio\/wp-content\/uploads\/WhatsApp-Image-2024-06-18-at-12.59.01-4-768x576.jpeg 768w, https:\/\/montehermoso.gov.ar\/sitio\/wp-content\/uploads\/WhatsApp-Image-2024-06-18-at-12.59.01-4-1536x1152.jpeg 1536w, https:\/\/montehermoso.gov.ar\/sitio\/wp-content\/uploads\/WhatsApp-Image-2024-06-18-at-12.59.01-4-1320x990.jpeg 1320w, https:\/\/montehermoso.gov.ar\/sitio\/wp-content\/uploads\/WhatsApp-Image-2024-06-18-at-12.59.01-4.jpeg 1600w\" sizes=\"(max-width: 1024px) 100vw, 1024px\" \/><\/figure>\n<\/figure>\n","protected":false},"excerpt":{"rendered":"<p>#Cultura El pasado fin de semana tuvo lugar la primera&nbsp; edici\u00f3n de este nuevo evento cultural que ofreci\u00f3 talleres de escritura, actividades al aire libre, teatro y la presentaci\u00f3n del libro de un autor montehermose\u00f1o. Las jornadas comenzaron el s\u00e1bado 15 y la apertura cont\u00f3 con las palabras del secretario de Turismo y Cultura, Franco &#8230; <a title=\"Con la celebraci\u00f3n por los 100 a\u00f1os del D\u00eda del libro, la ciudad present\u00f3 \u201cMonte Escribe, Monte Lee\u201d\" class=\"read-more\" href=\"https:\/\/montehermoso.gov.ar\/sitio\/con-la-celebracion-por-los-100-anos-del-dia-del-libro-la-ciudad-presento-monte-escribe-monte-lee\/\" aria-label=\"Leer m\u00e1s sobre Con la celebraci\u00f3n por los 100 a\u00f1os del D\u00eda del libro, la ciudad present\u00f3 \u201cMonte Escribe, Monte Lee\u201d\">Leer m\u00e1s<\/a><\/p>\n","protected":false},"author":8,"featured_media":18888,"comment_status":"closed","ping_status":"closed","sticky":false,"template":"","format":"standard","meta":{"_seopress_titles_title":"","_seopress_titles_desc":"","_seopress_robots_index":"","_seopress_robots_follow":"","_seopress_robots_imageindex":"","_seopress_robots_snippet":"","_seopress_robots_primary_cat":"","_seopress_robots_breadcrumbs":"","_seopress_robots_freeze_modified_date":"","_seopress_robots_custom_modified_date":"","_seopress_robots_canonical":"","_seopress_social_fb_title":"","_seopress_social_fb_desc":"","_seopress_social_fb_img":"","_seopress_social_fb_img_attachment_id":0,"_seopress_social_fb_img_width":0,"_seopress_social_fb_img_height":0,"_seopress_social_twitter_title":"","_seopress_social_twitter_desc":"","_seopress_social_twitter_img":"","_seopress_social_twitter_img_attachment_id":0,"_seopress_social_twitter_img_width":0,"_seopress_social_twitter_img_height":0,"_seopress_redirections_value":"","_seopress_redirections_enabled":"","_seopress_redirections_enabled_regex":"","_seopress_redirections_logged_status":"","_seopress_redirections_param":"","_seopress_redirections_type":0,"_seopress_analysis_target_kw":"","_joinchat":[],"footnotes":""},"categories":[635],"tags":[746,1244],"class_list":["post-18883","post","type-post","status-publish","format-standard","has-post-thumbnail","hentry","category-cultura","tag-cultura","tag-monte-escribe-monte-lee"],"_links":{"self":[{"href":"https:\/\/montehermoso.gov.ar\/sitio\/wp-json\/wp\/v2\/posts\/18883","targetHints":{"allow":["GET"]}}],"collection":[{"href":"https:\/\/montehermoso.gov.ar\/sitio\/wp-json\/wp\/v2\/posts"}],"about":[{"href":"https:\/\/montehermoso.gov.ar\/sitio\/wp-json\/wp\/v2\/types\/post"}],"author":[{"embeddable":true,"href":"https:\/\/montehermoso.gov.ar\/sitio\/wp-json\/wp\/v2\/users\/8"}],"replies":[{"embeddable":true,"href":"https:\/\/montehermoso.gov.ar\/sitio\/wp-json\/wp\/v2\/comments?post=18883"}],"version-history":[{"count":0,"href":"https:\/\/montehermoso.gov.ar\/sitio\/wp-json\/wp\/v2\/posts\/18883\/revisions"}],"wp:featuredmedia":[{"embeddable":true,"href":"https:\/\/montehermoso.gov.ar\/sitio\/wp-json\/wp\/v2\/media\/18888"}],"wp:attachment":[{"href":"https:\/\/montehermoso.gov.ar\/sitio\/wp-json\/wp\/v2\/media?parent=18883"}],"wp:term":[{"taxonomy":"category","embeddable":true,"href":"https:\/\/montehermoso.gov.ar\/sitio\/wp-json\/wp\/v2\/categories?post=18883"},{"taxonomy":"post_tag","embeddable":true,"href":"https:\/\/montehermoso.gov.ar\/sitio\/wp-json\/wp\/v2\/tags?post=18883"}],"curies":[{"name":"wp","href":"https:\/\/api.w.org\/{rel}","templated":true}]}}