{"id":18736,"date":"2024-05-30T11:09:31","date_gmt":"2024-05-30T14:09:31","guid":{"rendered":"https:\/\/montehermoso.gov.ar\/sitio\/?p=18736"},"modified":"2024-05-30T11:09:31","modified_gmt":"2024-05-30T14:09:31","slug":"monte-hermoso-presento-su-escuela-municipal-de-musica-en-el-centro-cultural","status":"publish","type":"post","link":"https:\/\/montehermoso.gov.ar\/sitio\/monte-hermoso-presento-su-escuela-municipal-de-musica-en-el-centro-cultural\/","title":{"rendered":"Monte Hermoso present\u00f3 su Escuela Municipal de M\u00fasica en el Centro Cultural"},"content":{"rendered":"\n<p class=\"wp-block-paragraph\"><\/p>\n\n\n\n<p class=\"wp-block-paragraph\"><strong>#Cultura<\/strong><\/p>\n\n\n\n<p class=\"wp-block-paragraph\"><br>Con la presencia del intendente, Hern\u00e1n Arranz y el secretario de Turismo y Cultura, Franco Gentili, ayer por la noche se presentaron a sala llena los elencos de Coro Infantil, Juvenil y de Orquesta, una puesta en escena con m\u00e1s de 60 chicas y chicos, desde los 6 a los 18 a\u00f1os.<\/p>\n\n\n\n<p class=\"wp-block-paragraph\">Previo al inicio del concierto, Gentili manifest\u00f3 \u201cEstamos muy felices de presentar y continuar con esta iniciativa que gestionamos ante el Ministerio de Educaci\u00f3n de la Naci\u00f3n en 2022 y pusimos en funcionamiento en 2023\u201d.<\/p>\n\n\n\n<p class=\"wp-block-paragraph\">\u201cTras los recortes y el desfinanciamiento por parte del gobierno nacional actual no dudamos, junto al Intendente, en darle continuidad y solventarlo con fondos del Estado Municipal\u201d.<\/p>\n\n\n\n<p class=\"wp-block-paragraph\">\u201cCreemos que a trav\u00e9s de la cultura, el desarrollo de la comunidad y la sensibilidad social, los j\u00f3venes pueden tener m\u00e1s derechos y posibilidades para sentirse contenidos y mejorar su calidad de vida\u201d.<\/p>\n\n\n\n<p class=\"wp-block-paragraph\">Primero se presentaron el Coro Infantil, luego el Juvenil y cerr\u00f3 la noche la Orquesta que cuenta con instrumentos como violines, clarinetes, oboes, contrabajos, flautas traversas, entre otros.<\/p>\n\n\n\n<p class=\"wp-block-paragraph\">Conformada por docentes calificados e id\u00f3neos, la Escuela cuenta con un total de 12 profesores, 2 preceptoras y un coordinador, Sebasti\u00e1n De Amicis; casi un centenar de&nbsp; instrumentos y la colaboraci\u00f3n de la Secundaria 2 que cede sus instalaciones para las pr\u00e1cticas.<\/p>\n\n\n\n<p class=\"wp-block-paragraph\">Actualmente tiene m\u00e1s de sesenta integrantes y a partir del mes de junio se incorporar\u00e1n 35 nuevos alumnos y alumnas.<\/p>\n\n\n\n<p class=\"wp-block-paragraph\">Tambi\u00e9n este a\u00f1o brindar\u00e1 apoyo a nuevos elencos de m\u00fasica popular para que Monte Hermoso este representado en los Juegos Bonaerenses.<\/p>\n\n\n\n<figure class=\"wp-block-gallery has-nested-images columns-default is-cropped wp-block-gallery-1 is-layout-flex wp-block-gallery-is-layout-flex\">\n<figure class=\"wp-block-image size-large\"><img alt=\"\" fetchpriority=\"high\" decoding=\"async\" width=\"1024\" height=\"682\" data-id=\"18748\" src=\"https:\/\/montehermoso.gov.ar\/sitio\/wp-content\/uploads\/WhatsApp-Image-2024-05-30-at-10.55.19-1024x682.jpeg\" alt=\"\" class=\"wp-image-18748\" srcset=\"https:\/\/montehermoso.gov.ar\/sitio\/wp-content\/uploads\/WhatsApp-Image-2024-05-30-at-10.55.19-1024x682.jpeg 1024w, https:\/\/montehermoso.gov.ar\/sitio\/wp-content\/uploads\/WhatsApp-Image-2024-05-30-at-10.55.19-300x200.jpeg 300w, https:\/\/montehermoso.gov.ar\/sitio\/wp-content\/uploads\/WhatsApp-Image-2024-05-30-at-10.55.19-768x512.jpeg 768w, https:\/\/montehermoso.gov.ar\/sitio\/wp-content\/uploads\/WhatsApp-Image-2024-05-30-at-10.55.19-1536x1023.jpeg 1536w, https:\/\/montehermoso.gov.ar\/sitio\/wp-content\/uploads\/WhatsApp-Image-2024-05-30-at-10.55.19-1320x879.jpeg 1320w, https:\/\/montehermoso.gov.ar\/sitio\/wp-content\/uploads\/WhatsApp-Image-2024-05-30-at-10.55.19.jpeg 1600w\" sizes=\"(max-width: 1024px) 100vw, 1024px\" \/><\/figure>\n\n\n\n<figure class=\"wp-block-image size-large\"><img alt=\"\" decoding=\"async\" width=\"1024\" height=\"682\" data-id=\"18747\" src=\"https:\/\/montehermoso.gov.ar\/sitio\/wp-content\/uploads\/WhatsApp-Image-2024-05-30-at-10.55.19-1-1024x682.jpeg\" alt=\"\" class=\"wp-image-18747\" srcset=\"https:\/\/montehermoso.gov.ar\/sitio\/wp-content\/uploads\/WhatsApp-Image-2024-05-30-at-10.55.19-1-1024x682.jpeg 1024w, https:\/\/montehermoso.gov.ar\/sitio\/wp-content\/uploads\/WhatsApp-Image-2024-05-30-at-10.55.19-1-300x200.jpeg 300w, https:\/\/montehermoso.gov.ar\/sitio\/wp-content\/uploads\/WhatsApp-Image-2024-05-30-at-10.55.19-1-768x512.jpeg 768w, https:\/\/montehermoso.gov.ar\/sitio\/wp-content\/uploads\/WhatsApp-Image-2024-05-30-at-10.55.19-1-1536x1023.jpeg 1536w, https:\/\/montehermoso.gov.ar\/sitio\/wp-content\/uploads\/WhatsApp-Image-2024-05-30-at-10.55.19-1-1320x879.jpeg 1320w, https:\/\/montehermoso.gov.ar\/sitio\/wp-content\/uploads\/WhatsApp-Image-2024-05-30-at-10.55.19-1.jpeg 1600w\" sizes=\"(max-width: 1024px) 100vw, 1024px\" \/><\/figure>\n\n\n\n<figure class=\"wp-block-image size-large\"><img alt=\"\" decoding=\"async\" width=\"1024\" height=\"682\" data-id=\"18745\" src=\"https:\/\/montehermoso.gov.ar\/sitio\/wp-content\/uploads\/WhatsApp-Image-2024-05-30-at-10.55.20-2-1024x682.jpeg\" alt=\"\" class=\"wp-image-18745\" srcset=\"https:\/\/montehermoso.gov.ar\/sitio\/wp-content\/uploads\/WhatsApp-Image-2024-05-30-at-10.55.20-2-1024x682.jpeg 1024w, https:\/\/montehermoso.gov.ar\/sitio\/wp-content\/uploads\/WhatsApp-Image-2024-05-30-at-10.55.20-2-300x200.jpeg 300w, https:\/\/montehermoso.gov.ar\/sitio\/wp-content\/uploads\/WhatsApp-Image-2024-05-30-at-10.55.20-2-768x512.jpeg 768w, https:\/\/montehermoso.gov.ar\/sitio\/wp-content\/uploads\/WhatsApp-Image-2024-05-30-at-10.55.20-2-1536x1023.jpeg 1536w, https:\/\/montehermoso.gov.ar\/sitio\/wp-content\/uploads\/WhatsApp-Image-2024-05-30-at-10.55.20-2-1320x879.jpeg 1320w, https:\/\/montehermoso.gov.ar\/sitio\/wp-content\/uploads\/WhatsApp-Image-2024-05-30-at-10.55.20-2.jpeg 1600w\" sizes=\"(max-width: 1024px) 100vw, 1024px\" \/><\/figure>\n\n\n\n<figure class=\"wp-block-image size-large\"><img alt=\"\" loading=\"lazy\" decoding=\"async\" width=\"1024\" height=\"682\" data-id=\"18744\" src=\"https:\/\/montehermoso.gov.ar\/sitio\/wp-content\/uploads\/WhatsApp-Image-2024-05-30-at-10.55.20-3-1024x682.jpeg\" alt=\"\" class=\"wp-image-18744\" srcset=\"https:\/\/montehermoso.gov.ar\/sitio\/wp-content\/uploads\/WhatsApp-Image-2024-05-30-at-10.55.20-3-1024x682.jpeg 1024w, https:\/\/montehermoso.gov.ar\/sitio\/wp-content\/uploads\/WhatsApp-Image-2024-05-30-at-10.55.20-3-300x200.jpeg 300w, https:\/\/montehermoso.gov.ar\/sitio\/wp-content\/uploads\/WhatsApp-Image-2024-05-30-at-10.55.20-3-768x512.jpeg 768w, https:\/\/montehermoso.gov.ar\/sitio\/wp-content\/uploads\/WhatsApp-Image-2024-05-30-at-10.55.20-3-1536x1023.jpeg 1536w, https:\/\/montehermoso.gov.ar\/sitio\/wp-content\/uploads\/WhatsApp-Image-2024-05-30-at-10.55.20-3-1320x879.jpeg 1320w, https:\/\/montehermoso.gov.ar\/sitio\/wp-content\/uploads\/WhatsApp-Image-2024-05-30-at-10.55.20-3.jpeg 1600w\" sizes=\"(max-width: 1024px) 100vw, 1024px\" \/><\/figure>\n\n\n\n<figure class=\"wp-block-image size-large\"><img alt=\"\" loading=\"lazy\" decoding=\"async\" width=\"1024\" height=\"682\" data-id=\"18743\" src=\"https:\/\/montehermoso.gov.ar\/sitio\/wp-content\/uploads\/WhatsApp-Image-2024-05-30-at-10.55.20-4-1024x682.jpeg\" alt=\"\" class=\"wp-image-18743\" srcset=\"https:\/\/montehermoso.gov.ar\/sitio\/wp-content\/uploads\/WhatsApp-Image-2024-05-30-at-10.55.20-4-1024x682.jpeg 1024w, https:\/\/montehermoso.gov.ar\/sitio\/wp-content\/uploads\/WhatsApp-Image-2024-05-30-at-10.55.20-4-300x200.jpeg 300w, https:\/\/montehermoso.gov.ar\/sitio\/wp-content\/uploads\/WhatsApp-Image-2024-05-30-at-10.55.20-4-768x512.jpeg 768w, https:\/\/montehermoso.gov.ar\/sitio\/wp-content\/uploads\/WhatsApp-Image-2024-05-30-at-10.55.20-4-1536x1023.jpeg 1536w, https:\/\/montehermoso.gov.ar\/sitio\/wp-content\/uploads\/WhatsApp-Image-2024-05-30-at-10.55.20-4-1320x879.jpeg 1320w, https:\/\/montehermoso.gov.ar\/sitio\/wp-content\/uploads\/WhatsApp-Image-2024-05-30-at-10.55.20-4.jpeg 1600w\" sizes=\"(max-width: 1024px) 100vw, 1024px\" \/><\/figure>\n\n\n\n<figure class=\"wp-block-image size-large\"><img alt=\"\" loading=\"lazy\" decoding=\"async\" width=\"1024\" height=\"682\" data-id=\"18742\" src=\"https:\/\/montehermoso.gov.ar\/sitio\/wp-content\/uploads\/WhatsApp-Image-2024-05-30-at-10.55.20-5-1024x682.jpeg\" alt=\"\" class=\"wp-image-18742\" srcset=\"https:\/\/montehermoso.gov.ar\/sitio\/wp-content\/uploads\/WhatsApp-Image-2024-05-30-at-10.55.20-5-1024x682.jpeg 1024w, https:\/\/montehermoso.gov.ar\/sitio\/wp-content\/uploads\/WhatsApp-Image-2024-05-30-at-10.55.20-5-300x200.jpeg 300w, https:\/\/montehermoso.gov.ar\/sitio\/wp-content\/uploads\/WhatsApp-Image-2024-05-30-at-10.55.20-5-768x512.jpeg 768w, https:\/\/montehermoso.gov.ar\/sitio\/wp-content\/uploads\/WhatsApp-Image-2024-05-30-at-10.55.20-5-1536x1023.jpeg 1536w, https:\/\/montehermoso.gov.ar\/sitio\/wp-content\/uploads\/WhatsApp-Image-2024-05-30-at-10.55.20-5-1320x879.jpeg 1320w, https:\/\/montehermoso.gov.ar\/sitio\/wp-content\/uploads\/WhatsApp-Image-2024-05-30-at-10.55.20-5.jpeg 1600w\" sizes=\"(max-width: 1024px) 100vw, 1024px\" \/><\/figure>\n\n\n\n<figure class=\"wp-block-image size-large\"><img alt=\"\" loading=\"lazy\" decoding=\"async\" width=\"1024\" height=\"682\" data-id=\"18741\" src=\"https:\/\/montehermoso.gov.ar\/sitio\/wp-content\/uploads\/WhatsApp-Image-2024-05-30-at-10.55.20-7-1024x682.jpeg\" alt=\"\" class=\"wp-image-18741\" srcset=\"https:\/\/montehermoso.gov.ar\/sitio\/wp-content\/uploads\/WhatsApp-Image-2024-05-30-at-10.55.20-7-1024x682.jpeg 1024w, https:\/\/montehermoso.gov.ar\/sitio\/wp-content\/uploads\/WhatsApp-Image-2024-05-30-at-10.55.20-7-300x200.jpeg 300w, https:\/\/montehermoso.gov.ar\/sitio\/wp-content\/uploads\/WhatsApp-Image-2024-05-30-at-10.55.20-7-768x512.jpeg 768w, https:\/\/montehermoso.gov.ar\/sitio\/wp-content\/uploads\/WhatsApp-Image-2024-05-30-at-10.55.20-7-1536x1023.jpeg 1536w, https:\/\/montehermoso.gov.ar\/sitio\/wp-content\/uploads\/WhatsApp-Image-2024-05-30-at-10.55.20-7-1320x879.jpeg 1320w, https:\/\/montehermoso.gov.ar\/sitio\/wp-content\/uploads\/WhatsApp-Image-2024-05-30-at-10.55.20-7.jpeg 1600w\" sizes=\"(max-width: 1024px) 100vw, 1024px\" \/><\/figure>\n\n\n\n<figure class=\"wp-block-image size-large\"><img alt=\"\" loading=\"lazy\" decoding=\"async\" width=\"1024\" height=\"682\" data-id=\"18740\" src=\"https:\/\/montehermoso.gov.ar\/sitio\/wp-content\/uploads\/WhatsApp-Image-2024-05-30-at-10.55.20-8-1024x682.jpeg\" alt=\"\" class=\"wp-image-18740\" srcset=\"https:\/\/montehermoso.gov.ar\/sitio\/wp-content\/uploads\/WhatsApp-Image-2024-05-30-at-10.55.20-8-1024x682.jpeg 1024w, https:\/\/montehermoso.gov.ar\/sitio\/wp-content\/uploads\/WhatsApp-Image-2024-05-30-at-10.55.20-8-300x200.jpeg 300w, https:\/\/montehermoso.gov.ar\/sitio\/wp-content\/uploads\/WhatsApp-Image-2024-05-30-at-10.55.20-8-768x512.jpeg 768w, https:\/\/montehermoso.gov.ar\/sitio\/wp-content\/uploads\/WhatsApp-Image-2024-05-30-at-10.55.20-8-1536x1023.jpeg 1536w, https:\/\/montehermoso.gov.ar\/sitio\/wp-content\/uploads\/WhatsApp-Image-2024-05-30-at-10.55.20-8-1320x879.jpeg 1320w, https:\/\/montehermoso.gov.ar\/sitio\/wp-content\/uploads\/WhatsApp-Image-2024-05-30-at-10.55.20-8.jpeg 1600w\" sizes=\"(max-width: 1024px) 100vw, 1024px\" \/><\/figure>\n\n\n\n<figure class=\"wp-block-image size-large\"><img alt=\"\" loading=\"lazy\" decoding=\"async\" width=\"1024\" height=\"682\" data-id=\"18739\" src=\"https:\/\/montehermoso.gov.ar\/sitio\/wp-content\/uploads\/WhatsApp-Image-2024-05-30-at-10.55.20-9-1024x682.jpeg\" alt=\"\" class=\"wp-image-18739\" srcset=\"https:\/\/montehermoso.gov.ar\/sitio\/wp-content\/uploads\/WhatsApp-Image-2024-05-30-at-10.55.20-9-1024x682.jpeg 1024w, https:\/\/montehermoso.gov.ar\/sitio\/wp-content\/uploads\/WhatsApp-Image-2024-05-30-at-10.55.20-9-300x200.jpeg 300w, https:\/\/montehermoso.gov.ar\/sitio\/wp-content\/uploads\/WhatsApp-Image-2024-05-30-at-10.55.20-9-768x512.jpeg 768w, https:\/\/montehermoso.gov.ar\/sitio\/wp-content\/uploads\/WhatsApp-Image-2024-05-30-at-10.55.20-9-1536x1023.jpeg 1536w, https:\/\/montehermoso.gov.ar\/sitio\/wp-content\/uploads\/WhatsApp-Image-2024-05-30-at-10.55.20-9-1320x879.jpeg 1320w, https:\/\/montehermoso.gov.ar\/sitio\/wp-content\/uploads\/WhatsApp-Image-2024-05-30-at-10.55.20-9.jpeg 1600w\" sizes=\"(max-width: 1024px) 100vw, 1024px\" \/><\/figure>\n\n\n\n<figure class=\"wp-block-image size-large\"><img alt=\"\" loading=\"lazy\" decoding=\"async\" width=\"1024\" height=\"682\" data-id=\"18738\" src=\"https:\/\/montehermoso.gov.ar\/sitio\/wp-content\/uploads\/WhatsApp-Image-2024-05-30-at-10.55.20-10-1024x682.jpeg\" alt=\"\" class=\"wp-image-18738\" srcset=\"https:\/\/montehermoso.gov.ar\/sitio\/wp-content\/uploads\/WhatsApp-Image-2024-05-30-at-10.55.20-10-1024x682.jpeg 1024w, https:\/\/montehermoso.gov.ar\/sitio\/wp-content\/uploads\/WhatsApp-Image-2024-05-30-at-10.55.20-10-300x200.jpeg 300w, https:\/\/montehermoso.gov.ar\/sitio\/wp-content\/uploads\/WhatsApp-Image-2024-05-30-at-10.55.20-10-768x512.jpeg 768w, https:\/\/montehermoso.gov.ar\/sitio\/wp-content\/uploads\/WhatsApp-Image-2024-05-30-at-10.55.20-10-1536x1023.jpeg 1536w, https:\/\/montehermoso.gov.ar\/sitio\/wp-content\/uploads\/WhatsApp-Image-2024-05-30-at-10.55.20-10-1320x879.jpeg 1320w, https:\/\/montehermoso.gov.ar\/sitio\/wp-content\/uploads\/WhatsApp-Image-2024-05-30-at-10.55.20-10.jpeg 1600w\" sizes=\"(max-width: 1024px) 100vw, 1024px\" \/><\/figure>\n\n\n\n<figure class=\"wp-block-image size-large\"><img alt=\"\" loading=\"lazy\" decoding=\"async\" width=\"1024\" height=\"682\" data-id=\"18737\" src=\"https:\/\/montehermoso.gov.ar\/sitio\/wp-content\/uploads\/WhatsApp-Image-2024-05-30-at-10.55.20-11-1024x682.jpeg\" alt=\"\" class=\"wp-image-18737\" srcset=\"https:\/\/montehermoso.gov.ar\/sitio\/wp-content\/uploads\/WhatsApp-Image-2024-05-30-at-10.55.20-11-1024x682.jpeg 1024w, https:\/\/montehermoso.gov.ar\/sitio\/wp-content\/uploads\/WhatsApp-Image-2024-05-30-at-10.55.20-11-300x200.jpeg 300w, https:\/\/montehermoso.gov.ar\/sitio\/wp-content\/uploads\/WhatsApp-Image-2024-05-30-at-10.55.20-11-768x512.jpeg 768w, https:\/\/montehermoso.gov.ar\/sitio\/wp-content\/uploads\/WhatsApp-Image-2024-05-30-at-10.55.20-11-1536x1023.jpeg 1536w, https:\/\/montehermoso.gov.ar\/sitio\/wp-content\/uploads\/WhatsApp-Image-2024-05-30-at-10.55.20-11-1320x879.jpeg 1320w, https:\/\/montehermoso.gov.ar\/sitio\/wp-content\/uploads\/WhatsApp-Image-2024-05-30-at-10.55.20-11.jpeg 1600w\" sizes=\"(max-width: 1024px) 100vw, 1024px\" \/><\/figure>\n<\/figure>\n","protected":false},"excerpt":{"rendered":"<p>#Cultura Con la presencia del intendente, Hern\u00e1n Arranz y el secretario de Turismo y Cultura, Franco Gentili, ayer por la noche se presentaron a sala llena los elencos de Coro Infantil, Juvenil y de Orquesta, una puesta en escena con m\u00e1s de 60 chicas y chicos, desde los 6 a los 18 a\u00f1os. Previo al &#8230; <a title=\"Monte Hermoso present\u00f3 su Escuela Municipal de M\u00fasica en el Centro Cultural\" class=\"read-more\" href=\"https:\/\/montehermoso.gov.ar\/sitio\/monte-hermoso-presento-su-escuela-municipal-de-musica-en-el-centro-cultural\/\" aria-label=\"Leer m\u00e1s sobre Monte Hermoso present\u00f3 su Escuela Municipal de M\u00fasica en el Centro Cultural\">Leer m\u00e1s<\/a><\/p>\n","protected":false},"author":8,"featured_media":18746,"comment_status":"closed","ping_status":"closed","sticky":false,"template":"","format":"standard","meta":{"_seopress_titles_title":"","_seopress_titles_desc":"","_seopress_robots_index":"","_seopress_robots_follow":"","_seopress_robots_imageindex":"","_seopress_robots_snippet":"","_seopress_robots_primary_cat":"","_seopress_robots_breadcrumbs":"","_seopress_robots_freeze_modified_date":"","_seopress_robots_custom_modified_date":"","_seopress_robots_canonical":"","_seopress_social_fb_title":"","_seopress_social_fb_desc":"","_seopress_social_fb_img":"","_seopress_social_fb_img_attachment_id":0,"_seopress_social_fb_img_width":0,"_seopress_social_fb_img_height":0,"_seopress_social_twitter_title":"","_seopress_social_twitter_desc":"","_seopress_social_twitter_img":"","_seopress_social_twitter_img_attachment_id":0,"_seopress_social_twitter_img_width":0,"_seopress_social_twitter_img_height":0,"_seopress_redirections_value":"","_seopress_redirections_enabled":"","_seopress_redirections_enabled_regex":"","_seopress_redirections_logged_status":"","_seopress_redirections_param":"","_seopress_redirections_type":0,"_seopress_analysis_target_kw":"","_joinchat":[],"footnotes":""},"categories":[635,3,183],"tags":[746,523,1234,177],"class_list":["post-18736","post","type-post","status-publish","format-standard","has-post-thumbnail","hentry","category-cultura","category-educacion","category-gestion","tag-cultura","tag-educacion","tag-escuela-municipal-de-musica","tag-gestion"],"_links":{"self":[{"href":"https:\/\/montehermoso.gov.ar\/sitio\/wp-json\/wp\/v2\/posts\/18736","targetHints":{"allow":["GET"]}}],"collection":[{"href":"https:\/\/montehermoso.gov.ar\/sitio\/wp-json\/wp\/v2\/posts"}],"about":[{"href":"https:\/\/montehermoso.gov.ar\/sitio\/wp-json\/wp\/v2\/types\/post"}],"author":[{"embeddable":true,"href":"https:\/\/montehermoso.gov.ar\/sitio\/wp-json\/wp\/v2\/users\/8"}],"replies":[{"embeddable":true,"href":"https:\/\/montehermoso.gov.ar\/sitio\/wp-json\/wp\/v2\/comments?post=18736"}],"version-history":[{"count":0,"href":"https:\/\/montehermoso.gov.ar\/sitio\/wp-json\/wp\/v2\/posts\/18736\/revisions"}],"wp:featuredmedia":[{"embeddable":true,"href":"https:\/\/montehermoso.gov.ar\/sitio\/wp-json\/wp\/v2\/media\/18746"}],"wp:attachment":[{"href":"https:\/\/montehermoso.gov.ar\/sitio\/wp-json\/wp\/v2\/media?parent=18736"}],"wp:term":[{"taxonomy":"category","embeddable":true,"href":"https:\/\/montehermoso.gov.ar\/sitio\/wp-json\/wp\/v2\/categories?post=18736"},{"taxonomy":"post_tag","embeddable":true,"href":"https:\/\/montehermoso.gov.ar\/sitio\/wp-json\/wp\/v2\/tags?post=18736"}],"curies":[{"name":"wp","href":"https:\/\/api.w.org\/{rel}","templated":true}]}}