{"id":18480,"date":"2024-05-02T11:53:46","date_gmt":"2024-05-02T14:53:46","guid":{"rendered":"https:\/\/montehermoso.gov.ar\/sitio\/?p=18480"},"modified":"2024-05-02T11:53:46","modified_gmt":"2024-05-02T14:53:46","slug":"con-capacitaciones-y-actividades-a-lo-largo-de-abril-finalizo-el-mes-de-la-concientizacion-sobre-el-autismo","status":"publish","type":"post","link":"https:\/\/montehermoso.gov.ar\/sitio\/con-capacitaciones-y-actividades-a-lo-largo-de-abril-finalizo-el-mes-de-la-concientizacion-sobre-el-autismo\/","title":{"rendered":"Con capacitaciones y actividades a lo largo de abril, finaliz\u00f3 el \u201cMes de la Concientizaci\u00f3n Sobre el Autismo\u201d"},"content":{"rendered":"\n<p class=\"wp-block-paragraph\">Con el objetivo de visibilizar y trabajar sobre el autismo, las Secretar\u00eda de Salud y de Desarrollo Humano y Social, a trav\u00e9s de sus Espacios de Primera Infancia \u201cEvita\u201d, llevaron a cabo durante todo el mes de abril distintas actividades abiertas a la comunidad.<\/p>\n\n\n\n<p class=\"wp-block-paragraph\">Entre las distintas propuestas, se realizaron diferentes acciones con ni\u00f1as y ni\u00f1os abordando el tema mediante juegos, dibujos y pinturas; tambi\u00e9n se propuso una charla abierta a la comunidad denominada \u00bfDe qu\u00e9 hablamos cuando hablamos de autismo? a cargo de profesionales de Regi\u00f3n Sanitaria 1 y PROTEA.<\/p>\n\n\n\n<p class=\"wp-block-paragraph\">Finalmente, el pasado martes 30, se convoc\u00f3 a docentes, equipos de orientaci\u00f3n escolar y profesionales a la proyecci\u00f3n del documental \u201cOtras voces\u201d a cargo del<\/p>\n\n\n\n<p class=\"wp-block-paragraph\">Observatorio sobre Pol\u00edticas del Autismo de FAPOL Antena (Federaci\u00f3n Americana de Psicoan\u00e1lisis).<\/p>\n\n\n\n<p class=\"wp-block-paragraph\">Todas las acciones apuntaron a concientizar compartiendo experiencias y conocimiento en los distintos \u00e1mbitos con el objetivo de reafirmar y promover la plena realizaci\u00f3n de todos los derechos humanos y libertades fundamentales de las personas autistas en igualdad de condiciones con las dem\u00e1s.<\/p>\n\n\n\n<figure class=\"wp-block-gallery has-nested-images columns-default is-cropped wp-block-gallery-1 is-layout-flex wp-block-gallery-is-layout-flex\">\n<figure class=\"wp-block-image size-large\"><img alt=\"\" fetchpriority=\"high\" decoding=\"async\" width=\"1024\" height=\"576\" data-id=\"18479\" src=\"https:\/\/montehermoso.gov.ar\/sitio\/wp-content\/uploads\/rosana-1024x576.jpg\" alt=\"\" class=\"wp-image-18479\" srcset=\"https:\/\/montehermoso.gov.ar\/sitio\/wp-content\/uploads\/rosana-1024x576.jpg 1024w, https:\/\/montehermoso.gov.ar\/sitio\/wp-content\/uploads\/rosana-300x169.jpg 300w, https:\/\/montehermoso.gov.ar\/sitio\/wp-content\/uploads\/rosana-768x432.jpg 768w, https:\/\/montehermoso.gov.ar\/sitio\/wp-content\/uploads\/rosana-1536x864.jpg 1536w, https:\/\/montehermoso.gov.ar\/sitio\/wp-content\/uploads\/rosana-1320x743.jpg 1320w, https:\/\/montehermoso.gov.ar\/sitio\/wp-content\/uploads\/rosana.jpg 1600w\" sizes=\"(max-width: 1024px) 100vw, 1024px\" \/><\/figure>\n\n\n\n<figure class=\"wp-block-image size-large\"><img alt=\"\" decoding=\"async\" width=\"1024\" height=\"683\" data-id=\"18476\" src=\"https:\/\/montehermoso.gov.ar\/sitio\/wp-content\/uploads\/IMG_0612-1024x683.jpg\" alt=\"\" class=\"wp-image-18476\" srcset=\"https:\/\/montehermoso.gov.ar\/sitio\/wp-content\/uploads\/IMG_0612-1024x683.jpg 1024w, https:\/\/montehermoso.gov.ar\/sitio\/wp-content\/uploads\/IMG_0612-300x200.jpg 300w, https:\/\/montehermoso.gov.ar\/sitio\/wp-content\/uploads\/IMG_0612-768x512.jpg 768w, https:\/\/montehermoso.gov.ar\/sitio\/wp-content\/uploads\/IMG_0612-1536x1024.jpg 1536w, https:\/\/montehermoso.gov.ar\/sitio\/wp-content\/uploads\/IMG_0612-1320x880.jpg 1320w, https:\/\/montehermoso.gov.ar\/sitio\/wp-content\/uploads\/IMG_0612.jpg 1920w\" sizes=\"(max-width: 1024px) 100vw, 1024px\" \/><\/figure>\n\n\n\n<figure class=\"wp-block-image size-large\"><img alt=\"\" decoding=\"async\" width=\"1024\" height=\"682\" data-id=\"18475\" src=\"https:\/\/montehermoso.gov.ar\/sitio\/wp-content\/uploads\/WhatsApp-Image-2024-05-02-at-11.22.17-1-1-1024x682.jpeg\" alt=\"\" class=\"wp-image-18475\" srcset=\"https:\/\/montehermoso.gov.ar\/sitio\/wp-content\/uploads\/WhatsApp-Image-2024-05-02-at-11.22.17-1-1-1024x682.jpeg 1024w, https:\/\/montehermoso.gov.ar\/sitio\/wp-content\/uploads\/WhatsApp-Image-2024-05-02-at-11.22.17-1-1-300x200.jpeg 300w, https:\/\/montehermoso.gov.ar\/sitio\/wp-content\/uploads\/WhatsApp-Image-2024-05-02-at-11.22.17-1-1-768x512.jpeg 768w, https:\/\/montehermoso.gov.ar\/sitio\/wp-content\/uploads\/WhatsApp-Image-2024-05-02-at-11.22.17-1-1-1536x1023.jpeg 1536w, https:\/\/montehermoso.gov.ar\/sitio\/wp-content\/uploads\/WhatsApp-Image-2024-05-02-at-11.22.17-1-1-1320x879.jpeg 1320w, https:\/\/montehermoso.gov.ar\/sitio\/wp-content\/uploads\/WhatsApp-Image-2024-05-02-at-11.22.17-1-1.jpeg 1600w\" sizes=\"(max-width: 1024px) 100vw, 1024px\" \/><\/figure>\n\n\n\n<figure class=\"wp-block-image size-large\"><img alt=\"\" loading=\"lazy\" decoding=\"async\" width=\"1024\" height=\"576\" data-id=\"18477\" src=\"https:\/\/montehermoso.gov.ar\/sitio\/wp-content\/uploads\/IMG_0573-1024x576.jpg\" alt=\"\" class=\"wp-image-18477\" srcset=\"https:\/\/montehermoso.gov.ar\/sitio\/wp-content\/uploads\/IMG_0573-1024x576.jpg 1024w, https:\/\/montehermoso.gov.ar\/sitio\/wp-content\/uploads\/IMG_0573-300x169.jpg 300w, https:\/\/montehermoso.gov.ar\/sitio\/wp-content\/uploads\/IMG_0573-768x432.jpg 768w, https:\/\/montehermoso.gov.ar\/sitio\/wp-content\/uploads\/IMG_0573-1536x864.jpg 1536w, https:\/\/montehermoso.gov.ar\/sitio\/wp-content\/uploads\/IMG_0573-1320x743.jpg 1320w, https:\/\/montehermoso.gov.ar\/sitio\/wp-content\/uploads\/IMG_0573.jpg 1920w\" sizes=\"(max-width: 1024px) 100vw, 1024px\" \/><\/figure>\n\n\n\n<figure class=\"wp-block-image size-large\"><img alt=\"\" loading=\"lazy\" decoding=\"async\" width=\"1024\" height=\"682\" data-id=\"18474\" src=\"https:\/\/montehermoso.gov.ar\/sitio\/wp-content\/uploads\/WhatsApp-Image-2024-05-02-at-11.22.17-1024x682.jpeg\" alt=\"\" class=\"wp-image-18474\" srcset=\"https:\/\/montehermoso.gov.ar\/sitio\/wp-content\/uploads\/WhatsApp-Image-2024-05-02-at-11.22.17-1024x682.jpeg 1024w, https:\/\/montehermoso.gov.ar\/sitio\/wp-content\/uploads\/WhatsApp-Image-2024-05-02-at-11.22.17-300x200.jpeg 300w, https:\/\/montehermoso.gov.ar\/sitio\/wp-content\/uploads\/WhatsApp-Image-2024-05-02-at-11.22.17-768x512.jpeg 768w, https:\/\/montehermoso.gov.ar\/sitio\/wp-content\/uploads\/WhatsApp-Image-2024-05-02-at-11.22.17-1536x1023.jpeg 1536w, https:\/\/montehermoso.gov.ar\/sitio\/wp-content\/uploads\/WhatsApp-Image-2024-05-02-at-11.22.17-1320x879.jpeg 1320w, https:\/\/montehermoso.gov.ar\/sitio\/wp-content\/uploads\/WhatsApp-Image-2024-05-02-at-11.22.17.jpeg 1600w\" sizes=\"(max-width: 1024px) 100vw, 1024px\" \/><\/figure>\n\n\n\n<figure class=\"wp-block-image size-large\"><img alt=\"\" loading=\"lazy\" decoding=\"async\" width=\"1024\" height=\"576\" data-id=\"18478\" src=\"https:\/\/montehermoso.gov.ar\/sitio\/wp-content\/uploads\/IMG_1372-1024x576.jpg\" alt=\"\" class=\"wp-image-18478\" srcset=\"https:\/\/montehermoso.gov.ar\/sitio\/wp-content\/uploads\/IMG_1372-1024x576.jpg 1024w, https:\/\/montehermoso.gov.ar\/sitio\/wp-content\/uploads\/IMG_1372-300x169.jpg 300w, https:\/\/montehermoso.gov.ar\/sitio\/wp-content\/uploads\/IMG_1372-768x432.jpg 768w, https:\/\/montehermoso.gov.ar\/sitio\/wp-content\/uploads\/IMG_1372-1536x864.jpg 1536w, https:\/\/montehermoso.gov.ar\/sitio\/wp-content\/uploads\/IMG_1372-1320x743.jpg 1320w, https:\/\/montehermoso.gov.ar\/sitio\/wp-content\/uploads\/IMG_1372.jpg 1920w\" sizes=\"(max-width: 1024px) 100vw, 1024px\" \/><\/figure>\n<\/figure>\n","protected":false},"excerpt":{"rendered":"<p>Con el objetivo de visibilizar y trabajar sobre el autismo, las Secretar\u00eda de Salud y de Desarrollo Humano y Social, a trav\u00e9s de sus Espacios de Primera Infancia \u201cEvita\u201d, llevaron a cabo durante todo el mes de abril distintas actividades abiertas a la comunidad. Entre las distintas propuestas, se realizaron diferentes acciones con ni\u00f1as y &#8230; <a title=\"Con capacitaciones y actividades a lo largo de abril, finaliz\u00f3 el \u201cMes de la Concientizaci\u00f3n Sobre el Autismo\u201d\" class=\"read-more\" href=\"https:\/\/montehermoso.gov.ar\/sitio\/con-capacitaciones-y-actividades-a-lo-largo-de-abril-finalizo-el-mes-de-la-concientizacion-sobre-el-autismo\/\" aria-label=\"Leer m\u00e1s sobre Con capacitaciones y actividades a lo largo de abril, finaliz\u00f3 el \u201cMes de la Concientizaci\u00f3n Sobre el Autismo\u201d\">Leer m\u00e1s<\/a><\/p>\n","protected":false},"author":8,"featured_media":18479,"comment_status":"closed","ping_status":"closed","sticky":false,"template":"","format":"standard","meta":{"_seopress_titles_title":"","_seopress_titles_desc":"","_seopress_robots_index":"","_seopress_robots_follow":"","_seopress_robots_imageindex":"","_seopress_robots_snippet":"","_seopress_robots_primary_cat":"","_seopress_robots_breadcrumbs":"","_seopress_robots_freeze_modified_date":"","_seopress_robots_custom_modified_date":"","_seopress_robots_canonical":"","_seopress_social_fb_title":"","_seopress_social_fb_desc":"","_seopress_social_fb_img":"","_seopress_social_fb_img_attachment_id":0,"_seopress_social_fb_img_width":0,"_seopress_social_fb_img_height":0,"_seopress_social_twitter_title":"","_seopress_social_twitter_desc":"","_seopress_social_twitter_img":"","_seopress_social_twitter_img_attachment_id":0,"_seopress_social_twitter_img_width":0,"_seopress_social_twitter_img_height":0,"_seopress_redirections_value":"","_seopress_redirections_enabled":"","_seopress_redirections_enabled_regex":"","_seopress_redirections_logged_status":"","_seopress_redirections_param":"","_seopress_redirections_type":0,"_seopress_analysis_target_kw":"","_joinchat":[],"footnotes":""},"categories":[1164],"tags":[1224,1223,1057],"class_list":["post-18480","post","type-post","status-publish","format-standard","has-post-thumbnail","hentry","category-desarrollo-humano-y-social","tag-abril","tag-autismo","tag-cdi"],"_links":{"self":[{"href":"https:\/\/montehermoso.gov.ar\/sitio\/wp-json\/wp\/v2\/posts\/18480","targetHints":{"allow":["GET"]}}],"collection":[{"href":"https:\/\/montehermoso.gov.ar\/sitio\/wp-json\/wp\/v2\/posts"}],"about":[{"href":"https:\/\/montehermoso.gov.ar\/sitio\/wp-json\/wp\/v2\/types\/post"}],"author":[{"embeddable":true,"href":"https:\/\/montehermoso.gov.ar\/sitio\/wp-json\/wp\/v2\/users\/8"}],"replies":[{"embeddable":true,"href":"https:\/\/montehermoso.gov.ar\/sitio\/wp-json\/wp\/v2\/comments?post=18480"}],"version-history":[{"count":0,"href":"https:\/\/montehermoso.gov.ar\/sitio\/wp-json\/wp\/v2\/posts\/18480\/revisions"}],"wp:attachment":[{"href":"https:\/\/montehermoso.gov.ar\/sitio\/wp-json\/wp\/v2\/media?parent=18480"}],"wp:term":[{"taxonomy":"category","embeddable":true,"href":"https:\/\/montehermoso.gov.ar\/sitio\/wp-json\/wp\/v2\/categories?post=18480"},{"taxonomy":"post_tag","embeddable":true,"href":"https:\/\/montehermoso.gov.ar\/sitio\/wp-json\/wp\/v2\/tags?post=18480"}],"curies":[{"name":"wp","href":"https:\/\/api.w.org\/{rel}","templated":true}]}}