{"id":18310,"date":"2024-04-15T11:35:37","date_gmt":"2024-04-15T14:35:37","guid":{"rendered":"https:\/\/montehermoso.gov.ar\/sitio\/?p=18310"},"modified":"2024-04-15T11:35:37","modified_gmt":"2024-04-15T14:35:37","slug":"se-aprobo-la-apertura-de-la-colectora-av-de-los-deportes","status":"publish","type":"post","link":"https:\/\/montehermoso.gov.ar\/sitio\/se-aprobo-la-apertura-de-la-colectora-av-de-los-deportes\/","title":{"rendered":"Se aprob\u00f3 la apertura de la colectora Av. de los Deportes \u00a0"},"content":{"rendered":"\n<p class=\"wp-block-paragraph\">Con el objetivo de ordenar las v\u00edas de circulaci\u00f3n, contar con un acceso directo a espacios de uso masivo y descomprimir el ingreso y egreso por Ruta 78, sobre todo en temporada, el Concejo Deliberante vot\u00f3 por unanimidad la ordenanza N\u00b0 3305 a trav\u00e9s de la cual se aprob\u00f3 la ejecuci\u00f3n de esta nueva colectora que se ubicar\u00e1 al este de la ruta, entre la calle Bosque Alegre y la Estaci\u00f3n de Servicio YPF.<\/p>\n\n\n\n<p class=\"wp-block-paragraph\">La futura \u201cAvenida de los Deportes\u201d, forma parte del Plan de Ordenamiento de Acceso a Monte Hermoso ejecutado por la Secretar\u00eda de Planeamiento Urbano para el Desarrollo Sustentable; ser\u00e1 un tramo de m\u00e1s de 400 metros, tendr\u00e1 doble sentido de circulaci\u00f3n con un ancho de calzada de 9 metros.<\/p>\n\n\n\n<p class=\"wp-block-paragraph\">\u201cApuntamos a generar un nuevo acceso distribuidor a los espacios de uso cotidiano como la Estaci\u00f3n de Servicio, la Terminal de \u00d3mnibus, el Polideportivo Municipal y el Paseo del Pinar, que permita ordenar el flujo circulatorio, evitando cruces innecesarios sobre la ruta, como as\u00ed tambi\u00e9n descongestionarla y facilitar la llegada a estos lugares sobre todo en temporada\u201d explic\u00f3 el secretario del \u00e1rea, Arq. Roberto Pizzato.<\/p>\n\n\n\n<p class=\"wp-block-paragraph\">Esta planificaci\u00f3n forma parte del nuevo C\u00f3digo de Ordenamiento Urbano y Territorial (C.O.U.T. MH) y la nueva traza fue tambi\u00e9n aprobada por la Direcci\u00f3n de Vialidad de la Provincia.<\/p>\n\n\n\n<p class=\"wp-block-paragraph\">La Colectora Este o \u201cAv. de los Deportes\u201d contar\u00e1 adem\u00e1s con estacionamientos a 45\u00b0 y senderos peatonales con car\u00e1cter paisaj\u00edstico, trabajos que se realizar\u00e1n en etapas.<\/p>\n\n\n\n<figure class=\"wp-block-image size-large is-resized\"><img alt=\"\" fetchpriority=\"high\" decoding=\"async\" width=\"1024\" height=\"598\" src=\"https:\/\/montehermoso.gov.ar\/sitio\/wp-content\/uploads\/aprobacioncolectoraeste-1024x598.jpg\" alt=\"\" class=\"wp-image-18311\" style=\"width:1055px;height:auto\" srcset=\"https:\/\/montehermoso.gov.ar\/sitio\/wp-content\/uploads\/aprobacioncolectoraeste-1024x598.jpg 1024w, https:\/\/montehermoso.gov.ar\/sitio\/wp-content\/uploads\/aprobacioncolectoraeste-300x175.jpg 300w, https:\/\/montehermoso.gov.ar\/sitio\/wp-content\/uploads\/aprobacioncolectoraeste-768x449.jpg 768w\" sizes=\"(max-width: 1024px) 100vw, 1024px\" \/><\/figure>\n","protected":false},"excerpt":{"rendered":"<p>Con el objetivo de ordenar las v\u00edas de circulaci\u00f3n, contar con un acceso directo a espacios de uso masivo y descomprimir el ingreso y egreso por Ruta 78, sobre todo en temporada, el Concejo Deliberante vot\u00f3 por unanimidad la ordenanza N\u00b0 3305 a trav\u00e9s de la cual se aprob\u00f3 la ejecuci\u00f3n de esta nueva colectora &#8230; <a title=\"Se aprob\u00f3 la apertura de la colectora Av. de los Deportes \u00a0\" class=\"read-more\" href=\"https:\/\/montehermoso.gov.ar\/sitio\/se-aprobo-la-apertura-de-la-colectora-av-de-los-deportes\/\" aria-label=\"Leer m\u00e1s sobre Se aprob\u00f3 la apertura de la colectora Av. de los Deportes \u00a0\">Leer m\u00e1s<\/a><\/p>\n","protected":false},"author":8,"featured_media":18311,"comment_status":"closed","ping_status":"closed","sticky":false,"template":"","format":"standard","meta":{"_seopress_titles_title":"","_seopress_titles_desc":"","_seopress_robots_index":"","_seopress_robots_follow":"","_seopress_robots_imageindex":"","_seopress_robots_snippet":"","_seopress_robots_primary_cat":"","_seopress_robots_breadcrumbs":"","_seopress_robots_freeze_modified_date":"","_seopress_robots_custom_modified_date":"","_seopress_robots_canonical":"","_seopress_social_fb_title":"","_seopress_social_fb_desc":"","_seopress_social_fb_img":"","_seopress_social_fb_img_attachment_id":0,"_seopress_social_fb_img_width":0,"_seopress_social_fb_img_height":0,"_seopress_social_twitter_title":"","_seopress_social_twitter_desc":"","_seopress_social_twitter_img":"","_seopress_social_twitter_img_attachment_id":0,"_seopress_social_twitter_img_width":0,"_seopress_social_twitter_img_height":0,"_seopress_redirections_value":"","_seopress_redirections_enabled":"","_seopress_redirections_enabled_regex":"","_seopress_redirections_logged_status":"","_seopress_redirections_param":"","_seopress_redirections_type":0,"_seopress_analysis_target_kw":"","_joinchat":[],"footnotes":""},"categories":[118,70],"tags":[1213,1212],"class_list":["post-18310","post","type-post","status-publish","format-standard","has-post-thumbnail","hentry","category-honorable-concejo-deliberante","category-planeamiento-ambiental","tag-colectora","tag-reordenmiento"],"_links":{"self":[{"href":"https:\/\/montehermoso.gov.ar\/sitio\/wp-json\/wp\/v2\/posts\/18310","targetHints":{"allow":["GET"]}}],"collection":[{"href":"https:\/\/montehermoso.gov.ar\/sitio\/wp-json\/wp\/v2\/posts"}],"about":[{"href":"https:\/\/montehermoso.gov.ar\/sitio\/wp-json\/wp\/v2\/types\/post"}],"author":[{"embeddable":true,"href":"https:\/\/montehermoso.gov.ar\/sitio\/wp-json\/wp\/v2\/users\/8"}],"replies":[{"embeddable":true,"href":"https:\/\/montehermoso.gov.ar\/sitio\/wp-json\/wp\/v2\/comments?post=18310"}],"version-history":[{"count":0,"href":"https:\/\/montehermoso.gov.ar\/sitio\/wp-json\/wp\/v2\/posts\/18310\/revisions"}],"wp:featuredmedia":[{"embeddable":true,"href":"https:\/\/montehermoso.gov.ar\/sitio\/wp-json\/wp\/v2\/media\/18311"}],"wp:attachment":[{"href":"https:\/\/montehermoso.gov.ar\/sitio\/wp-json\/wp\/v2\/media?parent=18310"}],"wp:term":[{"taxonomy":"category","embeddable":true,"href":"https:\/\/montehermoso.gov.ar\/sitio\/wp-json\/wp\/v2\/categories?post=18310"},{"taxonomy":"post_tag","embeddable":true,"href":"https:\/\/montehermoso.gov.ar\/sitio\/wp-json\/wp\/v2\/tags?post=18310"}],"curies":[{"name":"wp","href":"https:\/\/api.w.org\/{rel}","templated":true}]}}