{"id":18307,"date":"2024-04-15T11:29:27","date_gmt":"2024-04-15T14:29:27","guid":{"rendered":"https:\/\/montehermoso.gov.ar\/sitio\/?p=18307"},"modified":"2024-04-15T11:29:27","modified_gmt":"2024-04-15T14:29:27","slug":"esta-abierta-la-inscripcion-de-futuro-memoria-2024","status":"publish","type":"post","link":"https:\/\/montehermoso.gov.ar\/sitio\/esta-abierta-la-inscripcion-de-futuro-memoria-2024\/","title":{"rendered":"Est\u00e1 abierta la inscripci\u00f3n de \u201cFuturo Memoria 2024\u201d"},"content":{"rendered":"\n<p class=\"wp-block-paragraph\"><em>El Programa est\u00e1 destinado a j\u00f3venes de entre 14 y 21 a\u00f1os. Participan mediante producciones art\u00edsticas sobre tres ejes tem\u00e1ticos y mediante la Plataforma TikTok.<\/em><\/p>\n\n\n\n<p class=\"wp-block-paragraph\">La Subsecretar\u00eda de Derechos Humanos del Ministerio de Justicia y Derechos Humanos de la provincia de Buenos Aires present\u00f3 la edici\u00f3n 2024 del Programa Futuro Memoria con el objetivo de seguir contribuyendo al fortalecimiento de la Democracia de forma participativa con las juventudes bonaerenses.<br><br>\u201cA lo largo de las tres ediciones anteriores, m\u00e1s de 22 mil j\u00f3venes de 125 municipios de la Provincia de Buenos Aires reflexionaron sobre nuestro pasado reciente y las implicancias pol\u00edticas, econ\u00f3micas y culturales de la \u00faltima dictadura c\u00edvico militar en nuestro presente y futuro\u201d, afirm\u00f3 el subsecretario de Derechos Humanos, Mat\u00edas Moreno.<\/p>\n\n\n\n<p class=\"wp-block-paragraph\">El Programa est\u00e1 destinado a j\u00f3venes bonaerenses de entre 14 y 21 a\u00f1os, que quieran vivir una experiencia educativa y creativa a trav\u00e9s de la participaci\u00f3n en un concurso de producciones art\u00edsticas y culturales sobre los ejes tem\u00e1ticos: Democracia para siempre, J\u00f3venes y Participaci\u00f3n, Los caminos de la memoria, la verdad y la justicia.<\/p>\n\n\n\n<p class=\"wp-block-paragraph\">Durante el proceso de producci\u00f3n, las y los participantes contar\u00e1n con cursos de formaci\u00f3n y materiales educativos: tutoriales, pel\u00edculas, videos, podcast, entrevistas. Adem\u00e1s, podr\u00e1n solicitar encuentros virtuales de acompa\u00f1amiento con coordinadores del Programa. A partir de esos insumos y lo trabajado en cada instituci\u00f3n, los diferentes grupos deber\u00e1n realizar una producci\u00f3n grupal para presentar y participar en el concurso. Las presentaciones ser\u00e1n a trav\u00e9s de TikTok y cada \u201cMe gusta\u201d que reciba la publicaci\u00f3n equivaldr\u00e1 a un voto.<\/p>\n\n\n\n<p class=\"wp-block-paragraph\">Tendr\u00e1n tiempo para inscribirse hasta el pr\u00f3ximo mi\u00e9rcoles 24 de abril.<\/p>\n\n\n\n<p class=\"wp-block-paragraph\">Al finalizar todo el proceso, los grupos participantes recibir\u00e1n una devoluci\u00f3n\/reflexi\u00f3n de la coordinaci\u00f3n del Programa sobre las producciones de la edici\u00f3n y certificados virtuales de participaci\u00f3n para sus integrantes.<\/p>\n\n\n\n<p class=\"wp-block-paragraph\"><a href=\"https:\/\/derechoshumanos.mjus.gba.gob.ar\/inscripcion-futuro-memoria-2024-2\/\">INSCRIBITE ACA<\/a> <\/p>\n\n\n\n<figure class=\"wp-block-image size-full is-resized\"><img alt=\"\" fetchpriority=\"high\" decoding=\"async\" width=\"743\" height=\"530\" src=\"https:\/\/montehermoso.gov.ar\/sitio\/wp-content\/uploads\/WhatsApp-Image-2024-04-15-at-11.14.25.jpeg\" alt=\"\" class=\"wp-image-18308\" style=\"width:1018px;height:auto\" srcset=\"https:\/\/montehermoso.gov.ar\/sitio\/wp-content\/uploads\/WhatsApp-Image-2024-04-15-at-11.14.25.jpeg 743w, https:\/\/montehermoso.gov.ar\/sitio\/wp-content\/uploads\/WhatsApp-Image-2024-04-15-at-11.14.25-300x214.jpeg 300w\" sizes=\"(max-width: 743px) 100vw, 743px\" \/><\/figure>\n","protected":false},"excerpt":{"rendered":"<p>El Programa est\u00e1 destinado a j\u00f3venes de entre 14 y 21 a\u00f1os. Participan mediante producciones art\u00edsticas sobre tres ejes tem\u00e1ticos y mediante la Plataforma TikTok. La Subsecretar\u00eda de Derechos Humanos del Ministerio de Justicia y Derechos Humanos de la provincia de Buenos Aires present\u00f3 la edici\u00f3n 2024 del Programa Futuro Memoria con el objetivo de &#8230; <a title=\"Est\u00e1 abierta la inscripci\u00f3n de \u201cFuturo Memoria 2024\u201d\" class=\"read-more\" href=\"https:\/\/montehermoso.gov.ar\/sitio\/esta-abierta-la-inscripcion-de-futuro-memoria-2024\/\" aria-label=\"Leer m\u00e1s sobre Est\u00e1 abierta la inscripci\u00f3n de \u201cFuturo Memoria 2024\u201d\">Leer m\u00e1s<\/a><\/p>\n","protected":false},"author":8,"featured_media":18308,"comment_status":"closed","ping_status":"closed","sticky":false,"template":"","format":"standard","meta":{"_seopress_titles_title":"","_seopress_titles_desc":"","_seopress_robots_index":"","_seopress_robots_follow":"","_seopress_robots_imageindex":"","_seopress_robots_snippet":"","_seopress_robots_primary_cat":"","_seopress_robots_breadcrumbs":"","_seopress_robots_freeze_modified_date":"","_seopress_robots_custom_modified_date":"","_seopress_robots_canonical":"","_seopress_social_fb_title":"","_seopress_social_fb_desc":"","_seopress_social_fb_img":"","_seopress_social_fb_img_attachment_id":0,"_seopress_social_fb_img_width":0,"_seopress_social_fb_img_height":0,"_seopress_social_twitter_title":"","_seopress_social_twitter_desc":"","_seopress_social_twitter_img":"","_seopress_social_twitter_img_attachment_id":0,"_seopress_social_twitter_img_width":0,"_seopress_social_twitter_img_height":0,"_seopress_redirections_value":"","_seopress_redirections_enabled":"","_seopress_redirections_enabled_regex":"","_seopress_redirections_logged_status":"","_seopress_redirections_param":"","_seopress_redirections_type":0,"_seopress_analysis_target_kw":"","_joinchat":[],"footnotes":""},"categories":[635,3],"tags":[827,1210,1211],"class_list":["post-18307","post","type-post","status-publish","format-standard","has-post-thumbnail","hentry","category-cultura","category-educacion","tag-concurso","tag-futuro","tag-memoria"],"_links":{"self":[{"href":"https:\/\/montehermoso.gov.ar\/sitio\/wp-json\/wp\/v2\/posts\/18307","targetHints":{"allow":["GET"]}}],"collection":[{"href":"https:\/\/montehermoso.gov.ar\/sitio\/wp-json\/wp\/v2\/posts"}],"about":[{"href":"https:\/\/montehermoso.gov.ar\/sitio\/wp-json\/wp\/v2\/types\/post"}],"author":[{"embeddable":true,"href":"https:\/\/montehermoso.gov.ar\/sitio\/wp-json\/wp\/v2\/users\/8"}],"replies":[{"embeddable":true,"href":"https:\/\/montehermoso.gov.ar\/sitio\/wp-json\/wp\/v2\/comments?post=18307"}],"version-history":[{"count":0,"href":"https:\/\/montehermoso.gov.ar\/sitio\/wp-json\/wp\/v2\/posts\/18307\/revisions"}],"wp:featuredmedia":[{"embeddable":true,"href":"https:\/\/montehermoso.gov.ar\/sitio\/wp-json\/wp\/v2\/media\/18308"}],"wp:attachment":[{"href":"https:\/\/montehermoso.gov.ar\/sitio\/wp-json\/wp\/v2\/media?parent=18307"}],"wp:term":[{"taxonomy":"category","embeddable":true,"href":"https:\/\/montehermoso.gov.ar\/sitio\/wp-json\/wp\/v2\/categories?post=18307"},{"taxonomy":"post_tag","embeddable":true,"href":"https:\/\/montehermoso.gov.ar\/sitio\/wp-json\/wp\/v2\/tags?post=18307"}],"curies":[{"name":"wp","href":"https:\/\/api.w.org\/{rel}","templated":true}]}}