{"id":16871,"date":"2024-01-03T11:47:42","date_gmt":"2024-01-03T14:47:42","guid":{"rendered":"https:\/\/montehermoso.gov.ar\/sitio\/?p=16871"},"modified":"2024-01-03T11:47:42","modified_gmt":"2024-01-03T14:47:42","slug":"monte-entre-los-dos-unicos-municipios-de-la-sexta-que-jerarquizo-el-area-de-la-mujer-genero-y-diversidad","status":"publish","type":"post","link":"https:\/\/montehermoso.gov.ar\/sitio\/monte-entre-los-dos-unicos-municipios-de-la-sexta-que-jerarquizo-el-area-de-la-mujer-genero-y-diversidad\/","title":{"rendered":"Monte entre los dos \u00fanicos municipios de la Sexta que jerarquiz\u00f3 el \u00e1rea de la Mujer, G\u00e9nero y Diversidad"},"content":{"rendered":"\n<p class=\"wp-block-paragraph\"><\/p>\n\n\n\n<p class=\"wp-block-paragraph\"><strong>#Pol\u00edticasDeG\u00e9nero<\/strong><\/p>\n\n\n\n<p class=\"wp-block-paragraph\"><\/p>\n\n\n\n<p class=\"wp-block-paragraph\">El jefe comunal Hern\u00e1n Arranz junto a la secretaria de Desarrollo Humano y Social, Rosana Sotelo y a la subsecretaria de la Mujer, G\u00e9nero y Diversidades, Virginia Lopes Frasca recibieron ayer a la directora Provincial de Regiones del Ministerio de las Mujeres, Pol\u00edticas de G\u00e9nero y Diversidad Sexual, Silvia Zaballa para realizar un repaso de los programas implementados en forma conjunta desde 2019 a la fecha y coordinar el abordaje de m\u00e1s pol\u00edticas de g\u00e9nero.<\/p>\n\n\n\n<p class=\"wp-block-paragraph\">La funcionaria provincial celebr\u00f3 la reciente jerarquizaci\u00f3n del \u00e1rea de G\u00e9nero&nbsp;en el organigrama Ejecutivo, uno de los ejes de la plataforma presentada por el Intendente antes de asumir, y destac\u00f3 que Monte Hermoso junto a Coronel Rosales fueron los dos \u00fanicos municipios de toda la Sexta Secci\u00f3n en elevar la representatividad y gesti\u00f3n del \u00e1rea \u201cen un contexto d\u00f3nde est\u00e1 pasando todo lo contrario\u201d.<\/p>\n\n\n\n<p class=\"wp-block-paragraph\">\u201cEn estos primeros cuatro a\u00f1os acercamos al distrito de manera presencial y virtual veintitr\u00e9s pol\u00edticas p\u00fablicas; el 83% a trav\u00e9s de la por entonces Direcci\u00f3n de G\u00e9nero y el 17% mediante organizaciones de la comunidad\u201d cont\u00f3 Zaballa.<\/p>\n\n\n\n<p class=\"wp-block-paragraph\">Por su parte, Arranz remarc\u00f3 la importancia de \u201csostener la presencia territorial del Ministerio para contener a los municipios y trabajar articuladamente reforzando las pol\u00edticas existentes y generar nuevas teniendo en cuenta las distintas realidades de nuestras comunidades\u201d.<\/p>\n\n\n\n<p class=\"wp-block-paragraph\">Entre los programas implementados, Monte Hermoso cont\u00f3 con \u201cMunicipios por la Igualdad\u201d, \u201cTorneo de f\u00fatbol femenino: Copa Igualdad\u201d, \u201cTramando Derechos\u201d, \u201cPol\u00edticas de Diversidad, Plan de Fortalecimiento Social (Tarjeta Alimentar)\u201d, \u201cMasculinidades para la Igualdad\u201d y \u201cESI con Amigues\u201d, \u201cCiencias sin estereotipos\u201d y tambi\u00e9n se capacit\u00f3 al personal municipal y funcionarios en la \u201cLey Micaela\u201d, entre tantas otras acciones.<\/p>\n\n\n\n<figure class=\"wp-block-gallery has-nested-images columns-default is-cropped wp-block-gallery-1 is-layout-flex wp-block-gallery-is-layout-flex\">\n<figure class=\"wp-block-image size-large\"><img alt=\"\" fetchpriority=\"high\" decoding=\"async\" width=\"1024\" height=\"769\" data-id=\"16873\" src=\"https:\/\/montehermoso.gov.ar\/sitio\/wp-content\/uploads\/WhatsApp-Image-2024-01-03-at-11.37.08-2-1024x769.jpeg\" alt=\"\" class=\"wp-image-16873\" srcset=\"https:\/\/montehermoso.gov.ar\/sitio\/wp-content\/uploads\/WhatsApp-Image-2024-01-03-at-11.37.08-2-1024x769.jpeg 1024w, https:\/\/montehermoso.gov.ar\/sitio\/wp-content\/uploads\/WhatsApp-Image-2024-01-03-at-11.37.08-2-300x225.jpeg 300w, https:\/\/montehermoso.gov.ar\/sitio\/wp-content\/uploads\/WhatsApp-Image-2024-01-03-at-11.37.08-2-768x577.jpeg 768w, https:\/\/montehermoso.gov.ar\/sitio\/wp-content\/uploads\/WhatsApp-Image-2024-01-03-at-11.37.08-2-1536x1154.jpeg 1536w, https:\/\/montehermoso.gov.ar\/sitio\/wp-content\/uploads\/WhatsApp-Image-2024-01-03-at-11.37.08-2-1320x992.jpeg 1320w, https:\/\/montehermoso.gov.ar\/sitio\/wp-content\/uploads\/WhatsApp-Image-2024-01-03-at-11.37.08-2.jpeg 1600w\" sizes=\"(max-width: 1024px) 100vw, 1024px\" \/><\/figure>\n\n\n\n<figure class=\"wp-block-image size-large\"><img alt=\"\" decoding=\"async\" width=\"1024\" height=\"576\" data-id=\"16874\" src=\"https:\/\/montehermoso.gov.ar\/sitio\/wp-content\/uploads\/WhatsApp-Image-2024-01-03-at-11.37.08-1-1024x576.jpeg\" alt=\"\" class=\"wp-image-16874\" srcset=\"https:\/\/montehermoso.gov.ar\/sitio\/wp-content\/uploads\/WhatsApp-Image-2024-01-03-at-11.37.08-1-1024x576.jpeg 1024w, https:\/\/montehermoso.gov.ar\/sitio\/wp-content\/uploads\/WhatsApp-Image-2024-01-03-at-11.37.08-1-300x169.jpeg 300w, https:\/\/montehermoso.gov.ar\/sitio\/wp-content\/uploads\/WhatsApp-Image-2024-01-03-at-11.37.08-1-768x432.jpeg 768w, https:\/\/montehermoso.gov.ar\/sitio\/wp-content\/uploads\/WhatsApp-Image-2024-01-03-at-11.37.08-1-1536x864.jpeg 1536w, https:\/\/montehermoso.gov.ar\/sitio\/wp-content\/uploads\/WhatsApp-Image-2024-01-03-at-11.37.08-1-1320x743.jpeg 1320w, https:\/\/montehermoso.gov.ar\/sitio\/wp-content\/uploads\/WhatsApp-Image-2024-01-03-at-11.37.08-1.jpeg 1600w\" sizes=\"(max-width: 1024px) 100vw, 1024px\" \/><\/figure>\n\n\n\n<figure class=\"wp-block-image size-large\"><img alt=\"\" decoding=\"async\" width=\"1024\" height=\"576\" data-id=\"16875\" src=\"https:\/\/montehermoso.gov.ar\/sitio\/wp-content\/uploads\/WhatsApp-Image-2024-01-03-at-11.37.08-1024x576.jpeg\" alt=\"\" class=\"wp-image-16875\" srcset=\"https:\/\/montehermoso.gov.ar\/sitio\/wp-content\/uploads\/WhatsApp-Image-2024-01-03-at-11.37.08-1024x576.jpeg 1024w, https:\/\/montehermoso.gov.ar\/sitio\/wp-content\/uploads\/WhatsApp-Image-2024-01-03-at-11.37.08-300x169.jpeg 300w, https:\/\/montehermoso.gov.ar\/sitio\/wp-content\/uploads\/WhatsApp-Image-2024-01-03-at-11.37.08-768x432.jpeg 768w, https:\/\/montehermoso.gov.ar\/sitio\/wp-content\/uploads\/WhatsApp-Image-2024-01-03-at-11.37.08-1536x864.jpeg 1536w, https:\/\/montehermoso.gov.ar\/sitio\/wp-content\/uploads\/WhatsApp-Image-2024-01-03-at-11.37.08-1320x743.jpeg 1320w, https:\/\/montehermoso.gov.ar\/sitio\/wp-content\/uploads\/WhatsApp-Image-2024-01-03-at-11.37.08.jpeg 1600w\" sizes=\"(max-width: 1024px) 100vw, 1024px\" \/><\/figure>\n<\/figure>\n","protected":false},"excerpt":{"rendered":"<p>#Pol\u00edticasDeG\u00e9nero El jefe comunal Hern\u00e1n Arranz junto a la secretaria de Desarrollo Humano y Social, Rosana Sotelo y a la subsecretaria de la Mujer, G\u00e9nero y Diversidades, Virginia Lopes Frasca recibieron ayer a la directora Provincial de Regiones del Ministerio de las Mujeres, Pol\u00edticas de G\u00e9nero y Diversidad Sexual, Silvia Zaballa para realizar un repaso &#8230; <a title=\"Monte entre los dos \u00fanicos municipios de la Sexta que jerarquiz\u00f3 el \u00e1rea de la Mujer, G\u00e9nero y Diversidad\" class=\"read-more\" href=\"https:\/\/montehermoso.gov.ar\/sitio\/monte-entre-los-dos-unicos-municipios-de-la-sexta-que-jerarquizo-el-area-de-la-mujer-genero-y-diversidad\/\" aria-label=\"Leer m\u00e1s sobre Monte entre los dos \u00fanicos municipios de la Sexta que jerarquiz\u00f3 el \u00e1rea de la Mujer, G\u00e9nero y Diversidad\">Leer m\u00e1s<\/a><\/p>\n","protected":false},"author":8,"featured_media":16872,"comment_status":"closed","ping_status":"closed","sticky":false,"template":"","format":"standard","meta":{"_seopress_titles_title":"","_seopress_titles_desc":"","_seopress_robots_index":"","_seopress_robots_follow":"","_seopress_robots_imageindex":"","_seopress_robots_snippet":"","_seopress_robots_primary_cat":"","_seopress_robots_breadcrumbs":"","_seopress_robots_freeze_modified_date":"","_seopress_robots_custom_modified_date":"","_seopress_robots_canonical":"","_seopress_social_fb_title":"","_seopress_social_fb_desc":"","_seopress_social_fb_img":"","_seopress_social_fb_img_attachment_id":0,"_seopress_social_fb_img_width":0,"_seopress_social_fb_img_height":0,"_seopress_social_twitter_title":"","_seopress_social_twitter_desc":"","_seopress_social_twitter_img":"","_seopress_social_twitter_img_attachment_id":0,"_seopress_social_twitter_img_width":0,"_seopress_social_twitter_img_height":0,"_seopress_redirections_value":"","_seopress_redirections_enabled":"","_seopress_redirections_enabled_regex":"","_seopress_redirections_logged_status":"","_seopress_redirections_param":"","_seopress_redirections_type":0,"_seopress_analysis_target_kw":"","_joinchat":[],"footnotes":""},"categories":[1164,183],"tags":[1165,1166,177,1090],"class_list":["post-16871","post","type-post","status-publish","format-standard","has-post-thumbnail","hentry","category-desarrollo-humano-y-social","category-gestion","tag-desarrollo-humano-y-social","tag-genero-y-diversidad","tag-gestion","tag-mujer"],"_links":{"self":[{"href":"https:\/\/montehermoso.gov.ar\/sitio\/wp-json\/wp\/v2\/posts\/16871","targetHints":{"allow":["GET"]}}],"collection":[{"href":"https:\/\/montehermoso.gov.ar\/sitio\/wp-json\/wp\/v2\/posts"}],"about":[{"href":"https:\/\/montehermoso.gov.ar\/sitio\/wp-json\/wp\/v2\/types\/post"}],"author":[{"embeddable":true,"href":"https:\/\/montehermoso.gov.ar\/sitio\/wp-json\/wp\/v2\/users\/8"}],"replies":[{"embeddable":true,"href":"https:\/\/montehermoso.gov.ar\/sitio\/wp-json\/wp\/v2\/comments?post=16871"}],"version-history":[{"count":0,"href":"https:\/\/montehermoso.gov.ar\/sitio\/wp-json\/wp\/v2\/posts\/16871\/revisions"}],"wp:featuredmedia":[{"embeddable":true,"href":"https:\/\/montehermoso.gov.ar\/sitio\/wp-json\/wp\/v2\/media\/16872"}],"wp:attachment":[{"href":"https:\/\/montehermoso.gov.ar\/sitio\/wp-json\/wp\/v2\/media?parent=16871"}],"wp:term":[{"taxonomy":"category","embeddable":true,"href":"https:\/\/montehermoso.gov.ar\/sitio\/wp-json\/wp\/v2\/categories?post=16871"},{"taxonomy":"post_tag","embeddable":true,"href":"https:\/\/montehermoso.gov.ar\/sitio\/wp-json\/wp\/v2\/tags?post=16871"}],"curies":[{"name":"wp","href":"https:\/\/api.w.org\/{rel}","templated":true}]}}