{"id":16407,"date":"2023-11-27T12:02:14","date_gmt":"2023-11-27T15:02:14","guid":{"rendered":"https:\/\/montehermoso.gov.ar\/sitio\/?p=16407"},"modified":"2023-11-27T12:02:14","modified_gmt":"2023-11-27T15:02:14","slug":"estudiantes-de-la-tecnica-ganaron-10-millones-en-las-olimpiadas-nacionales-de-educacion-tecnico-profesional","status":"publish","type":"post","link":"https:\/\/montehermoso.gov.ar\/sitio\/estudiantes-de-la-tecnica-ganaron-10-millones-en-las-olimpiadas-nacionales-de-educacion-tecnico-profesional\/","title":{"rendered":"Estudiantes de la T\u00e9cnica ganaron $10 millones en las Olimp\u00edadas Nacionales de Educaci\u00f3n T\u00e9cnico Profesional"},"content":{"rendered":"\n<p class=\"wp-block-paragraph\">Alumnos del \u00faltimo a\u00f1o de la orientaci\u00f3n de Energ\u00edas Renovables de la Secundaria T\u00e9cnica N\u00b0 1, lograron el primer puesto en esta competencia federal organizada por el Ministerio de Educaci\u00f3n de la Naci\u00f3n, a trav\u00e9s del Instituto Nacional de Educaci\u00f3n Tecnol\u00f3gica (INET) adjudic\u00e1ndose el premio de 10 millones de pesos destinados a la mejora de los entornos formativos, una impresora 3D Pro y un servidor Huawei.<br><br>Las mismas se desarrollaron 23 y 24 de noviembre en las instalaciones del INET en la Ciudad Aut\u00f3noma de Buenos Aires y Monte Hermoso de la mano de los estudiantes Diana Jensen, Hugo Salcedo y Juliano Dalessandro, acompa\u00f1ados por el docente y vicedirector de la instituci\u00f3n, Sebasti\u00e1n Rodr\u00edguez, llegaron a la final junto a dos escuelas, una de Tres Arroyos y otra de San Luis.<\/p>\n\n\n\n<p class=\"wp-block-paragraph\">\u201cEs un hecho hist\u00f3rico para la ciudad, para la escuela y para nuestra regi\u00f3n educativa; estas olimpiadas son una pol\u00edtica implementada por el INET para poner a los estudiantes pr\u00f3ximos a egresar frente a la resoluci\u00f3n de problem\u00e1ticas reales de su expertiz\u201d cont\u00f3 Rodr\u00edguez y agreg\u00f3 que \u201cadem\u00e1s dejan un legado enorme para los chicos que eligen la especialidad de renovables\u201d.<br><br>Los montehermose\u00f1os recibieron el premio de manos del director Ejecutivo del INET, Prof. Gerardo Marchesini y del director de Educaci\u00f3n T\u00e9cnica de la Direcci\u00f3n General de Cultura y Educaci\u00f3n de la Provincia Buenos Aires, Prof. Mariano Ferrari.<\/p>\n\n\n\n<figure class=\"wp-block-gallery has-nested-images columns-default is-cropped wp-block-gallery-1 is-layout-flex wp-block-gallery-is-layout-flex\">\n<figure class=\"wp-block-image size-large\"><img alt=\"\" fetchpriority=\"high\" decoding=\"async\" width=\"768\" height=\"891\" data-id=\"16408\" src=\"https:\/\/montehermoso.gov.ar\/sitio\/wp-content\/uploads\/WhatsApp-Image-2023-11-27-at-11.54.00.jpeg\" alt=\"\" class=\"wp-image-16408\" srcset=\"https:\/\/montehermoso.gov.ar\/sitio\/wp-content\/uploads\/WhatsApp-Image-2023-11-27-at-11.54.00.jpeg 768w, https:\/\/montehermoso.gov.ar\/sitio\/wp-content\/uploads\/WhatsApp-Image-2023-11-27-at-11.54.00-259x300.jpeg 259w\" sizes=\"(max-width: 768px) 100vw, 768px\" \/><\/figure>\n\n\n\n<figure class=\"wp-block-image size-large\"><img alt=\"\" decoding=\"async\" width=\"1024\" height=\"692\" data-id=\"16409\" src=\"https:\/\/montehermoso.gov.ar\/sitio\/wp-content\/uploads\/WhatsApp-Image-2023-11-27-at-11.53.59-2.jpeg\" alt=\"\" class=\"wp-image-16409\" srcset=\"https:\/\/montehermoso.gov.ar\/sitio\/wp-content\/uploads\/WhatsApp-Image-2023-11-27-at-11.53.59-2.jpeg 1024w, https:\/\/montehermoso.gov.ar\/sitio\/wp-content\/uploads\/WhatsApp-Image-2023-11-27-at-11.53.59-2-300x203.jpeg 300w, https:\/\/montehermoso.gov.ar\/sitio\/wp-content\/uploads\/WhatsApp-Image-2023-11-27-at-11.53.59-2-768x519.jpeg 768w\" sizes=\"(max-width: 1024px) 100vw, 1024px\" \/><\/figure>\n\n\n\n<figure class=\"wp-block-image size-large\"><img alt=\"\" decoding=\"async\" width=\"1024\" height=\"768\" data-id=\"16410\" src=\"https:\/\/montehermoso.gov.ar\/sitio\/wp-content\/uploads\/WhatsApp-Image-2023-11-27-at-11.53.59-1.jpeg\" alt=\"\" class=\"wp-image-16410\" srcset=\"https:\/\/montehermoso.gov.ar\/sitio\/wp-content\/uploads\/WhatsApp-Image-2023-11-27-at-11.53.59-1.jpeg 1024w, https:\/\/montehermoso.gov.ar\/sitio\/wp-content\/uploads\/WhatsApp-Image-2023-11-27-at-11.53.59-1-300x225.jpeg 300w, https:\/\/montehermoso.gov.ar\/sitio\/wp-content\/uploads\/WhatsApp-Image-2023-11-27-at-11.53.59-1-768x576.jpeg 768w\" sizes=\"(max-width: 1024px) 100vw, 1024px\" \/><\/figure>\n\n\n\n<figure class=\"wp-block-image size-large\"><img alt=\"\" loading=\"lazy\" decoding=\"async\" width=\"768\" height=\"877\" data-id=\"16411\" src=\"https:\/\/montehermoso.gov.ar\/sitio\/wp-content\/uploads\/WhatsApp-Image-2023-11-27-at-11.53.59.jpeg\" alt=\"\" class=\"wp-image-16411\" srcset=\"https:\/\/montehermoso.gov.ar\/sitio\/wp-content\/uploads\/WhatsApp-Image-2023-11-27-at-11.53.59.jpeg 768w, https:\/\/montehermoso.gov.ar\/sitio\/wp-content\/uploads\/WhatsApp-Image-2023-11-27-at-11.53.59-263x300.jpeg 263w\" sizes=\"(max-width: 768px) 100vw, 768px\" \/><\/figure>\n<\/figure>\n","protected":false},"excerpt":{"rendered":"<p>Alumnos del \u00faltimo a\u00f1o de la orientaci\u00f3n de Energ\u00edas Renovables de la Secundaria T\u00e9cnica N\u00b0 1, lograron el primer puesto en esta competencia federal organizada por el Ministerio de Educaci\u00f3n de la Naci\u00f3n, a trav\u00e9s del Instituto Nacional de Educaci\u00f3n Tecnol\u00f3gica (INET) adjudic\u00e1ndose el premio de 10 millones de pesos destinados a la mejora de &#8230; <a title=\"Estudiantes de la T\u00e9cnica ganaron $10 millones en las Olimp\u00edadas Nacionales de Educaci\u00f3n T\u00e9cnico Profesional\" class=\"read-more\" href=\"https:\/\/montehermoso.gov.ar\/sitio\/estudiantes-de-la-tecnica-ganaron-10-millones-en-las-olimpiadas-nacionales-de-educacion-tecnico-profesional\/\" aria-label=\"Leer m\u00e1s sobre Estudiantes de la T\u00e9cnica ganaron $10 millones en las Olimp\u00edadas Nacionales de Educaci\u00f3n T\u00e9cnico Profesional\">Leer m\u00e1s<\/a><\/p>\n","protected":false},"author":8,"featured_media":16410,"comment_status":"closed","ping_status":"closed","sticky":false,"template":"","format":"standard","meta":{"_seopress_titles_title":"","_seopress_titles_desc":"","_seopress_robots_index":"","_seopress_robots_follow":"","_seopress_robots_imageindex":"","_seopress_robots_snippet":"","_seopress_robots_primary_cat":"","_seopress_robots_breadcrumbs":"","_seopress_robots_freeze_modified_date":"","_seopress_robots_custom_modified_date":"","_seopress_robots_canonical":"","_seopress_social_fb_title":"","_seopress_social_fb_desc":"","_seopress_social_fb_img":"","_seopress_social_fb_img_attachment_id":0,"_seopress_social_fb_img_width":0,"_seopress_social_fb_img_height":0,"_seopress_social_twitter_title":"","_seopress_social_twitter_desc":"","_seopress_social_twitter_img":"","_seopress_social_twitter_img_attachment_id":0,"_seopress_social_twitter_img_width":0,"_seopress_social_twitter_img_height":0,"_seopress_redirections_value":"","_seopress_redirections_enabled":"","_seopress_redirections_enabled_regex":"","_seopress_redirections_logged_status":"","_seopress_redirections_param":"","_seopress_redirections_type":0,"_seopress_analysis_target_kw":"","_joinchat":[],"footnotes":""},"categories":[3],"tags":[519,1151],"class_list":["post-16407","post","type-post","status-publish","format-standard","has-post-thumbnail","hentry","category-educacion","tag-escuela-tecnica","tag-premio"],"_links":{"self":[{"href":"https:\/\/montehermoso.gov.ar\/sitio\/wp-json\/wp\/v2\/posts\/16407","targetHints":{"allow":["GET"]}}],"collection":[{"href":"https:\/\/montehermoso.gov.ar\/sitio\/wp-json\/wp\/v2\/posts"}],"about":[{"href":"https:\/\/montehermoso.gov.ar\/sitio\/wp-json\/wp\/v2\/types\/post"}],"author":[{"embeddable":true,"href":"https:\/\/montehermoso.gov.ar\/sitio\/wp-json\/wp\/v2\/users\/8"}],"replies":[{"embeddable":true,"href":"https:\/\/montehermoso.gov.ar\/sitio\/wp-json\/wp\/v2\/comments?post=16407"}],"version-history":[{"count":0,"href":"https:\/\/montehermoso.gov.ar\/sitio\/wp-json\/wp\/v2\/posts\/16407\/revisions"}],"wp:featuredmedia":[{"embeddable":true,"href":"https:\/\/montehermoso.gov.ar\/sitio\/wp-json\/wp\/v2\/media\/16410"}],"wp:attachment":[{"href":"https:\/\/montehermoso.gov.ar\/sitio\/wp-json\/wp\/v2\/media?parent=16407"}],"wp:term":[{"taxonomy":"category","embeddable":true,"href":"https:\/\/montehermoso.gov.ar\/sitio\/wp-json\/wp\/v2\/categories?post=16407"},{"taxonomy":"post_tag","embeddable":true,"href":"https:\/\/montehermoso.gov.ar\/sitio\/wp-json\/wp\/v2\/tags?post=16407"}],"curies":[{"name":"wp","href":"https:\/\/api.w.org\/{rel}","templated":true}]}}