{"id":15659,"date":"2023-08-22T12:49:42","date_gmt":"2023-08-22T15:49:42","guid":{"rendered":"https:\/\/montehermoso.gov.ar\/sitio\/?p=15659"},"modified":"2023-08-30T14:05:36","modified_gmt":"2023-08-30T17:05:36","slug":"monte-hermoso-continua-capacitandose-con-perspectiva-de-genero","status":"publish","type":"post","link":"https:\/\/montehermoso.gov.ar\/sitio\/monte-hermoso-continua-capacitandose-con-perspectiva-de-genero\/","title":{"rendered":"Monte Hermoso contin\u00faa capacit\u00e1ndose con perspectiva de g\u00e9nero"},"content":{"rendered":"\n<p class=\"wp-block-paragraph\"><strong>#LeyMicaela<\/strong><\/p>\n\n\n\n<p class=\"wp-block-paragraph\">La Direcci\u00f3n de la Mujer, Diversidad y G\u00e9nero contin\u00faa con la organizaci\u00f3n de capacitaciones para el personal municipal de las distintas \u00e1reas y el pasado viernes sum\u00f3 adem\u00e1s a instituciones deportivas con el taller \u201cNivelando la Cancha\u201d.<\/p>\n\n\n\n<p class=\"wp-block-paragraph\">Destinado a&nbsp; comisiones directivas y personal, el mismo apunta a la reflexi\u00f3n, difusi\u00f3n y fortalecimiento de las herramientas que contribuyen a la promoci\u00f3n de la igualdad y la prevenci\u00f3n de las violencias de g\u00e9nero en espacios deportivos.<\/p>\n\n\n\n<p class=\"wp-block-paragraph\">Unas 70 personas, incluido el personal de la Subsecretar\u00eda de Deportes, particip\u00f3 de esta capacitaci\u00f3n que tuvo lugar en el Gimnasio Polideportivo Municipal y que fue dictada por el Ministerio de Mujeres, Pol\u00edticas de G\u00e9nero y Diversidad Sexual de la Provincia de Buenos Aires.<\/p>\n\n\n\n<p class=\"wp-block-paragraph\">La Ley Micaela, N\u00ba 27.499, establece la capacitaci\u00f3n obligatoria en g\u00e9nero y violencias para todas las personas que trabajan tanto en la funci\u00f3n p\u00fablica como en \u00e1mbitos de formaci\u00f3n de personas.<\/p>\n\n\n\n<p class=\"wp-block-paragraph\">Finalizada la jornada las comisiones de SUTERyH, Club Esperanza y F.C. Sauce Grande recibieron kits deportivos para sus equipos femeninos de f\u00fatbol.<\/p>\n\n\n\n<figure class=\"wp-block-gallery has-nested-images columns-default is-cropped wp-block-gallery-1 is-layout-flex wp-block-gallery-is-layout-flex\">\n<figure class=\"wp-block-image size-large\"><img alt=\"\" fetchpriority=\"high\" decoding=\"async\" width=\"1024\" height=\"576\" data-id=\"15760\" src=\"https:\/\/montehermoso.gov.ar\/sitio\/wp-content\/uploads\/WhatsApp-Image-2023-08-30-at-13.57.13-1.jpeg\" alt=\"\" class=\"wp-image-15760\" srcset=\"https:\/\/montehermoso.gov.ar\/sitio\/wp-content\/uploads\/WhatsApp-Image-2023-08-30-at-13.57.13-1.jpeg 1024w, https:\/\/montehermoso.gov.ar\/sitio\/wp-content\/uploads\/WhatsApp-Image-2023-08-30-at-13.57.13-1-300x169.jpeg 300w, https:\/\/montehermoso.gov.ar\/sitio\/wp-content\/uploads\/WhatsApp-Image-2023-08-30-at-13.57.13-1-768x432.jpeg 768w\" sizes=\"(max-width: 1024px) 100vw, 1024px\" \/><\/figure>\n\n\n\n<figure class=\"wp-block-image size-large\"><img alt=\"\" decoding=\"async\" width=\"1024\" height=\"576\" data-id=\"15761\" src=\"https:\/\/montehermoso.gov.ar\/sitio\/wp-content\/uploads\/WhatsApp-Image-2023-08-30-at-13.57.13-2.jpeg\" alt=\"\" class=\"wp-image-15761\" srcset=\"https:\/\/montehermoso.gov.ar\/sitio\/wp-content\/uploads\/WhatsApp-Image-2023-08-30-at-13.57.13-2.jpeg 1024w, https:\/\/montehermoso.gov.ar\/sitio\/wp-content\/uploads\/WhatsApp-Image-2023-08-30-at-13.57.13-2-300x169.jpeg 300w, https:\/\/montehermoso.gov.ar\/sitio\/wp-content\/uploads\/WhatsApp-Image-2023-08-30-at-13.57.13-2-768x432.jpeg 768w\" sizes=\"(max-width: 1024px) 100vw, 1024px\" \/><\/figure>\n<\/figure>\n","protected":false},"excerpt":{"rendered":"<p>#LeyMicaela La Direcci\u00f3n de la Mujer, Diversidad y G\u00e9nero contin\u00faa con la organizaci\u00f3n de capacitaciones para el personal municipal de las distintas \u00e1reas y el pasado viernes sum\u00f3 adem\u00e1s a instituciones deportivas con el taller \u201cNivelando la Cancha\u201d. Destinado a&nbsp; comisiones directivas y personal, el mismo apunta a la reflexi\u00f3n, difusi\u00f3n y fortalecimiento de las &#8230; <a title=\"Monte Hermoso contin\u00faa capacit\u00e1ndose con perspectiva de g\u00e9nero\" class=\"read-more\" href=\"https:\/\/montehermoso.gov.ar\/sitio\/monte-hermoso-continua-capacitandose-con-perspectiva-de-genero\/\" aria-label=\"Leer m\u00e1s sobre Monte Hermoso contin\u00faa capacit\u00e1ndose con perspectiva de g\u00e9nero\">Leer m\u00e1s<\/a><\/p>\n","protected":false},"author":8,"featured_media":15759,"comment_status":"closed","ping_status":"closed","sticky":false,"template":"","format":"standard","meta":{"_seopress_titles_title":"","_seopress_titles_desc":"","_seopress_robots_index":"","_seopress_robots_follow":"","_seopress_robots_imageindex":"","_seopress_robots_snippet":"","_seopress_robots_primary_cat":"","_seopress_robots_breadcrumbs":"","_seopress_robots_freeze_modified_date":"","_seopress_robots_custom_modified_date":"","_seopress_robots_canonical":"","_seopress_social_fb_title":"","_seopress_social_fb_desc":"","_seopress_social_fb_img":"","_seopress_social_fb_img_attachment_id":0,"_seopress_social_fb_img_width":0,"_seopress_social_fb_img_height":0,"_seopress_social_twitter_title":"","_seopress_social_twitter_desc":"","_seopress_social_twitter_img":"","_seopress_social_twitter_img_attachment_id":0,"_seopress_social_twitter_img_width":0,"_seopress_social_twitter_img_height":0,"_seopress_redirections_value":"","_seopress_redirections_enabled":"","_seopress_redirections_enabled_regex":"","_seopress_redirections_logged_status":"","_seopress_redirections_param":"","_seopress_redirections_type":0,"_seopress_analysis_target_kw":"","_joinchat":[],"footnotes":""},"categories":[490,2],"tags":[1091,1089,491,1090],"class_list":["post-15659","post","type-post","status-publish","format-standard","has-post-thumbnail","hentry","category-capacitacion","category-deportes","tag-diversidad","tag-genero","tag-ley-micaela","tag-mujer"],"_links":{"self":[{"href":"https:\/\/montehermoso.gov.ar\/sitio\/wp-json\/wp\/v2\/posts\/15659","targetHints":{"allow":["GET"]}}],"collection":[{"href":"https:\/\/montehermoso.gov.ar\/sitio\/wp-json\/wp\/v2\/posts"}],"about":[{"href":"https:\/\/montehermoso.gov.ar\/sitio\/wp-json\/wp\/v2\/types\/post"}],"author":[{"embeddable":true,"href":"https:\/\/montehermoso.gov.ar\/sitio\/wp-json\/wp\/v2\/users\/8"}],"replies":[{"embeddable":true,"href":"https:\/\/montehermoso.gov.ar\/sitio\/wp-json\/wp\/v2\/comments?post=15659"}],"version-history":[{"count":0,"href":"https:\/\/montehermoso.gov.ar\/sitio\/wp-json\/wp\/v2\/posts\/15659\/revisions"}],"wp:featuredmedia":[{"embeddable":true,"href":"https:\/\/montehermoso.gov.ar\/sitio\/wp-json\/wp\/v2\/media\/15759"}],"wp:attachment":[{"href":"https:\/\/montehermoso.gov.ar\/sitio\/wp-json\/wp\/v2\/media?parent=15659"}],"wp:term":[{"taxonomy":"category","embeddable":true,"href":"https:\/\/montehermoso.gov.ar\/sitio\/wp-json\/wp\/v2\/categories?post=15659"},{"taxonomy":"post_tag","embeddable":true,"href":"https:\/\/montehermoso.gov.ar\/sitio\/wp-json\/wp\/v2\/tags?post=15659"}],"curies":[{"name":"wp","href":"https:\/\/api.w.org\/{rel}","templated":true}]}}