{"id":15159,"date":"2023-06-26T12:54:54","date_gmt":"2023-06-26T15:54:54","guid":{"rendered":"https:\/\/montehermoso.gov.ar\/sitio\/?p=15159"},"modified":"2023-06-26T12:54:54","modified_gmt":"2023-06-26T15:54:54","slug":"el-taller-protegido-ser-y-crecer-celebra-hoy-sus-bodas-de-plata","status":"publish","type":"post","link":"https:\/\/montehermoso.gov.ar\/sitio\/el-taller-protegido-ser-y-crecer-celebra-hoy-sus-bodas-de-plata\/","title":{"rendered":"El Taller Protegido \u201cSer y Crecer\u201d celebra hoy sus Bodas de Plata"},"content":{"rendered":"\n<p class=\"wp-block-paragraph\"><\/p>\n\n\n\n<p class=\"wp-block-paragraph\"><strong>#Efem\u00e9rideLocal<\/strong><\/p>\n\n\n\n<p class=\"wp-block-paragraph\"><\/p>\n\n\n\n<p class=\"wp-block-paragraph\"><\/p>\n\n\n\n<p class=\"wp-block-paragraph\">Con la presencia del intendente Marcos Fern\u00e1ndez y los secretarios de Gobierno, Hern\u00e1n Arranz y de Desarrollo Social, Rosana Sotelo, esta ma\u00f1ana los integrantes del Taller Protegido festejaron los 25 a\u00f1os de la instituci\u00f3n con el corte de torta y la entrega de placa aniversario por parte de las autoridades.<\/p>\n\n\n\n<p class=\"wp-block-paragraph\">La propuesta de su creaci\u00f3n nace por parte del Rotary Club y tras conformar su primera Comisi\u00f3n Directiva presidida por el Sr. Gustavo Celave, el Taller comienza a funcionar el d\u00eda 26 de junio de 1998 en Av. Bah\u00eda Blanca 354 con el fin de tener compromiso, colaborar y acompa\u00f1ar a los montehermose\u00f1os con discapacidades.<\/p>\n\n\n\n<p class=\"wp-block-paragraph\">El 21 de noviembre de 2001 se inaugura el edificio propio, sede actual del Taller en Av. San Mart\u00edn 369 que hoy cuenta con 15 integrantes que realizan distintas tareas, como la elaboraci\u00f3n de bolsas de polietileno, sobres de papel Manila, blancos y de regaler\u00eda, venta de productos de limpieza, alfajores y productos de la comarca, como aceite de oliva entre otros. Tambi\u00e9n recepcionan el aceite vegetal usado domiciliario.<\/p>\n\n\n\n<p class=\"wp-block-paragraph\">Los operarios adem\u00e1s de sus tareas y contenci\u00f3n diaria cuentan con sesiones de psicolog\u00eda y clases de gimnasia adaptada, dos veces por semana, con profesionales brindados por el municipio.<\/p>\n\n\n\n<figure class=\"wp-block-gallery has-nested-images columns-default is-cropped wp-block-gallery-1 is-layout-flex wp-block-gallery-is-layout-flex\">\n<figure class=\"wp-block-image size-large\"><img alt=\"\" fetchpriority=\"high\" decoding=\"async\" width=\"1024\" height=\"682\" data-id=\"15160\" src=\"https:\/\/montehermoso.gov.ar\/sitio\/wp-content\/uploads\/WhatsApp-Image-2023-06-26-at-12.50.30-1024x682.jpeg\" alt=\"\" class=\"wp-image-15160\" srcset=\"https:\/\/montehermoso.gov.ar\/sitio\/wp-content\/uploads\/WhatsApp-Image-2023-06-26-at-12.50.30-1024x682.jpeg 1024w, https:\/\/montehermoso.gov.ar\/sitio\/wp-content\/uploads\/WhatsApp-Image-2023-06-26-at-12.50.30-300x200.jpeg 300w, https:\/\/montehermoso.gov.ar\/sitio\/wp-content\/uploads\/WhatsApp-Image-2023-06-26-at-12.50.30-768x512.jpeg 768w, https:\/\/montehermoso.gov.ar\/sitio\/wp-content\/uploads\/WhatsApp-Image-2023-06-26-at-12.50.30-1536x1023.jpeg 1536w, https:\/\/montehermoso.gov.ar\/sitio\/wp-content\/uploads\/WhatsApp-Image-2023-06-26-at-12.50.30-1320x879.jpeg 1320w, https:\/\/montehermoso.gov.ar\/sitio\/wp-content\/uploads\/WhatsApp-Image-2023-06-26-at-12.50.30.jpeg 1600w\" sizes=\"(max-width: 1024px) 100vw, 1024px\" \/><\/figure>\n\n\n\n<figure class=\"wp-block-image size-large\"><img alt=\"\" decoding=\"async\" width=\"918\" height=\"1024\" data-id=\"15164\" src=\"https:\/\/montehermoso.gov.ar\/sitio\/wp-content\/uploads\/WhatsApp-Image-2023-06-26-at-12.52.41.jpeg\" alt=\"\" class=\"wp-image-15164\" srcset=\"https:\/\/montehermoso.gov.ar\/sitio\/wp-content\/uploads\/WhatsApp-Image-2023-06-26-at-12.52.41.jpeg 918w, https:\/\/montehermoso.gov.ar\/sitio\/wp-content\/uploads\/WhatsApp-Image-2023-06-26-at-12.52.41-269x300.jpeg 269w, https:\/\/montehermoso.gov.ar\/sitio\/wp-content\/uploads\/WhatsApp-Image-2023-06-26-at-12.52.41-768x857.jpeg 768w\" sizes=\"(max-width: 918px) 100vw, 918px\" \/><\/figure>\n\n\n\n<figure class=\"wp-block-image size-large\"><img alt=\"\" decoding=\"async\" width=\"1024\" height=\"576\" data-id=\"15163\" src=\"https:\/\/montehermoso.gov.ar\/sitio\/wp-content\/uploads\/WhatsApp-Image-2023-06-26-at-12.49.18-1024x576.jpeg\" alt=\"\" class=\"wp-image-15163\" srcset=\"https:\/\/montehermoso.gov.ar\/sitio\/wp-content\/uploads\/WhatsApp-Image-2023-06-26-at-12.49.18-1024x576.jpeg 1024w, https:\/\/montehermoso.gov.ar\/sitio\/wp-content\/uploads\/WhatsApp-Image-2023-06-26-at-12.49.18-300x169.jpeg 300w, https:\/\/montehermoso.gov.ar\/sitio\/wp-content\/uploads\/WhatsApp-Image-2023-06-26-at-12.49.18-768x432.jpeg 768w, https:\/\/montehermoso.gov.ar\/sitio\/wp-content\/uploads\/WhatsApp-Image-2023-06-26-at-12.49.18-1536x864.jpeg 1536w, https:\/\/montehermoso.gov.ar\/sitio\/wp-content\/uploads\/WhatsApp-Image-2023-06-26-at-12.49.18-1320x743.jpeg 1320w, https:\/\/montehermoso.gov.ar\/sitio\/wp-content\/uploads\/WhatsApp-Image-2023-06-26-at-12.49.18.jpeg 1600w\" sizes=\"(max-width: 1024px) 100vw, 1024px\" \/><\/figure>\n\n\n\n<figure class=\"wp-block-image size-large\"><img alt=\"\" loading=\"lazy\" decoding=\"async\" width=\"1024\" height=\"682\" data-id=\"15162\" src=\"https:\/\/montehermoso.gov.ar\/sitio\/wp-content\/uploads\/WhatsApp-Image-2023-06-26-at-12.49.43-1024x682.jpeg\" alt=\"\" class=\"wp-image-15162\" srcset=\"https:\/\/montehermoso.gov.ar\/sitio\/wp-content\/uploads\/WhatsApp-Image-2023-06-26-at-12.49.43-1024x682.jpeg 1024w, https:\/\/montehermoso.gov.ar\/sitio\/wp-content\/uploads\/WhatsApp-Image-2023-06-26-at-12.49.43-300x200.jpeg 300w, https:\/\/montehermoso.gov.ar\/sitio\/wp-content\/uploads\/WhatsApp-Image-2023-06-26-at-12.49.43-768x512.jpeg 768w, https:\/\/montehermoso.gov.ar\/sitio\/wp-content\/uploads\/WhatsApp-Image-2023-06-26-at-12.49.43-1536x1023.jpeg 1536w, https:\/\/montehermoso.gov.ar\/sitio\/wp-content\/uploads\/WhatsApp-Image-2023-06-26-at-12.49.43-1320x879.jpeg 1320w, https:\/\/montehermoso.gov.ar\/sitio\/wp-content\/uploads\/WhatsApp-Image-2023-06-26-at-12.49.43.jpeg 1600w\" sizes=\"(max-width: 1024px) 100vw, 1024px\" \/><\/figure>\n<\/figure>\n","protected":false},"excerpt":{"rendered":"<p>#Efem\u00e9rideLocal Con la presencia del intendente Marcos Fern\u00e1ndez y los secretarios de Gobierno, Hern\u00e1n Arranz y de Desarrollo Social, Rosana Sotelo, esta ma\u00f1ana los integrantes del Taller Protegido festejaron los 25 a\u00f1os de la instituci\u00f3n con el corte de torta y la entrega de placa aniversario por parte de las autoridades. La propuesta de su &#8230; <a title=\"El Taller Protegido \u201cSer y Crecer\u201d celebra hoy sus Bodas de Plata\" class=\"read-more\" href=\"https:\/\/montehermoso.gov.ar\/sitio\/el-taller-protegido-ser-y-crecer-celebra-hoy-sus-bodas-de-plata\/\" aria-label=\"Leer m\u00e1s sobre El Taller Protegido \u201cSer y Crecer\u201d celebra hoy sus Bodas de Plata\">Leer m\u00e1s<\/a><\/p>\n","protected":false},"author":8,"featured_media":15161,"comment_status":"closed","ping_status":"closed","sticky":false,"template":"","format":"standard","meta":{"_seopress_titles_title":"","_seopress_titles_desc":"","_seopress_robots_index":"","_seopress_robots_follow":"","_seopress_robots_imageindex":"","_seopress_robots_snippet":"","_seopress_robots_primary_cat":"","_seopress_robots_breadcrumbs":"","_seopress_robots_freeze_modified_date":"","_seopress_robots_custom_modified_date":"","_seopress_robots_canonical":"","_seopress_social_fb_title":"","_seopress_social_fb_desc":"","_seopress_social_fb_img":"","_seopress_social_fb_img_attachment_id":0,"_seopress_social_fb_img_width":0,"_seopress_social_fb_img_height":0,"_seopress_social_twitter_title":"","_seopress_social_twitter_desc":"","_seopress_social_twitter_img":"","_seopress_social_twitter_img_attachment_id":0,"_seopress_social_twitter_img_width":0,"_seopress_social_twitter_img_height":0,"_seopress_redirections_value":"","_seopress_redirections_enabled":"","_seopress_redirections_enabled_regex":"","_seopress_redirections_logged_status":"","_seopress_redirections_param":"","_seopress_redirections_type":0,"_seopress_analysis_target_kw":"","_joinchat":[],"footnotes":""},"categories":[259],"tags":[1047,1048,1049],"class_list":["post-15159","post","type-post","status-publish","format-standard","has-post-thumbnail","hentry","category-celebracion","tag-25-aniversario-taller-protegido","tag-bodas-de-plata","tag-celebracion"],"_links":{"self":[{"href":"https:\/\/montehermoso.gov.ar\/sitio\/wp-json\/wp\/v2\/posts\/15159","targetHints":{"allow":["GET"]}}],"collection":[{"href":"https:\/\/montehermoso.gov.ar\/sitio\/wp-json\/wp\/v2\/posts"}],"about":[{"href":"https:\/\/montehermoso.gov.ar\/sitio\/wp-json\/wp\/v2\/types\/post"}],"author":[{"embeddable":true,"href":"https:\/\/montehermoso.gov.ar\/sitio\/wp-json\/wp\/v2\/users\/8"}],"replies":[{"embeddable":true,"href":"https:\/\/montehermoso.gov.ar\/sitio\/wp-json\/wp\/v2\/comments?post=15159"}],"version-history":[{"count":0,"href":"https:\/\/montehermoso.gov.ar\/sitio\/wp-json\/wp\/v2\/posts\/15159\/revisions"}],"wp:featuredmedia":[{"embeddable":true,"href":"https:\/\/montehermoso.gov.ar\/sitio\/wp-json\/wp\/v2\/media\/15161"}],"wp:attachment":[{"href":"https:\/\/montehermoso.gov.ar\/sitio\/wp-json\/wp\/v2\/media?parent=15159"}],"wp:term":[{"taxonomy":"category","embeddable":true,"href":"https:\/\/montehermoso.gov.ar\/sitio\/wp-json\/wp\/v2\/categories?post=15159"},{"taxonomy":"post_tag","embeddable":true,"href":"https:\/\/montehermoso.gov.ar\/sitio\/wp-json\/wp\/v2\/tags?post=15159"}],"curies":[{"name":"wp","href":"https:\/\/api.w.org\/{rel}","templated":true}]}}