{"id":15152,"date":"2023-06-26T12:44:57","date_gmt":"2023-06-26T15:44:57","guid":{"rendered":"https:\/\/montehermoso.gov.ar\/sitio\/?p=15152"},"modified":"2023-06-26T12:44:57","modified_gmt":"2023-06-26T15:44:57","slug":"el-camino-de-cintura-a-sauce-grande-cada-vez-mas-cerca-de-su-inauguracion","status":"publish","type":"post","link":"https:\/\/montehermoso.gov.ar\/sitio\/el-camino-de-cintura-a-sauce-grande-cada-vez-mas-cerca-de-su-inauguracion\/","title":{"rendered":"El Camino de Cintura a Sauce Grande cada vez m\u00e1s cerca de su inauguraci\u00f3n"},"content":{"rendered":"\n<p class=\"wp-block-paragraph\"><\/p>\n\n\n\n<p class=\"wp-block-paragraph\"><strong>#ObrasP\u00fablicas #Vialidad<\/strong><\/p>\n\n\n\n<p class=\"wp-block-paragraph\"><\/p>\n\n\n\n<p class=\"wp-block-paragraph\">Finalizados los trabajos de pavimentaci\u00f3n entre los meses de abril y junio, el camino que conecta a ambas localidades ya cuenta tambi\u00e9n con se\u00f1al\u00e9tica, demarcado longitudinal, guardarrail, forestaci\u00f3n en ciertos sectores y cada vez est\u00e1 m\u00e1s cerca de su puesta en funcionamiento.<\/p>\n\n\n\n<p class=\"wp-block-paragraph\">La traza es de 3 kil\u00f3metros y medio con una calzada de 6 metros de ancho; la misma comienza en la intersecci\u00f3n de las calles Bosque Alegre y Las Martinetas en direcci\u00f3n hacia el este, hasta calle Santa Magdalena en el Balneario Sauce Grande, y por \u00e9sta en direcci\u00f3n sur hasta conectarse con Rodr\u00edguez Pe\u00f1a.<\/p>\n\n\n\n<p class=\"wp-block-paragraph\">Esta se enmarca en el Programa de Sostenimiento de Redes Conexas para el Fortalecimiento de la Red Troncal Nacional, cuyo objetivo es responder a las demandas directas e inmediatas presentadas por los municipios.<\/p>\n\n\n\n<p class=\"wp-block-paragraph\">Este gran avance mejorar\u00e1 la comunicaci\u00f3n y las condiciones de circulaci\u00f3n de m\u00e1s de 180 familias que habitan el Balneario Sauce Grande todo el a\u00f1o, y de las y los visitantes que se trasladan hasta all\u00ed durante la temporada estival, facilitando la conexi\u00f3n del tr\u00e1nsito tur\u00edstico y cotidiano hacia uno de los barrios m\u00e1s antiguos de la localidad.<\/p>\n\n\n\n<p class=\"wp-block-paragraph\">Con un presupuesto de 510 millones de pesos, Monte Hermoso vuelve despu\u00e9s de 40 a\u00f1os a contar con una obra de vialidad de tan importante envergadura, destinada a la interconectividad r\u00e1pida y segura; al ordenamiento y operatividad, generando menor impacto sobre el frente costero.<\/p>\n\n\n\n<figure class=\"wp-block-gallery has-nested-images columns-default is-cropped wp-block-gallery-1 is-layout-flex wp-block-gallery-is-layout-flex\">\n<figure class=\"wp-block-image size-large\"><img alt=\"\" fetchpriority=\"high\" decoding=\"async\" width=\"1024\" height=\"680\" data-id=\"15154\" src=\"https:\/\/montehermoso.gov.ar\/sitio\/wp-content\/uploads\/356253965_669117011922654_4961113723899861281_n-1024x680.jpg\" alt=\"\" class=\"wp-image-15154\" srcset=\"https:\/\/montehermoso.gov.ar\/sitio\/wp-content\/uploads\/356253965_669117011922654_4961113723899861281_n-1024x680.jpg 1024w, https:\/\/montehermoso.gov.ar\/sitio\/wp-content\/uploads\/356253965_669117011922654_4961113723899861281_n-300x199.jpg 300w, https:\/\/montehermoso.gov.ar\/sitio\/wp-content\/uploads\/356253965_669117011922654_4961113723899861281_n-768x510.jpg 768w, https:\/\/montehermoso.gov.ar\/sitio\/wp-content\/uploads\/356253965_669117011922654_4961113723899861281_n-1536x1020.jpg 1536w, https:\/\/montehermoso.gov.ar\/sitio\/wp-content\/uploads\/356253965_669117011922654_4961113723899861281_n-1320x877.jpg 1320w, https:\/\/montehermoso.gov.ar\/sitio\/wp-content\/uploads\/356253965_669117011922654_4961113723899861281_n.jpg 2048w\" sizes=\"(max-width: 1024px) 100vw, 1024px\" \/><\/figure>\n\n\n\n<figure class=\"wp-block-image size-large\"><img alt=\"\" decoding=\"async\" width=\"1024\" height=\"680\" data-id=\"15155\" src=\"https:\/\/montehermoso.gov.ar\/sitio\/wp-content\/uploads\/355693469_669117531922602_5073036056872998843_n-1024x680.jpg\" alt=\"\" class=\"wp-image-15155\" srcset=\"https:\/\/montehermoso.gov.ar\/sitio\/wp-content\/uploads\/355693469_669117531922602_5073036056872998843_n-1024x680.jpg 1024w, https:\/\/montehermoso.gov.ar\/sitio\/wp-content\/uploads\/355693469_669117531922602_5073036056872998843_n-300x199.jpg 300w, https:\/\/montehermoso.gov.ar\/sitio\/wp-content\/uploads\/355693469_669117531922602_5073036056872998843_n-768x510.jpg 768w, https:\/\/montehermoso.gov.ar\/sitio\/wp-content\/uploads\/355693469_669117531922602_5073036056872998843_n-1536x1020.jpg 1536w, https:\/\/montehermoso.gov.ar\/sitio\/wp-content\/uploads\/355693469_669117531922602_5073036056872998843_n-1320x877.jpg 1320w, https:\/\/montehermoso.gov.ar\/sitio\/wp-content\/uploads\/355693469_669117531922602_5073036056872998843_n.jpg 2048w\" sizes=\"(max-width: 1024px) 100vw, 1024px\" \/><\/figure>\n\n\n\n<figure class=\"wp-block-image size-large\"><img alt=\"\" decoding=\"async\" width=\"1024\" height=\"680\" data-id=\"15156\" src=\"https:\/\/montehermoso.gov.ar\/sitio\/wp-content\/uploads\/356218332_669117028589319_2435842247404314442_n-1024x680.jpg\" alt=\"\" class=\"wp-image-15156\" srcset=\"https:\/\/montehermoso.gov.ar\/sitio\/wp-content\/uploads\/356218332_669117028589319_2435842247404314442_n-1024x680.jpg 1024w, https:\/\/montehermoso.gov.ar\/sitio\/wp-content\/uploads\/356218332_669117028589319_2435842247404314442_n-300x199.jpg 300w, https:\/\/montehermoso.gov.ar\/sitio\/wp-content\/uploads\/356218332_669117028589319_2435842247404314442_n-768x510.jpg 768w, https:\/\/montehermoso.gov.ar\/sitio\/wp-content\/uploads\/356218332_669117028589319_2435842247404314442_n-1536x1020.jpg 1536w, https:\/\/montehermoso.gov.ar\/sitio\/wp-content\/uploads\/356218332_669117028589319_2435842247404314442_n-1320x877.jpg 1320w, https:\/\/montehermoso.gov.ar\/sitio\/wp-content\/uploads\/356218332_669117028589319_2435842247404314442_n.jpg 2048w\" sizes=\"(max-width: 1024px) 100vw, 1024px\" \/><\/figure>\n\n\n\n<figure class=\"wp-block-image size-large\"><img alt=\"\" loading=\"lazy\" decoding=\"async\" width=\"1024\" height=\"680\" data-id=\"15157\" src=\"https:\/\/montehermoso.gov.ar\/sitio\/wp-content\/uploads\/356248334_669117751922580_1962046665079359461_n-1024x680.jpg\" alt=\"\" class=\"wp-image-15157\" srcset=\"https:\/\/montehermoso.gov.ar\/sitio\/wp-content\/uploads\/356248334_669117751922580_1962046665079359461_n-1024x680.jpg 1024w, https:\/\/montehermoso.gov.ar\/sitio\/wp-content\/uploads\/356248334_669117751922580_1962046665079359461_n-300x199.jpg 300w, https:\/\/montehermoso.gov.ar\/sitio\/wp-content\/uploads\/356248334_669117751922580_1962046665079359461_n-768x510.jpg 768w, https:\/\/montehermoso.gov.ar\/sitio\/wp-content\/uploads\/356248334_669117751922580_1962046665079359461_n-1536x1020.jpg 1536w, https:\/\/montehermoso.gov.ar\/sitio\/wp-content\/uploads\/356248334_669117751922580_1962046665079359461_n-1320x877.jpg 1320w, https:\/\/montehermoso.gov.ar\/sitio\/wp-content\/uploads\/356248334_669117751922580_1962046665079359461_n.jpg 2048w\" sizes=\"(max-width: 1024px) 100vw, 1024px\" \/><\/figure>\n<\/figure>\n","protected":false},"excerpt":{"rendered":"<p>#ObrasP\u00fablicas #Vialidad Finalizados los trabajos de pavimentaci\u00f3n entre los meses de abril y junio, el camino que conecta a ambas localidades ya cuenta tambi\u00e9n con se\u00f1al\u00e9tica, demarcado longitudinal, guardarrail, forestaci\u00f3n en ciertos sectores y cada vez est\u00e1 m\u00e1s cerca de su puesta en funcionamiento. La traza es de 3 kil\u00f3metros y medio con una calzada &#8230; <a title=\"El Camino de Cintura a Sauce Grande cada vez m\u00e1s cerca de su inauguraci\u00f3n\" class=\"read-more\" href=\"https:\/\/montehermoso.gov.ar\/sitio\/el-camino-de-cintura-a-sauce-grande-cada-vez-mas-cerca-de-su-inauguracion\/\" aria-label=\"Leer m\u00e1s sobre El Camino de Cintura a Sauce Grande cada vez m\u00e1s cerca de su inauguraci\u00f3n\">Leer m\u00e1s<\/a><\/p>\n","protected":false},"author":8,"featured_media":15153,"comment_status":"closed","ping_status":"closed","sticky":false,"template":"","format":"standard","meta":{"_seopress_titles_title":"","_seopress_titles_desc":"","_seopress_robots_index":"","_seopress_robots_follow":"","_seopress_robots_imageindex":"","_seopress_robots_snippet":"","_seopress_robots_primary_cat":"","_seopress_robots_breadcrumbs":"","_seopress_robots_freeze_modified_date":"","_seopress_robots_custom_modified_date":"","_seopress_robots_canonical":"","_seopress_social_fb_title":"","_seopress_social_fb_desc":"","_seopress_social_fb_img":"","_seopress_social_fb_img_attachment_id":0,"_seopress_social_fb_img_width":0,"_seopress_social_fb_img_height":0,"_seopress_social_twitter_title":"","_seopress_social_twitter_desc":"","_seopress_social_twitter_img":"","_seopress_social_twitter_img_attachment_id":0,"_seopress_social_twitter_img_width":0,"_seopress_social_twitter_img_height":0,"_seopress_redirections_value":"","_seopress_redirections_enabled":"","_seopress_redirections_enabled_regex":"","_seopress_redirections_logged_status":"","_seopress_redirections_param":"","_seopress_redirections_type":0,"_seopress_analysis_target_kw":"","_joinchat":[],"footnotes":""},"categories":[183,86,70],"tags":[1045,177,101,1046],"class_list":["post-15152","post","type-post","status-publish","format-standard","has-post-thumbnail","hentry","category-gestion","category-obras-y-servicios-publicos","category-planeamiento-ambiental","tag-camino-de-cintura-2023","tag-gestion","tag-obras-y-servicios-publicos","tag-senaletica"],"_links":{"self":[{"href":"https:\/\/montehermoso.gov.ar\/sitio\/wp-json\/wp\/v2\/posts\/15152","targetHints":{"allow":["GET"]}}],"collection":[{"href":"https:\/\/montehermoso.gov.ar\/sitio\/wp-json\/wp\/v2\/posts"}],"about":[{"href":"https:\/\/montehermoso.gov.ar\/sitio\/wp-json\/wp\/v2\/types\/post"}],"author":[{"embeddable":true,"href":"https:\/\/montehermoso.gov.ar\/sitio\/wp-json\/wp\/v2\/users\/8"}],"replies":[{"embeddable":true,"href":"https:\/\/montehermoso.gov.ar\/sitio\/wp-json\/wp\/v2\/comments?post=15152"}],"version-history":[{"count":0,"href":"https:\/\/montehermoso.gov.ar\/sitio\/wp-json\/wp\/v2\/posts\/15152\/revisions"}],"wp:featuredmedia":[{"embeddable":true,"href":"https:\/\/montehermoso.gov.ar\/sitio\/wp-json\/wp\/v2\/media\/15153"}],"wp:attachment":[{"href":"https:\/\/montehermoso.gov.ar\/sitio\/wp-json\/wp\/v2\/media?parent=15152"}],"wp:term":[{"taxonomy":"category","embeddable":true,"href":"https:\/\/montehermoso.gov.ar\/sitio\/wp-json\/wp\/v2\/categories?post=15152"},{"taxonomy":"post_tag","embeddable":true,"href":"https:\/\/montehermoso.gov.ar\/sitio\/wp-json\/wp\/v2\/tags?post=15152"}],"curies":[{"name":"wp","href":"https:\/\/api.w.org\/{rel}","templated":true}]}}