{"id":14990,"date":"2023-06-12T11:57:49","date_gmt":"2023-06-12T14:57:49","guid":{"rendered":"https:\/\/montehermoso.gov.ar\/sitio\/?p=14990"},"modified":"2023-06-12T11:57:49","modified_gmt":"2023-06-12T14:57:49","slug":"el-intendente-participo-del-encuentro-de-la-red-bonaerense-de-centros-universitarios","status":"publish","type":"post","link":"https:\/\/montehermoso.gov.ar\/sitio\/el-intendente-participo-del-encuentro-de-la-red-bonaerense-de-centros-universitarios\/","title":{"rendered":"El Intendente particip\u00f3 del encuentro de la Red Bonaerense de Centros Universitarios"},"content":{"rendered":"\n<p class=\"wp-block-paragraph\"><\/p>\n\n\n\n<p class=\"wp-block-paragraph\"><strong>#ProgramaPuentes<\/strong><\/p>\n\n\n\n<p class=\"wp-block-paragraph\"><\/p>\n\n\n\n<p class=\"wp-block-paragraph\"><\/p>\n\n\n\n<p class=\"wp-block-paragraph\">El jefe comunal Marcos Fern\u00e1ndez junto al secretario Acad\u00e9mico de la UPSO Monte Hermoso, Tec. Juan Alonso, formaron parte del 1\u00b0 Encuentro Puentes que tuvo lugar el pasado viernes en la ciudad de Mar del Plata, encabezado por el jefe de Asesores del Gobernador de la Provincia, Carlos Bianco y por el director General de Cultura y Educaci\u00f3n, Alberto Sileoni.<\/p>\n\n\n\n<p class=\"wp-block-paragraph\">En la jornada, que reuni\u00f3 a representantes de los 135 municipios, se anunci\u00f3 el Plan Quinquenal con la creaci\u00f3n de tres nuevas universidades provinciales, del Sudeste, Noroeste y Noreste; con el objetivo de avanzar en el desarrollo de pol\u00edticas que garanticen este derecho a todos los y las bonaerenses.<\/p>\n\n\n\n<p class=\"wp-block-paragraph\">\u00abTenemos un compromiso pol\u00edtico e hist\u00f3rico con la educaci\u00f3n superior p\u00fablica, gratuita y de calidad en la provincia de Buenos Aires\u00bb, expres\u00f3 Bianco y explic\u00f3 que \u00abpor decisi\u00f3n del gobernador Axel Kicillof avanzamos en un Plan Quinquenal que tendr\u00e1 dos dimensiones: crear las nuevas universidades provinciales y continuar con el fortalecimiento de los centros universitarios municipales y regionales\u201d.<\/p>\n\n\n\n<p class=\"wp-block-paragraph\">Cabe recordar que nuestra ciudad, a trav\u00e9s del Programa PUENTES, est\u00e1 pronta a iniciar la ejecuci\u00f3n del edificio propio para el funcionamiento de la sede de la Universidad Provincial del Sudoeste, que se ubicar\u00e1 en el Barrio Monte Hermoso del Este.<\/p>\n\n\n\n<figure class=\"wp-block-gallery has-nested-images columns-default is-cropped wp-block-gallery-1 is-layout-flex wp-block-gallery-is-layout-flex\">\n<figure class=\"wp-block-image size-large\"><img alt=\"\" fetchpriority=\"high\" decoding=\"async\" width=\"1024\" height=\"575\" data-id=\"14992\" src=\"https:\/\/montehermoso.gov.ar\/sitio\/wp-content\/uploads\/DSC04218-1024x575.jpg\" alt=\"\" class=\"wp-image-14992\" srcset=\"https:\/\/montehermoso.gov.ar\/sitio\/wp-content\/uploads\/DSC04218-1024x575.jpg 1024w, https:\/\/montehermoso.gov.ar\/sitio\/wp-content\/uploads\/DSC04218-300x168.jpg 300w, https:\/\/montehermoso.gov.ar\/sitio\/wp-content\/uploads\/DSC04218-768x431.jpg 768w, https:\/\/montehermoso.gov.ar\/sitio\/wp-content\/uploads\/DSC04218-1536x862.jpg 1536w, https:\/\/montehermoso.gov.ar\/sitio\/wp-content\/uploads\/DSC04218-2048x1149.jpg 2048w, https:\/\/montehermoso.gov.ar\/sitio\/wp-content\/uploads\/DSC04218-1320x741.jpg 1320w\" sizes=\"(max-width: 1024px) 100vw, 1024px\" \/><\/figure>\n\n\n\n<figure class=\"wp-block-image size-large\"><img alt=\"\" decoding=\"async\" width=\"1024\" height=\"682\" data-id=\"14993\" src=\"https:\/\/montehermoso.gov.ar\/sitio\/wp-content\/uploads\/WhatsApp-Image-2023-06-12-at-11.44.46-1-1024x682.jpeg\" alt=\"\" class=\"wp-image-14993\" srcset=\"https:\/\/montehermoso.gov.ar\/sitio\/wp-content\/uploads\/WhatsApp-Image-2023-06-12-at-11.44.46-1-1024x682.jpeg 1024w, https:\/\/montehermoso.gov.ar\/sitio\/wp-content\/uploads\/WhatsApp-Image-2023-06-12-at-11.44.46-1-300x200.jpeg 300w, https:\/\/montehermoso.gov.ar\/sitio\/wp-content\/uploads\/WhatsApp-Image-2023-06-12-at-11.44.46-1-768x512.jpeg 768w, https:\/\/montehermoso.gov.ar\/sitio\/wp-content\/uploads\/WhatsApp-Image-2023-06-12-at-11.44.46-1-1536x1023.jpeg 1536w, https:\/\/montehermoso.gov.ar\/sitio\/wp-content\/uploads\/WhatsApp-Image-2023-06-12-at-11.44.46-1-1320x879.jpeg 1320w, https:\/\/montehermoso.gov.ar\/sitio\/wp-content\/uploads\/WhatsApp-Image-2023-06-12-at-11.44.46-1.jpeg 1600w\" sizes=\"(max-width: 1024px) 100vw, 1024px\" \/><\/figure>\n\n\n\n<figure class=\"wp-block-image size-large\"><img alt=\"\" decoding=\"async\" width=\"1024\" height=\"682\" data-id=\"14996\" src=\"https:\/\/montehermoso.gov.ar\/sitio\/wp-content\/uploads\/WhatsApp-Image-2023-06-12-at-11.44.44-1024x682.jpeg\" alt=\"\" class=\"wp-image-14996\" srcset=\"https:\/\/montehermoso.gov.ar\/sitio\/wp-content\/uploads\/WhatsApp-Image-2023-06-12-at-11.44.44-1024x682.jpeg 1024w, https:\/\/montehermoso.gov.ar\/sitio\/wp-content\/uploads\/WhatsApp-Image-2023-06-12-at-11.44.44-300x200.jpeg 300w, https:\/\/montehermoso.gov.ar\/sitio\/wp-content\/uploads\/WhatsApp-Image-2023-06-12-at-11.44.44-768x512.jpeg 768w, https:\/\/montehermoso.gov.ar\/sitio\/wp-content\/uploads\/WhatsApp-Image-2023-06-12-at-11.44.44-1536x1023.jpeg 1536w, https:\/\/montehermoso.gov.ar\/sitio\/wp-content\/uploads\/WhatsApp-Image-2023-06-12-at-11.44.44-1320x879.jpeg 1320w, https:\/\/montehermoso.gov.ar\/sitio\/wp-content\/uploads\/WhatsApp-Image-2023-06-12-at-11.44.44.jpeg 1600w\" sizes=\"(max-width: 1024px) 100vw, 1024px\" \/><\/figure>\n\n\n\n<figure class=\"wp-block-image size-large\"><img alt=\"\" loading=\"lazy\" decoding=\"async\" width=\"1024\" height=\"682\" data-id=\"14995\" src=\"https:\/\/montehermoso.gov.ar\/sitio\/wp-content\/uploads\/WhatsApp-Image-2023-06-12-at-11.44.45-1024x682.jpeg\" alt=\"\" class=\"wp-image-14995\" srcset=\"https:\/\/montehermoso.gov.ar\/sitio\/wp-content\/uploads\/WhatsApp-Image-2023-06-12-at-11.44.45-1024x682.jpeg 1024w, https:\/\/montehermoso.gov.ar\/sitio\/wp-content\/uploads\/WhatsApp-Image-2023-06-12-at-11.44.45-300x200.jpeg 300w, https:\/\/montehermoso.gov.ar\/sitio\/wp-content\/uploads\/WhatsApp-Image-2023-06-12-at-11.44.45-768x512.jpeg 768w, https:\/\/montehermoso.gov.ar\/sitio\/wp-content\/uploads\/WhatsApp-Image-2023-06-12-at-11.44.45-1536x1023.jpeg 1536w, https:\/\/montehermoso.gov.ar\/sitio\/wp-content\/uploads\/WhatsApp-Image-2023-06-12-at-11.44.45-1320x879.jpeg 1320w, https:\/\/montehermoso.gov.ar\/sitio\/wp-content\/uploads\/WhatsApp-Image-2023-06-12-at-11.44.45.jpeg 1600w\" sizes=\"(max-width: 1024px) 100vw, 1024px\" \/><\/figure>\n\n\n\n<figure class=\"wp-block-image size-large\"><img alt=\"\" loading=\"lazy\" decoding=\"async\" width=\"1024\" height=\"575\" data-id=\"14991\" src=\"https:\/\/montehermoso.gov.ar\/sitio\/wp-content\/uploads\/DSC04059-1024x575.jpg\" alt=\"\" class=\"wp-image-14991\" srcset=\"https:\/\/montehermoso.gov.ar\/sitio\/wp-content\/uploads\/DSC04059-1024x575.jpg 1024w, https:\/\/montehermoso.gov.ar\/sitio\/wp-content\/uploads\/DSC04059-300x168.jpg 300w, https:\/\/montehermoso.gov.ar\/sitio\/wp-content\/uploads\/DSC04059-768x431.jpg 768w, https:\/\/montehermoso.gov.ar\/sitio\/wp-content\/uploads\/DSC04059-1536x862.jpg 1536w, https:\/\/montehermoso.gov.ar\/sitio\/wp-content\/uploads\/DSC04059-2048x1149.jpg 2048w, https:\/\/montehermoso.gov.ar\/sitio\/wp-content\/uploads\/DSC04059-1320x741.jpg 1320w\" sizes=\"(max-width: 1024px) 100vw, 1024px\" \/><\/figure>\n<\/figure>\n","protected":false},"excerpt":{"rendered":"<p>#ProgramaPuentes El jefe comunal Marcos Fern\u00e1ndez junto al secretario Acad\u00e9mico de la UPSO Monte Hermoso, Tec. Juan Alonso, formaron parte del 1\u00b0 Encuentro Puentes que tuvo lugar el pasado viernes en la ciudad de Mar del Plata, encabezado por el jefe de Asesores del Gobernador de la Provincia, Carlos Bianco y por el director General &#8230; <a title=\"El Intendente particip\u00f3 del encuentro de la Red Bonaerense de Centros Universitarios\" class=\"read-more\" href=\"https:\/\/montehermoso.gov.ar\/sitio\/el-intendente-participo-del-encuentro-de-la-red-bonaerense-de-centros-universitarios\/\" aria-label=\"Leer m\u00e1s sobre El Intendente particip\u00f3 del encuentro de la Red Bonaerense de Centros Universitarios\">Leer m\u00e1s<\/a><\/p>\n","protected":false},"author":8,"featured_media":14994,"comment_status":"closed","ping_status":"closed","sticky":false,"template":"","format":"standard","meta":{"_seopress_titles_title":"","_seopress_titles_desc":"","_seopress_robots_index":"","_seopress_robots_follow":"","_seopress_robots_imageindex":"","_seopress_robots_snippet":"","_seopress_robots_primary_cat":"","_seopress_robots_breadcrumbs":"","_seopress_robots_freeze_modified_date":"","_seopress_robots_custom_modified_date":"","_seopress_robots_canonical":"","_seopress_social_fb_title":"","_seopress_social_fb_desc":"","_seopress_social_fb_img":"","_seopress_social_fb_img_attachment_id":0,"_seopress_social_fb_img_width":0,"_seopress_social_fb_img_height":0,"_seopress_social_twitter_title":"","_seopress_social_twitter_desc":"","_seopress_social_twitter_img":"","_seopress_social_twitter_img_attachment_id":0,"_seopress_social_twitter_img_width":0,"_seopress_social_twitter_img_height":0,"_seopress_redirections_value":"","_seopress_redirections_enabled":"","_seopress_redirections_enabled_regex":"","_seopress_redirections_logged_status":"","_seopress_redirections_param":"","_seopress_redirections_type":0,"_seopress_analysis_target_kw":"","_joinchat":[],"footnotes":""},"categories":[3],"tags":[523,177,1027,1026,553],"class_list":["post-14990","post","type-post","status-publish","format-standard","has-post-thumbnail","hentry","category-educacion","tag-educacion","tag-gestion","tag-programa-puentes","tag-red-bonaerense-de-centros-universitarios","tag-upso"],"_links":{"self":[{"href":"https:\/\/montehermoso.gov.ar\/sitio\/wp-json\/wp\/v2\/posts\/14990","targetHints":{"allow":["GET"]}}],"collection":[{"href":"https:\/\/montehermoso.gov.ar\/sitio\/wp-json\/wp\/v2\/posts"}],"about":[{"href":"https:\/\/montehermoso.gov.ar\/sitio\/wp-json\/wp\/v2\/types\/post"}],"author":[{"embeddable":true,"href":"https:\/\/montehermoso.gov.ar\/sitio\/wp-json\/wp\/v2\/users\/8"}],"replies":[{"embeddable":true,"href":"https:\/\/montehermoso.gov.ar\/sitio\/wp-json\/wp\/v2\/comments?post=14990"}],"version-history":[{"count":0,"href":"https:\/\/montehermoso.gov.ar\/sitio\/wp-json\/wp\/v2\/posts\/14990\/revisions"}],"wp:featuredmedia":[{"embeddable":true,"href":"https:\/\/montehermoso.gov.ar\/sitio\/wp-json\/wp\/v2\/media\/14994"}],"wp:attachment":[{"href":"https:\/\/montehermoso.gov.ar\/sitio\/wp-json\/wp\/v2\/media?parent=14990"}],"wp:term":[{"taxonomy":"category","embeddable":true,"href":"https:\/\/montehermoso.gov.ar\/sitio\/wp-json\/wp\/v2\/categories?post=14990"},{"taxonomy":"post_tag","embeddable":true,"href":"https:\/\/montehermoso.gov.ar\/sitio\/wp-json\/wp\/v2\/tags?post=14990"}],"curies":[{"name":"wp","href":"https:\/\/api.w.org\/{rel}","templated":true}]}}