{"id":14526,"date":"2023-05-05T12:06:11","date_gmt":"2023-05-05T15:06:11","guid":{"rendered":"https:\/\/montehermoso.gov.ar\/sitio\/?p=14526"},"modified":"2023-05-05T12:11:42","modified_gmt":"2023-05-05T15:11:42","slug":"gestiones-del-intendente-ante-ministros-provinciales-y-nacionales","status":"publish","type":"post","link":"https:\/\/montehermoso.gov.ar\/sitio\/gestiones-del-intendente-ante-ministros-provinciales-y-nacionales\/","title":{"rendered":"Gestiones del Intendente ante Ministros provinciales y nacionales"},"content":{"rendered":"\n<p class=\"wp-block-paragraph\">Durante esta semana el intendente Marcos Fern\u00e1ndez mantuvo distintas reuniones con autoridades provinciales y nacionales con el objetivo de hacer un repaso de obras en marcha y gestionar nuevos proyectos.<\/p>\n\n\n\n<p class=\"wp-block-paragraph\">El pasado mi\u00e9rcoles 3 de mayo, el Jefe Comunal estuvo reunido con el ministro de Transporte de Naci\u00f3n, Diego Giuliano para firmar el convenio de \u201cRed de V\u00edas Seguras\u201d que prev\u00e9 la ejecuci\u00f3n de 5.5 kil\u00f3metros de bicisenda con el fin de potenciar medios de transporte alternativo.<\/p>\n\n\n\n<p class=\"wp-block-paragraph\">Tambi\u00e9n participaron de dicho encuentro el director Nacional de Desarrollo de Obras del Transporte, Juan Manuel Escudero; el subsecretario de Proyectos Estrat\u00e9gicos y Desarrollo Tecnol\u00f3gico, Marcelo Torres y la diputada Nacional, Micaela Moran.<\/p>\n\n\n\n<p class=\"wp-block-paragraph\">Adem\u00e1s, junto con el diputado Alejandro Dichiara mantuvieron una reuni\u00f3n con el jefe de Gabinete del Ministerio de Infraestructura de la Provincia de Buenos Aires, Franco La Porta y con el ministro de Infraestructura y Servicios P\u00fablicos, Leonardo Nardini, con quienes hicieron un repaso de las obras necesarias y en ejecuci\u00f3n como las referentes a energ\u00eda, cloacas, pavimento, nuevos edificios p\u00fablicos en Sauce Grande y avance de la Casa de la Provincia.<\/p>\n\n\n\n<figure class=\"wp-block-gallery has-nested-images columns-default is-cropped wp-block-gallery-1 is-layout-flex wp-block-gallery-is-layout-flex\">\n<figure class=\"wp-block-image size-large\"><img alt=\"\" fetchpriority=\"high\" decoding=\"async\" width=\"1024\" height=\"682\" data-id=\"14527\" src=\"https:\/\/montehermoso.gov.ar\/sitio\/wp-content\/uploads\/WhatsApp-Image-2023-05-05-at-11.49.00-4-1024x682.jpeg\" alt=\"\" class=\"wp-image-14527\" srcset=\"https:\/\/montehermoso.gov.ar\/sitio\/wp-content\/uploads\/WhatsApp-Image-2023-05-05-at-11.49.00-4-1024x682.jpeg 1024w, https:\/\/montehermoso.gov.ar\/sitio\/wp-content\/uploads\/WhatsApp-Image-2023-05-05-at-11.49.00-4-300x200.jpeg 300w, https:\/\/montehermoso.gov.ar\/sitio\/wp-content\/uploads\/WhatsApp-Image-2023-05-05-at-11.49.00-4-768x512.jpeg 768w, https:\/\/montehermoso.gov.ar\/sitio\/wp-content\/uploads\/WhatsApp-Image-2023-05-05-at-11.49.00-4-1536x1023.jpeg 1536w, https:\/\/montehermoso.gov.ar\/sitio\/wp-content\/uploads\/WhatsApp-Image-2023-05-05-at-11.49.00-4-1320x879.jpeg 1320w, https:\/\/montehermoso.gov.ar\/sitio\/wp-content\/uploads\/WhatsApp-Image-2023-05-05-at-11.49.00-4.jpeg 1600w\" sizes=\"(max-width: 1024px) 100vw, 1024px\" \/><\/figure>\n\n\n\n<figure class=\"wp-block-image size-large\"><img alt=\"\" decoding=\"async\" width=\"1024\" height=\"1024\" data-id=\"14528\" src=\"https:\/\/montehermoso.gov.ar\/sitio\/wp-content\/uploads\/WhatsApp-Image-2023-05-05-at-11.49.00-3-1024x1024.jpeg\" alt=\"\" class=\"wp-image-14528\" srcset=\"https:\/\/montehermoso.gov.ar\/sitio\/wp-content\/uploads\/WhatsApp-Image-2023-05-05-at-11.49.00-3-1024x1024.jpeg 1024w, https:\/\/montehermoso.gov.ar\/sitio\/wp-content\/uploads\/WhatsApp-Image-2023-05-05-at-11.49.00-3-300x300.jpeg 300w, https:\/\/montehermoso.gov.ar\/sitio\/wp-content\/uploads\/WhatsApp-Image-2023-05-05-at-11.49.00-3-150x150.jpeg 150w, https:\/\/montehermoso.gov.ar\/sitio\/wp-content\/uploads\/WhatsApp-Image-2023-05-05-at-11.49.00-3-768x768.jpeg 768w, https:\/\/montehermoso.gov.ar\/sitio\/wp-content\/uploads\/WhatsApp-Image-2023-05-05-at-11.49.00-3.jpeg 1161w\" sizes=\"(max-width: 1024px) 100vw, 1024px\" \/><\/figure>\n\n\n\n<figure class=\"wp-block-image size-large\"><img alt=\"\" decoding=\"async\" width=\"960\" height=\"960\" data-id=\"14529\" src=\"https:\/\/montehermoso.gov.ar\/sitio\/wp-content\/uploads\/WhatsApp-Image-2023-05-05-at-11.49.00-2.jpeg\" alt=\"\" class=\"wp-image-14529\" srcset=\"https:\/\/montehermoso.gov.ar\/sitio\/wp-content\/uploads\/WhatsApp-Image-2023-05-05-at-11.49.00-2.jpeg 960w, https:\/\/montehermoso.gov.ar\/sitio\/wp-content\/uploads\/WhatsApp-Image-2023-05-05-at-11.49.00-2-300x300.jpeg 300w, https:\/\/montehermoso.gov.ar\/sitio\/wp-content\/uploads\/WhatsApp-Image-2023-05-05-at-11.49.00-2-150x150.jpeg 150w, https:\/\/montehermoso.gov.ar\/sitio\/wp-content\/uploads\/WhatsApp-Image-2023-05-05-at-11.49.00-2-768x768.jpeg 768w\" sizes=\"(max-width: 960px) 100vw, 960px\" \/><\/figure>\n\n\n\n<figure class=\"wp-block-image size-large\"><img alt=\"\" loading=\"lazy\" decoding=\"async\" width=\"1024\" height=\"682\" data-id=\"14531\" src=\"https:\/\/montehermoso.gov.ar\/sitio\/wp-content\/uploads\/WhatsApp-Image-2023-05-05-at-11.49.00-1024x682.jpeg\" alt=\"\" class=\"wp-image-14531\" srcset=\"https:\/\/montehermoso.gov.ar\/sitio\/wp-content\/uploads\/WhatsApp-Image-2023-05-05-at-11.49.00-1024x682.jpeg 1024w, https:\/\/montehermoso.gov.ar\/sitio\/wp-content\/uploads\/WhatsApp-Image-2023-05-05-at-11.49.00-300x200.jpeg 300w, https:\/\/montehermoso.gov.ar\/sitio\/wp-content\/uploads\/WhatsApp-Image-2023-05-05-at-11.49.00-768x512.jpeg 768w, https:\/\/montehermoso.gov.ar\/sitio\/wp-content\/uploads\/WhatsApp-Image-2023-05-05-at-11.49.00-1536x1023.jpeg 1536w, https:\/\/montehermoso.gov.ar\/sitio\/wp-content\/uploads\/WhatsApp-Image-2023-05-05-at-11.49.00-1320x879.jpeg 1320w, https:\/\/montehermoso.gov.ar\/sitio\/wp-content\/uploads\/WhatsApp-Image-2023-05-05-at-11.49.00.jpeg 1600w\" sizes=\"(max-width: 1024px) 100vw, 1024px\" \/><\/figure>\n<\/figure>\n","protected":false},"excerpt":{"rendered":"<p>Durante esta semana el intendente Marcos Fern\u00e1ndez mantuvo distintas reuniones con autoridades provinciales y nacionales con el objetivo de hacer un repaso de obras en marcha y gestionar nuevos proyectos. El pasado mi\u00e9rcoles 3 de mayo, el Jefe Comunal estuvo reunido con el ministro de Transporte de Naci\u00f3n, Diego Giuliano para firmar el convenio de &#8230; <a title=\"Gestiones del Intendente ante Ministros provinciales y nacionales\" class=\"read-more\" href=\"https:\/\/montehermoso.gov.ar\/sitio\/gestiones-del-intendente-ante-ministros-provinciales-y-nacionales\/\" aria-label=\"Leer m\u00e1s sobre Gestiones del Intendente ante Ministros provinciales y nacionales\">Leer m\u00e1s<\/a><\/p>\n","protected":false},"author":8,"featured_media":14530,"comment_status":"closed","ping_status":"closed","sticky":false,"template":"","format":"standard","meta":{"_seopress_titles_title":"","_seopress_titles_desc":"","_seopress_robots_index":"","_seopress_robots_follow":"","_seopress_robots_imageindex":"","_seopress_robots_snippet":"","_seopress_robots_primary_cat":"","_seopress_robots_breadcrumbs":"","_seopress_robots_freeze_modified_date":"","_seopress_robots_custom_modified_date":"","_seopress_robots_canonical":"","_seopress_social_fb_title":"","_seopress_social_fb_desc":"","_seopress_social_fb_img":"","_seopress_social_fb_img_attachment_id":0,"_seopress_social_fb_img_width":0,"_seopress_social_fb_img_height":0,"_seopress_social_twitter_title":"","_seopress_social_twitter_desc":"","_seopress_social_twitter_img":"","_seopress_social_twitter_img_attachment_id":0,"_seopress_social_twitter_img_width":0,"_seopress_social_twitter_img_height":0,"_seopress_redirections_value":"","_seopress_redirections_enabled":"","_seopress_redirections_enabled_regex":"","_seopress_redirections_logged_status":"","_seopress_redirections_param":"","_seopress_redirections_type":0,"_seopress_analysis_target_kw":"","_joinchat":[],"footnotes":""},"categories":[251,756,86],"tags":[177,101,758],"class_list":["post-14526","post","type-post","status-publish","format-standard","has-post-thumbnail","hentry","category-infraestructura","category-ministro-de-transporte","category-obras-y-servicios-publicos","tag-gestion","tag-obras-y-servicios-publicos","tag-transporte"],"_links":{"self":[{"href":"https:\/\/montehermoso.gov.ar\/sitio\/wp-json\/wp\/v2\/posts\/14526","targetHints":{"allow":["GET"]}}],"collection":[{"href":"https:\/\/montehermoso.gov.ar\/sitio\/wp-json\/wp\/v2\/posts"}],"about":[{"href":"https:\/\/montehermoso.gov.ar\/sitio\/wp-json\/wp\/v2\/types\/post"}],"author":[{"embeddable":true,"href":"https:\/\/montehermoso.gov.ar\/sitio\/wp-json\/wp\/v2\/users\/8"}],"replies":[{"embeddable":true,"href":"https:\/\/montehermoso.gov.ar\/sitio\/wp-json\/wp\/v2\/comments?post=14526"}],"version-history":[{"count":0,"href":"https:\/\/montehermoso.gov.ar\/sitio\/wp-json\/wp\/v2\/posts\/14526\/revisions"}],"wp:featuredmedia":[{"embeddable":true,"href":"https:\/\/montehermoso.gov.ar\/sitio\/wp-json\/wp\/v2\/media\/14530"}],"wp:attachment":[{"href":"https:\/\/montehermoso.gov.ar\/sitio\/wp-json\/wp\/v2\/media?parent=14526"}],"wp:term":[{"taxonomy":"category","embeddable":true,"href":"https:\/\/montehermoso.gov.ar\/sitio\/wp-json\/wp\/v2\/categories?post=14526"},{"taxonomy":"post_tag","embeddable":true,"href":"https:\/\/montehermoso.gov.ar\/sitio\/wp-json\/wp\/v2\/tags?post=14526"}],"curies":[{"name":"wp","href":"https:\/\/api.w.org\/{rel}","templated":true}]}}