{"id":14024,"date":"2023-03-17T14:27:39","date_gmt":"2023-03-17T17:27:39","guid":{"rendered":"https:\/\/montehermoso.gov.ar\/sitio\/?p=14024"},"modified":"2023-03-17T14:27:39","modified_gmt":"2023-03-17T17:27:39","slug":"monte-hermoso-anuncio-en-bahia-blanca-el-lanzamiento-de-la-2-edicion-del-monte-sabores","status":"publish","type":"post","link":"https:\/\/montehermoso.gov.ar\/sitio\/monte-hermoso-anuncio-en-bahia-blanca-el-lanzamiento-de-la-2-edicion-del-monte-sabores\/","title":{"rendered":"<strong>Monte Hermoso anuncio en Bah\u00eda Blanca el lanzamiento de la 2\u00b0 edici\u00f3n del Monte Sabores \u00a0<\/strong>"},"content":{"rendered":"\n<p class=\"wp-block-paragraph\"><\/p>\n\n\n\n<p class=\"wp-block-paragraph\"><strong>#Turismo #Gastronom\u00eda<\/strong><\/p>\n\n\n\n<p class=\"wp-block-paragraph\"><br>Ante la presencia de los principales medios de comunicaci\u00f3n de Bah\u00eda Blanca y la zona,<strong> <\/strong>ayer por la noche los secretarios de Gobierno, Hern\u00e1n Arranz, el de Turismo, Franco Gentili y el presidente de Adeprotur, Rub\u00e9n Carubelli, adelantaron en conferencia de prensa lo que ser\u00e1 la segunda edici\u00f3n de la feria gastron\u00f3mica Monte Sabores, que se presentar\u00e1 el pr\u00f3ximo fin de semana largo en nuestra ciudad.<\/p>\n\n\n\n<p class=\"wp-block-paragraph\">La presentaci\u00f3n se realiz\u00f3 en el sal\u00f3n de usos m\u00faltiples del Bah\u00eda Blanca Plaza Shopping; con m\u00fasica, chefs cocinando en vivo y con 2 de los m\u00e1s de 40 productores que se esperan brindando algunas de las degustaciones que presentar\u00e1n en esta pr\u00f3xima edici\u00f3n.<\/p>\n\n\n\n<p class=\"wp-block-paragraph\">El secretario de turismo subray\u00f3 \u201ccon esta nueva edici\u00f3n buscamos seguir estirando la temporada de verano, aumentando la cantidad de eventos del calendario tur\u00edstico anual que tiene nuestra ciudad\u201d y destac\u00f3 \u201ces importante la difusi\u00f3n de esta clase de eventos para nosotros, los que participan y los que trabajan en este que, esperemos, sea un gran fin de semana para nuestros vecinos y turistas, probando diferentes platos de distintas culturas, participando de las Master Class de los chefs m\u00e1s reconocidos del pa\u00eds o conociendo los productos que van a estar presentes en este Monte Sabores 2023\u201d.<\/p>\n\n\n\n<p class=\"wp-block-paragraph\">Por su parte Arranz dijo \u201cEl objetivo entre tantos es generar movimiento en nuestra localidad, lo que se traduce en una inyecci\u00f3n econ\u00f3mica importante fuera de temporada\u201d adem\u00e1s agreg\u00f3 \u201ceste evento en particular no tiene techo porque la feria donde est\u00e1n los productores es donde hay que poner el foco, tenemos que generar un nexo con los dem\u00e1s municipios de la zona para armar un calendario en el cual tengamos 10 o 15 fiestas totalmente diagramadas\u201d<\/p>\n\n\n\n<p class=\"wp-block-paragraph\">La Feria se ubicar\u00e1 en la Plaza Parque, del viernes 24 al domingo 26, y ofrecer\u00e1 espacios tem\u00e1ticos con especialidades como Fuegos, Pesca, Pizza, Pastas, Beer Trucks, Pasteler\u00eda, Vermuter\u00eda y m\u00e1s.<\/p>\n\n\n\n<p class=\"wp-block-paragraph\">Esta nueva edici\u00f3n contar\u00e1 con la presencia de cuatro renombrados Chefs, Osvaldo Gross, Juliana Lopez May, Iwao Komiyama y Lele Crist\u00f3bal quienes brindar\u00e1n Master Class a lo largo de todo el fin de semana. &nbsp;<\/p>\n\n\n\n<p class=\"wp-block-paragraph\">Adem\u00e1s, antes y despu\u00e9s de estas clases de cocina habr\u00e1 otras presentaciones de cocineros locales y regionales, as\u00ed como charlas sobre, chacinados, pasteler\u00eda, enolog\u00eda y otros productos. En el evento al igual que el a\u00f1o pasado, tambi\u00e9n habr\u00e1 clases de cocina para ni\u00f1os.<\/p>\n\n\n\n<p class=\"wp-block-paragraph\">El valor de la entrada ser\u00e1 de 1000 pesos que se reintegrar\u00e1 en tickets para canjear por productos, comidas o bebidas dentro del predio.<\/p>\n\n\n\n<figure class=\"wp-block-gallery has-nested-images columns-default is-cropped wp-block-gallery-1 is-layout-flex wp-block-gallery-is-layout-flex\">\n<figure class=\"wp-block-image size-large\"><img alt=\"\" fetchpriority=\"high\" decoding=\"async\" width=\"1024\" height=\"682\" data-id=\"14043\" src=\"https:\/\/montehermoso.gov.ar\/sitio\/wp-content\/uploads\/conferenciamontesabores2023b-1024x682.jpeg\" alt=\"\" class=\"wp-image-14043\" srcset=\"https:\/\/montehermoso.gov.ar\/sitio\/wp-content\/uploads\/conferenciamontesabores2023b-1024x682.jpeg 1024w, https:\/\/montehermoso.gov.ar\/sitio\/wp-content\/uploads\/conferenciamontesabores2023b-300x200.jpeg 300w, https:\/\/montehermoso.gov.ar\/sitio\/wp-content\/uploads\/conferenciamontesabores2023b-768x512.jpeg 768w, https:\/\/montehermoso.gov.ar\/sitio\/wp-content\/uploads\/conferenciamontesabores2023b-1536x1023.jpeg 1536w, https:\/\/montehermoso.gov.ar\/sitio\/wp-content\/uploads\/conferenciamontesabores2023b-1320x879.jpeg 1320w, https:\/\/montehermoso.gov.ar\/sitio\/wp-content\/uploads\/conferenciamontesabores2023b.jpeg 1600w\" sizes=\"(max-width: 1024px) 100vw, 1024px\" \/><\/figure>\n\n\n\n<figure class=\"wp-block-image size-large\"><img alt=\"\" decoding=\"async\" width=\"1024\" height=\"682\" data-id=\"14026\" src=\"https:\/\/montehermoso.gov.ar\/sitio\/wp-content\/uploads\/WhatsApp-Image-2023-03-16-at-22.13.39-1024x682.jpeg\" alt=\"\" class=\"wp-image-14026\" srcset=\"https:\/\/montehermoso.gov.ar\/sitio\/wp-content\/uploads\/WhatsApp-Image-2023-03-16-at-22.13.39-1024x682.jpeg 1024w, https:\/\/montehermoso.gov.ar\/sitio\/wp-content\/uploads\/WhatsApp-Image-2023-03-16-at-22.13.39-300x200.jpeg 300w, https:\/\/montehermoso.gov.ar\/sitio\/wp-content\/uploads\/WhatsApp-Image-2023-03-16-at-22.13.39-768x512.jpeg 768w, https:\/\/montehermoso.gov.ar\/sitio\/wp-content\/uploads\/WhatsApp-Image-2023-03-16-at-22.13.39-1536x1023.jpeg 1536w, https:\/\/montehermoso.gov.ar\/sitio\/wp-content\/uploads\/WhatsApp-Image-2023-03-16-at-22.13.39-1320x879.jpeg 1320w, https:\/\/montehermoso.gov.ar\/sitio\/wp-content\/uploads\/WhatsApp-Image-2023-03-16-at-22.13.39.jpeg 1600w\" sizes=\"(max-width: 1024px) 100vw, 1024px\" \/><\/figure>\n\n\n\n<figure class=\"wp-block-image size-large\"><img alt=\"\" decoding=\"async\" width=\"1024\" height=\"682\" data-id=\"14042\" src=\"https:\/\/montehermoso.gov.ar\/sitio\/wp-content\/uploads\/WhatsApp-Image-2023-03-16-at-22.14.16-1-1024x682.jpeg\" alt=\"\" class=\"wp-image-14042\" srcset=\"https:\/\/montehermoso.gov.ar\/sitio\/wp-content\/uploads\/WhatsApp-Image-2023-03-16-at-22.14.16-1-1024x682.jpeg 1024w, https:\/\/montehermoso.gov.ar\/sitio\/wp-content\/uploads\/WhatsApp-Image-2023-03-16-at-22.14.16-1-300x200.jpeg 300w, https:\/\/montehermoso.gov.ar\/sitio\/wp-content\/uploads\/WhatsApp-Image-2023-03-16-at-22.14.16-1-768x512.jpeg 768w, https:\/\/montehermoso.gov.ar\/sitio\/wp-content\/uploads\/WhatsApp-Image-2023-03-16-at-22.14.16-1-1536x1023.jpeg 1536w, https:\/\/montehermoso.gov.ar\/sitio\/wp-content\/uploads\/WhatsApp-Image-2023-03-16-at-22.14.16-1-1320x879.jpeg 1320w, https:\/\/montehermoso.gov.ar\/sitio\/wp-content\/uploads\/WhatsApp-Image-2023-03-16-at-22.14.16-1.jpeg 1600w\" sizes=\"(max-width: 1024px) 100vw, 1024px\" \/><\/figure>\n\n\n\n<figure class=\"wp-block-image size-large\"><img alt=\"\" loading=\"lazy\" decoding=\"async\" width=\"1024\" height=\"682\" data-id=\"14031\" src=\"https:\/\/montehermoso.gov.ar\/sitio\/wp-content\/uploads\/WhatsApp-Image-2023-03-16-at-22.14.20-1024x682.jpeg\" alt=\"\" class=\"wp-image-14031\" srcset=\"https:\/\/montehermoso.gov.ar\/sitio\/wp-content\/uploads\/WhatsApp-Image-2023-03-16-at-22.14.20-1024x682.jpeg 1024w, https:\/\/montehermoso.gov.ar\/sitio\/wp-content\/uploads\/WhatsApp-Image-2023-03-16-at-22.14.20-300x200.jpeg 300w, https:\/\/montehermoso.gov.ar\/sitio\/wp-content\/uploads\/WhatsApp-Image-2023-03-16-at-22.14.20-768x512.jpeg 768w, https:\/\/montehermoso.gov.ar\/sitio\/wp-content\/uploads\/WhatsApp-Image-2023-03-16-at-22.14.20-1536x1023.jpeg 1536w, https:\/\/montehermoso.gov.ar\/sitio\/wp-content\/uploads\/WhatsApp-Image-2023-03-16-at-22.14.20-1320x879.jpeg 1320w, https:\/\/montehermoso.gov.ar\/sitio\/wp-content\/uploads\/WhatsApp-Image-2023-03-16-at-22.14.20.jpeg 1600w\" sizes=\"(max-width: 1024px) 100vw, 1024px\" \/><\/figure>\n\n\n\n<figure class=\"wp-block-image size-large\"><img alt=\"\" loading=\"lazy\" decoding=\"async\" width=\"1024\" height=\"682\" data-id=\"14027\" src=\"https:\/\/montehermoso.gov.ar\/sitio\/wp-content\/uploads\/WhatsApp-Image-2023-03-16-at-22.14.22-3-1024x682.jpeg\" alt=\"\" class=\"wp-image-14027\" srcset=\"https:\/\/montehermoso.gov.ar\/sitio\/wp-content\/uploads\/WhatsApp-Image-2023-03-16-at-22.14.22-3-1024x682.jpeg 1024w, https:\/\/montehermoso.gov.ar\/sitio\/wp-content\/uploads\/WhatsApp-Image-2023-03-16-at-22.14.22-3-300x200.jpeg 300w, https:\/\/montehermoso.gov.ar\/sitio\/wp-content\/uploads\/WhatsApp-Image-2023-03-16-at-22.14.22-3-768x512.jpeg 768w, https:\/\/montehermoso.gov.ar\/sitio\/wp-content\/uploads\/WhatsApp-Image-2023-03-16-at-22.14.22-3-1536x1023.jpeg 1536w, https:\/\/montehermoso.gov.ar\/sitio\/wp-content\/uploads\/WhatsApp-Image-2023-03-16-at-22.14.22-3-1320x879.jpeg 1320w, https:\/\/montehermoso.gov.ar\/sitio\/wp-content\/uploads\/WhatsApp-Image-2023-03-16-at-22.14.22-3.jpeg 1600w\" sizes=\"(max-width: 1024px) 100vw, 1024px\" \/><\/figure>\n\n\n\n<figure class=\"wp-block-image size-large\"><img alt=\"\" loading=\"lazy\" decoding=\"async\" width=\"1024\" height=\"682\" data-id=\"14040\" src=\"https:\/\/montehermoso.gov.ar\/sitio\/wp-content\/uploads\/WhatsApp-Image-2023-03-16-at-22.14.22-1024x682.jpeg\" alt=\"\" class=\"wp-image-14040\" srcset=\"https:\/\/montehermoso.gov.ar\/sitio\/wp-content\/uploads\/WhatsApp-Image-2023-03-16-at-22.14.22-1024x682.jpeg 1024w, https:\/\/montehermoso.gov.ar\/sitio\/wp-content\/uploads\/WhatsApp-Image-2023-03-16-at-22.14.22-300x200.jpeg 300w, https:\/\/montehermoso.gov.ar\/sitio\/wp-content\/uploads\/WhatsApp-Image-2023-03-16-at-22.14.22-768x512.jpeg 768w, https:\/\/montehermoso.gov.ar\/sitio\/wp-content\/uploads\/WhatsApp-Image-2023-03-16-at-22.14.22-1536x1023.jpeg 1536w, https:\/\/montehermoso.gov.ar\/sitio\/wp-content\/uploads\/WhatsApp-Image-2023-03-16-at-22.14.22-1320x879.jpeg 1320w, https:\/\/montehermoso.gov.ar\/sitio\/wp-content\/uploads\/WhatsApp-Image-2023-03-16-at-22.14.22.jpeg 1600w\" sizes=\"(max-width: 1024px) 100vw, 1024px\" \/><\/figure>\n<\/figure>\n\n\n\n<figure class=\"wp-block-gallery has-nested-images columns-default is-cropped wp-block-gallery-2 is-layout-flex wp-block-gallery-is-layout-flex\">\n<figure class=\"wp-block-image size-large\"><img alt=\"\" loading=\"lazy\" decoding=\"async\" width=\"1600\" height=\"1066\" data-id=\"14033\" src=\"https:\/\/montehermoso.gov.ar\/sitio\/wp-content\/uploads\/WhatsApp-Image-2023-03-16-at-22.13.39-1.jpeg\" alt=\"\" class=\"wp-image-14033\" srcset=\"https:\/\/montehermoso.gov.ar\/sitio\/wp-content\/uploads\/WhatsApp-Image-2023-03-16-at-22.13.39-1.jpeg 1600w, https:\/\/montehermoso.gov.ar\/sitio\/wp-content\/uploads\/WhatsApp-Image-2023-03-16-at-22.13.39-1-300x200.jpeg 300w\" sizes=\"(max-width: 1600px) 100vw, 1600px\" \/><\/figure>\n\n\n\n<figure class=\"wp-block-image size-large\"><img alt=\"\" loading=\"lazy\" decoding=\"async\" width=\"1600\" height=\"1066\" data-id=\"14032\" src=\"https:\/\/montehermoso.gov.ar\/sitio\/wp-content\/uploads\/WhatsApp-Image-2023-03-16-at-22.14.20-5.jpeg\" alt=\"\" class=\"wp-image-14032\" srcset=\"https:\/\/montehermoso.gov.ar\/sitio\/wp-content\/uploads\/WhatsApp-Image-2023-03-16-at-22.14.20-5.jpeg 1600w, https:\/\/montehermoso.gov.ar\/sitio\/wp-content\/uploads\/WhatsApp-Image-2023-03-16-at-22.14.20-5-300x200.jpeg 300w\" sizes=\"(max-width: 1600px) 100vw, 1600px\" \/><\/figure>\n\n\n\n<figure class=\"wp-block-image size-large\"><img alt=\"\" loading=\"lazy\" decoding=\"async\" width=\"1024\" height=\"682\" data-id=\"14031\" src=\"https:\/\/montehermoso.gov.ar\/sitio\/wp-content\/uploads\/WhatsApp-Image-2023-03-16-at-22.14.20-1024x682.jpeg\" alt=\"\" class=\"wp-image-14031\" srcset=\"https:\/\/montehermoso.gov.ar\/sitio\/wp-content\/uploads\/WhatsApp-Image-2023-03-16-at-22.14.20-1024x682.jpeg 1024w, https:\/\/montehermoso.gov.ar\/sitio\/wp-content\/uploads\/WhatsApp-Image-2023-03-16-at-22.14.20-300x200.jpeg 300w, https:\/\/montehermoso.gov.ar\/sitio\/wp-content\/uploads\/WhatsApp-Image-2023-03-16-at-22.14.20-768x512.jpeg 768w, https:\/\/montehermoso.gov.ar\/sitio\/wp-content\/uploads\/WhatsApp-Image-2023-03-16-at-22.14.20-1536x1023.jpeg 1536w, https:\/\/montehermoso.gov.ar\/sitio\/wp-content\/uploads\/WhatsApp-Image-2023-03-16-at-22.14.20-1320x879.jpeg 1320w, https:\/\/montehermoso.gov.ar\/sitio\/wp-content\/uploads\/WhatsApp-Image-2023-03-16-at-22.14.20.jpeg 1600w\" sizes=\"(max-width: 1024px) 100vw, 1024px\" \/><\/figure>\n\n\n\n<figure class=\"wp-block-image size-large\"><img alt=\"\" loading=\"lazy\" decoding=\"async\" width=\"1024\" height=\"682\" data-id=\"14039\" src=\"https:\/\/montehermoso.gov.ar\/sitio\/wp-content\/uploads\/WhatsApp-Image-2023-03-16-at-22.14.08-1024x682.jpeg\" alt=\"\" class=\"wp-image-14039\" srcset=\"https:\/\/montehermoso.gov.ar\/sitio\/wp-content\/uploads\/WhatsApp-Image-2023-03-16-at-22.14.08-1024x682.jpeg 1024w, https:\/\/montehermoso.gov.ar\/sitio\/wp-content\/uploads\/WhatsApp-Image-2023-03-16-at-22.14.08-300x200.jpeg 300w, https:\/\/montehermoso.gov.ar\/sitio\/wp-content\/uploads\/WhatsApp-Image-2023-03-16-at-22.14.08-768x512.jpeg 768w, https:\/\/montehermoso.gov.ar\/sitio\/wp-content\/uploads\/WhatsApp-Image-2023-03-16-at-22.14.08.jpeg 1600w\" sizes=\"(max-width: 1024px) 100vw, 1024px\" \/><\/figure>\n\n\n\n<figure class=\"wp-block-image size-large\"><img alt=\"\" loading=\"lazy\" decoding=\"async\" width=\"1600\" height=\"1066\" data-id=\"14036\" src=\"https:\/\/montehermoso.gov.ar\/sitio\/wp-content\/uploads\/WhatsApp-Image-2023-03-16-at-22.14.20-2.jpeg\" alt=\"\" class=\"wp-image-14036\"\/><\/figure>\n<\/figure>\n","protected":false},"excerpt":{"rendered":"<p>#Turismo #Gastronom\u00eda Ante la presencia de los principales medios de comunicaci\u00f3n de Bah\u00eda Blanca y la zona, ayer por la noche los secretarios de Gobierno, Hern\u00e1n Arranz, el de Turismo, Franco Gentili y el presidente de Adeprotur, Rub\u00e9n Carubelli, adelantaron en conferencia de prensa lo que ser\u00e1 la segunda edici\u00f3n de la feria gastron\u00f3mica Monte &#8230; <a title=\"Monte Hermoso anuncio en Bah\u00eda Blanca el lanzamiento de la 2\u00b0 edici\u00f3n del Monte Sabores \u00a0\" class=\"read-more\" href=\"https:\/\/montehermoso.gov.ar\/sitio\/monte-hermoso-anuncio-en-bahia-blanca-el-lanzamiento-de-la-2-edicion-del-monte-sabores\/\" aria-label=\"Leer m\u00e1s sobre Monte Hermoso anuncio en Bah\u00eda Blanca el lanzamiento de la 2\u00b0 edici\u00f3n del Monte Sabores \u00a0\">Leer m\u00e1s<\/a><\/p>\n","protected":false},"author":8,"featured_media":14025,"comment_status":"closed","ping_status":"closed","sticky":false,"template":"","format":"standard","meta":{"_seopress_titles_title":"","_seopress_titles_desc":"","_seopress_robots_index":"","_seopress_robots_follow":"","_seopress_robots_imageindex":"","_seopress_robots_snippet":"","_seopress_robots_primary_cat":"","_seopress_robots_breadcrumbs":"","_seopress_robots_freeze_modified_date":"","_seopress_robots_custom_modified_date":"","_seopress_robots_canonical":"","_seopress_social_fb_title":"","_seopress_social_fb_desc":"","_seopress_social_fb_img":"","_seopress_social_fb_img_attachment_id":0,"_seopress_social_fb_img_width":0,"_seopress_social_fb_img_height":0,"_seopress_social_twitter_title":"","_seopress_social_twitter_desc":"","_seopress_social_twitter_img":"","_seopress_social_twitter_img_attachment_id":0,"_seopress_social_twitter_img_width":0,"_seopress_social_twitter_img_height":0,"_seopress_redirections_value":"","_seopress_redirections_enabled":"","_seopress_redirections_enabled_regex":"","_seopress_redirections_logged_status":"","_seopress_redirections_param":"","_seopress_redirections_type":0,"_seopress_analysis_target_kw":"","_joinchat":[],"footnotes":""},"categories":[457,1],"tags":[459,947,428],"class_list":["post-14024","post","type-post","status-publish","format-standard","has-post-thumbnail","hentry","category-gastronomia","category-turismo","tag-gastronomia","tag-monte-sabores-2023","tag-turismo"],"_links":{"self":[{"href":"https:\/\/montehermoso.gov.ar\/sitio\/wp-json\/wp\/v2\/posts\/14024","targetHints":{"allow":["GET"]}}],"collection":[{"href":"https:\/\/montehermoso.gov.ar\/sitio\/wp-json\/wp\/v2\/posts"}],"about":[{"href":"https:\/\/montehermoso.gov.ar\/sitio\/wp-json\/wp\/v2\/types\/post"}],"author":[{"embeddable":true,"href":"https:\/\/montehermoso.gov.ar\/sitio\/wp-json\/wp\/v2\/users\/8"}],"replies":[{"embeddable":true,"href":"https:\/\/montehermoso.gov.ar\/sitio\/wp-json\/wp\/v2\/comments?post=14024"}],"version-history":[{"count":0,"href":"https:\/\/montehermoso.gov.ar\/sitio\/wp-json\/wp\/v2\/posts\/14024\/revisions"}],"wp:featuredmedia":[{"embeddable":true,"href":"https:\/\/montehermoso.gov.ar\/sitio\/wp-json\/wp\/v2\/media\/14025"}],"wp:attachment":[{"href":"https:\/\/montehermoso.gov.ar\/sitio\/wp-json\/wp\/v2\/media?parent=14024"}],"wp:term":[{"taxonomy":"category","embeddable":true,"href":"https:\/\/montehermoso.gov.ar\/sitio\/wp-json\/wp\/v2\/categories?post=14024"},{"taxonomy":"post_tag","embeddable":true,"href":"https:\/\/montehermoso.gov.ar\/sitio\/wp-json\/wp\/v2\/tags?post=14024"}],"curies":[{"name":"wp","href":"https:\/\/api.w.org\/{rel}","templated":true}]}}