{"id":13789,"date":"2023-02-23T10:28:27","date_gmt":"2023-02-23T13:28:27","guid":{"rendered":"https:\/\/montehermoso.gov.ar\/sitio\/?p=13789"},"modified":"2023-02-23T10:28:27","modified_gmt":"2023-02-23T13:28:27","slug":"avanza-la-ejecucion-de-cordones-cuneta-y-badenes-en-barrios-sociales","status":"publish","type":"post","link":"https:\/\/montehermoso.gov.ar\/sitio\/avanza-la-ejecucion-de-cordones-cuneta-y-badenes-en-barrios-sociales\/","title":{"rendered":"<strong>Avanza la ejecuci\u00f3n de cordones cuneta y badenes en Barrios Sociales<\/strong>"},"content":{"rendered":"\n<p class=\"wp-block-paragraph\">Con el objetivo de consolidar sectores de la ciudad que ya cuentan con todos los servicios como infraestructura de desag\u00fces cloacales, agua corriente, gas natural, iluminaci\u00f3n urbana en un gran porcentaje y que cuentan con una importante densidad poblacional, contin\u00faa la construcci\u00f3n de cordones cunetas y badenes en barrios sociales ubicados al noroeste de la ciudad.<\/p>\n\n\n\n<p class=\"wp-block-paragraph\">Dentro de este proceso para completar las descargas fluviales se incorporaron las calles Felipe Deluster, entre calle Luzuriaga y R\u00edo Dulce, que comprende 5 cuadras y 6 bocacalles; calle Puerto Madryn, entre calle Gregorio Ju\u00e1rez y Dr. Zabala, integrada por 5 cuadras y 4 bocacalles.<\/p>\n\n\n\n<p class=\"wp-block-paragraph\">La obra tambi\u00e9n comprende las calles R\u00edo Atuel, Luzuriaga, Formosa y Chaco entre Felipe Deluster y Puerto Madryn; comprendiendo un total de 4 cuadras, transversales a los dos primeros tramos mencionados; adem\u00e1s del Barrio de 30 viviendas, ubicado entre las calles 1\u00b0 de Abril, Ren\u00e9 Favaloro, Rudecindo Paez y R\u00edo Dulce y sus respectivas bocacalles.<\/p>\n\n\n\n<p class=\"wp-block-paragraph\">Esta obra es financiada por el Ministerio de Infraestructura y Servicios P\u00fablicos, bajo Licitaci\u00f3n P\u00fablica N\u00b0 09\/22 y apunta a generar infraestructura adem\u00e1s de la reactivaci\u00f3n de las econom\u00edas locales, del sector de la construcci\u00f3n, generaci\u00f3n de mano de obra intensiva y la consolidaci\u00f3n local y regional, mediante la realizaci\u00f3n de obras de infraestructura social b\u00e1sica de ejecuci\u00f3n r\u00e1pida en todo el territorio provincial.<\/p>\n\n\n\n<figure class=\"wp-block-gallery has-nested-images columns-default is-cropped wp-block-gallery-1 is-layout-flex wp-block-gallery-is-layout-flex\">\n<figure class=\"wp-block-image size-large\"><img alt=\"\" fetchpriority=\"high\" decoding=\"async\" width=\"1024\" height=\"680\" data-id=\"13791\" src=\"https:\/\/montehermoso.gov.ar\/sitio\/wp-content\/uploads\/WhatsApp-Image-2023-02-23-at-10.20.16-2-1024x680.jpeg\" alt=\"\" class=\"wp-image-13791\" srcset=\"https:\/\/montehermoso.gov.ar\/sitio\/wp-content\/uploads\/WhatsApp-Image-2023-02-23-at-10.20.16-2-1024x680.jpeg 1024w, https:\/\/montehermoso.gov.ar\/sitio\/wp-content\/uploads\/WhatsApp-Image-2023-02-23-at-10.20.16-2-300x199.jpeg 300w, https:\/\/montehermoso.gov.ar\/sitio\/wp-content\/uploads\/WhatsApp-Image-2023-02-23-at-10.20.16-2-768x510.jpeg 768w, https:\/\/montehermoso.gov.ar\/sitio\/wp-content\/uploads\/WhatsApp-Image-2023-02-23-at-10.20.16-2-1536x1020.jpeg 1536w, https:\/\/montehermoso.gov.ar\/sitio\/wp-content\/uploads\/WhatsApp-Image-2023-02-23-at-10.20.16-2-1320x876.jpeg 1320w, https:\/\/montehermoso.gov.ar\/sitio\/wp-content\/uploads\/WhatsApp-Image-2023-02-23-at-10.20.16-2.jpeg 1600w\" sizes=\"(max-width: 1024px) 100vw, 1024px\" \/><\/figure>\n\n\n\n<figure class=\"wp-block-image size-large\"><img alt=\"\" decoding=\"async\" width=\"1024\" height=\"680\" data-id=\"13793\" src=\"https:\/\/montehermoso.gov.ar\/sitio\/wp-content\/uploads\/WhatsApp-Image-2023-02-23-at-10.20.16-1-1024x680.jpeg\" alt=\"\" class=\"wp-image-13793\" srcset=\"https:\/\/montehermoso.gov.ar\/sitio\/wp-content\/uploads\/WhatsApp-Image-2023-02-23-at-10.20.16-1-1024x680.jpeg 1024w, https:\/\/montehermoso.gov.ar\/sitio\/wp-content\/uploads\/WhatsApp-Image-2023-02-23-at-10.20.16-1-300x199.jpeg 300w, https:\/\/montehermoso.gov.ar\/sitio\/wp-content\/uploads\/WhatsApp-Image-2023-02-23-at-10.20.16-1-768x510.jpeg 768w, https:\/\/montehermoso.gov.ar\/sitio\/wp-content\/uploads\/WhatsApp-Image-2023-02-23-at-10.20.16-1-1536x1020.jpeg 1536w, https:\/\/montehermoso.gov.ar\/sitio\/wp-content\/uploads\/WhatsApp-Image-2023-02-23-at-10.20.16-1-1320x876.jpeg 1320w, https:\/\/montehermoso.gov.ar\/sitio\/wp-content\/uploads\/WhatsApp-Image-2023-02-23-at-10.20.16-1.jpeg 1600w\" sizes=\"(max-width: 1024px) 100vw, 1024px\" \/><\/figure>\n\n\n\n<figure class=\"wp-block-image size-large\"><img alt=\"\" decoding=\"async\" width=\"1024\" height=\"680\" data-id=\"13790\" src=\"https:\/\/montehermoso.gov.ar\/sitio\/wp-content\/uploads\/WhatsApp-Image-2023-02-23-at-10.20.16-1024x680.jpeg\" alt=\"\" class=\"wp-image-13790\" srcset=\"https:\/\/montehermoso.gov.ar\/sitio\/wp-content\/uploads\/WhatsApp-Image-2023-02-23-at-10.20.16-1024x680.jpeg 1024w, https:\/\/montehermoso.gov.ar\/sitio\/wp-content\/uploads\/WhatsApp-Image-2023-02-23-at-10.20.16-300x199.jpeg 300w, https:\/\/montehermoso.gov.ar\/sitio\/wp-content\/uploads\/WhatsApp-Image-2023-02-23-at-10.20.16-768x510.jpeg 768w, https:\/\/montehermoso.gov.ar\/sitio\/wp-content\/uploads\/WhatsApp-Image-2023-02-23-at-10.20.16-1536x1020.jpeg 1536w, https:\/\/montehermoso.gov.ar\/sitio\/wp-content\/uploads\/WhatsApp-Image-2023-02-23-at-10.20.16-1320x876.jpeg 1320w, https:\/\/montehermoso.gov.ar\/sitio\/wp-content\/uploads\/WhatsApp-Image-2023-02-23-at-10.20.16.jpeg 1600w\" sizes=\"(max-width: 1024px) 100vw, 1024px\" \/><\/figure>\n\n\n\n<figure class=\"wp-block-image size-large\"><img alt=\"\" loading=\"lazy\" decoding=\"async\" width=\"1024\" height=\"680\" data-id=\"13792\" src=\"https:\/\/montehermoso.gov.ar\/sitio\/wp-content\/uploads\/WhatsApp-Image-2023-02-23-at-10.20.15-1024x680.jpeg\" alt=\"\" class=\"wp-image-13792\" srcset=\"https:\/\/montehermoso.gov.ar\/sitio\/wp-content\/uploads\/WhatsApp-Image-2023-02-23-at-10.20.15-1024x680.jpeg 1024w, https:\/\/montehermoso.gov.ar\/sitio\/wp-content\/uploads\/WhatsApp-Image-2023-02-23-at-10.20.15-300x199.jpeg 300w, https:\/\/montehermoso.gov.ar\/sitio\/wp-content\/uploads\/WhatsApp-Image-2023-02-23-at-10.20.15-768x510.jpeg 768w, https:\/\/montehermoso.gov.ar\/sitio\/wp-content\/uploads\/WhatsApp-Image-2023-02-23-at-10.20.15-1536x1020.jpeg 1536w, https:\/\/montehermoso.gov.ar\/sitio\/wp-content\/uploads\/WhatsApp-Image-2023-02-23-at-10.20.15-1320x876.jpeg 1320w, https:\/\/montehermoso.gov.ar\/sitio\/wp-content\/uploads\/WhatsApp-Image-2023-02-23-at-10.20.15.jpeg 1600w\" sizes=\"(max-width: 1024px) 100vw, 1024px\" \/><\/figure>\n<\/figure>\n","protected":false},"excerpt":{"rendered":"<p>Con el objetivo de consolidar sectores de la ciudad que ya cuentan con todos los servicios como infraestructura de desag\u00fces cloacales, agua corriente, gas natural, iluminaci\u00f3n urbana en un gran porcentaje y que cuentan con una importante densidad poblacional, contin\u00faa la construcci\u00f3n de cordones cunetas y badenes en barrios sociales ubicados al noroeste de la &#8230; <a title=\"Avanza la ejecuci\u00f3n de cordones cuneta y badenes en Barrios Sociales\" class=\"read-more\" href=\"https:\/\/montehermoso.gov.ar\/sitio\/avanza-la-ejecucion-de-cordones-cuneta-y-badenes-en-barrios-sociales\/\" aria-label=\"Leer m\u00e1s sobre Avanza la ejecuci\u00f3n de cordones cuneta y badenes en Barrios Sociales\">Leer m\u00e1s<\/a><\/p>\n","protected":false},"author":3,"featured_media":13792,"comment_status":"closed","ping_status":"closed","sticky":false,"template":"","format":"standard","meta":{"_seopress_titles_title":"","_seopress_titles_desc":"","_seopress_robots_index":"","_seopress_robots_follow":"","_seopress_robots_imageindex":"","_seopress_robots_snippet":"","_seopress_robots_primary_cat":"","_seopress_robots_breadcrumbs":"","_seopress_robots_freeze_modified_date":"","_seopress_robots_custom_modified_date":"","_seopress_robots_canonical":"","_seopress_social_fb_title":"","_seopress_social_fb_desc":"","_seopress_social_fb_img":"","_seopress_social_fb_img_attachment_id":0,"_seopress_social_fb_img_width":0,"_seopress_social_fb_img_height":0,"_seopress_social_twitter_title":"","_seopress_social_twitter_desc":"","_seopress_social_twitter_img":"","_seopress_social_twitter_img_attachment_id":0,"_seopress_social_twitter_img_width":0,"_seopress_social_twitter_img_height":0,"_seopress_redirections_value":"","_seopress_redirections_enabled":"","_seopress_redirections_enabled_regex":"","_seopress_redirections_logged_status":"","_seopress_redirections_param":"","_seopress_redirections_type":0,"_seopress_analysis_target_kw":"","_joinchat":[],"footnotes":""},"categories":[86],"tags":[930,931,929],"class_list":["post-13789","post","type-post","status-publish","format-standard","has-post-thumbnail","hentry","category-obras-y-servicios-publicos","tag-badenes","tag-barrios-sociales","tag-cordon-cuneta"],"_links":{"self":[{"href":"https:\/\/montehermoso.gov.ar\/sitio\/wp-json\/wp\/v2\/posts\/13789","targetHints":{"allow":["GET"]}}],"collection":[{"href":"https:\/\/montehermoso.gov.ar\/sitio\/wp-json\/wp\/v2\/posts"}],"about":[{"href":"https:\/\/montehermoso.gov.ar\/sitio\/wp-json\/wp\/v2\/types\/post"}],"author":[{"embeddable":true,"href":"https:\/\/montehermoso.gov.ar\/sitio\/wp-json\/wp\/v2\/users\/3"}],"replies":[{"embeddable":true,"href":"https:\/\/montehermoso.gov.ar\/sitio\/wp-json\/wp\/v2\/comments?post=13789"}],"version-history":[{"count":0,"href":"https:\/\/montehermoso.gov.ar\/sitio\/wp-json\/wp\/v2\/posts\/13789\/revisions"}],"wp:featuredmedia":[{"embeddable":true,"href":"https:\/\/montehermoso.gov.ar\/sitio\/wp-json\/wp\/v2\/media\/13792"}],"wp:attachment":[{"href":"https:\/\/montehermoso.gov.ar\/sitio\/wp-json\/wp\/v2\/media?parent=13789"}],"wp:term":[{"taxonomy":"category","embeddable":true,"href":"https:\/\/montehermoso.gov.ar\/sitio\/wp-json\/wp\/v2\/categories?post=13789"},{"taxonomy":"post_tag","embeddable":true,"href":"https:\/\/montehermoso.gov.ar\/sitio\/wp-json\/wp\/v2\/tags?post=13789"}],"curies":[{"name":"wp","href":"https:\/\/api.w.org\/{rel}","templated":true}]}}