{"id":13493,"date":"2023-02-03T12:31:22","date_gmt":"2023-02-03T15:31:22","guid":{"rendered":"https:\/\/montehermoso.gov.ar\/sitio\/?p=13493"},"modified":"2023-02-03T12:31:22","modified_gmt":"2023-02-03T15:31:22","slug":"programa-puentes-autoridades-provinciales-y-universitarias-recorrieron-el-terreno-donde-se-construira-el-centro-universitario","status":"publish","type":"post","link":"https:\/\/montehermoso.gov.ar\/sitio\/programa-puentes-autoridades-provinciales-y-universitarias-recorrieron-el-terreno-donde-se-construira-el-centro-universitario\/","title":{"rendered":"Programa Puentes : Autoridades provinciales y universitarias recorrieron el terreno donde se construir\u00e1 el Centro Universitario"},"content":{"rendered":"\n<p class=\"wp-block-paragraph\">El director Ejecutivo del Consejo Provincial de Coordinaci\u00f3n Universitario y Cient\u00edfico, Juan Brardinelli junto a la rectora de la Universidad Provincial del Sudoeste, Dra. Andrea Savoretti; el vicerrector de Relaciones Institucionales y Comunicaci\u00f3n, Lic. Claudio Tesan y el secretario de Planeamiento para el Desarrollo Sustentable, Arq. Daniel Pedroni junto al Arq. Nicol\u00e1s del Toro, integrante de dicha \u00e1rea, recorrieron el terreno donde se ejecutar\u00e1 la futura sede de la UPSO, ubicado en la Av. Sansot, entre calles El Pato y El Chimango.<br>Esta recorrida se dio en el marco de la adhesi\u00f3n de nuestro distrito al Programa Puentes a trav\u00e9s del cual se anunci\u00f3 una inversi\u00f3n de 30 millones de pesos para la primera etapa de construcci\u00f3n del tan esperado Centro Universitario.<br>En principio contar\u00e1 con una planta para albergar de manera simult\u00e1nea a unos 60 estudiantes en dos aulas, sanitarios, Sala de Profesores, Administraci\u00f3n, cocina, espacios verdes y ya se prev\u00e9 un segundo piso y un nivel inferior, respetando la morfolog\u00eda del terreno para ampliar la capacidad.<br>En Monte Hermoso, la UPSO funciona desde el 2007 y a\u00f1o tras a\u00f1o propone distintas carreras de nivel terciario y universitario, teniendo en cuenta las demandas, necesidades y el perfil de nuestra localidad.<br>El Programa Puentes es un plan para el desarrollo y la ampliaci\u00f3n de la educaci\u00f3n superior universitaria en el territorio bonaerense que tiene por objetivo incrementar las oportunidades de acceso a la educaci\u00f3n superior mediante la extensi\u00f3n de la cobertura territorial en 82 municipios del interior.<br>Alcanza a 25 universidades con asiento en la Provincia y beneficia directamente a 200 mil habitantes que viven a m\u00e1s de 50 kil\u00f3metros de una sede universitaria.<\/p>\n\n\n\n<figure class=\"wp-block-gallery has-nested-images columns-default is-cropped wp-block-gallery-1 is-layout-flex wp-block-gallery-is-layout-flex\">\n<figure class=\"wp-block-image size-large\"><img alt=\"\" fetchpriority=\"high\" decoding=\"async\" width=\"1024\" height=\"682\" data-id=\"13495\" src=\"https:\/\/montehermoso.gov.ar\/sitio\/wp-content\/uploads\/WhatsApp-Image-2023-02-03-at-12.05.21-1024x682.jpeg\" alt=\"\" class=\"wp-image-13495\" srcset=\"https:\/\/montehermoso.gov.ar\/sitio\/wp-content\/uploads\/WhatsApp-Image-2023-02-03-at-12.05.21-1024x682.jpeg 1024w, https:\/\/montehermoso.gov.ar\/sitio\/wp-content\/uploads\/WhatsApp-Image-2023-02-03-at-12.05.21-300x200.jpeg 300w, https:\/\/montehermoso.gov.ar\/sitio\/wp-content\/uploads\/WhatsApp-Image-2023-02-03-at-12.05.21-768x512.jpeg 768w, https:\/\/montehermoso.gov.ar\/sitio\/wp-content\/uploads\/WhatsApp-Image-2023-02-03-at-12.05.21-1536x1023.jpeg 1536w, https:\/\/montehermoso.gov.ar\/sitio\/wp-content\/uploads\/WhatsApp-Image-2023-02-03-at-12.05.21-1320x879.jpeg 1320w, https:\/\/montehermoso.gov.ar\/sitio\/wp-content\/uploads\/WhatsApp-Image-2023-02-03-at-12.05.21.jpeg 1600w\" sizes=\"(max-width: 1024px) 100vw, 1024px\" \/><\/figure>\n\n\n\n<figure class=\"wp-block-image size-large\"><img alt=\"\" decoding=\"async\" width=\"1024\" height=\"682\" data-id=\"13496\" src=\"https:\/\/montehermoso.gov.ar\/sitio\/wp-content\/uploads\/WhatsApp-Image-2023-02-03-at-12.05.20-1-1024x682.jpeg\" alt=\"\" class=\"wp-image-13496\" srcset=\"https:\/\/montehermoso.gov.ar\/sitio\/wp-content\/uploads\/WhatsApp-Image-2023-02-03-at-12.05.20-1-1024x682.jpeg 1024w, https:\/\/montehermoso.gov.ar\/sitio\/wp-content\/uploads\/WhatsApp-Image-2023-02-03-at-12.05.20-1-300x200.jpeg 300w, https:\/\/montehermoso.gov.ar\/sitio\/wp-content\/uploads\/WhatsApp-Image-2023-02-03-at-12.05.20-1-768x512.jpeg 768w, https:\/\/montehermoso.gov.ar\/sitio\/wp-content\/uploads\/WhatsApp-Image-2023-02-03-at-12.05.20-1-1536x1023.jpeg 1536w, https:\/\/montehermoso.gov.ar\/sitio\/wp-content\/uploads\/WhatsApp-Image-2023-02-03-at-12.05.20-1-1320x879.jpeg 1320w, https:\/\/montehermoso.gov.ar\/sitio\/wp-content\/uploads\/WhatsApp-Image-2023-02-03-at-12.05.20-1.jpeg 1600w\" sizes=\"(max-width: 1024px) 100vw, 1024px\" \/><\/figure>\n\n\n\n<figure class=\"wp-block-image size-large\"><img alt=\"\" decoding=\"async\" width=\"1024\" height=\"682\" data-id=\"13494\" src=\"https:\/\/montehermoso.gov.ar\/sitio\/wp-content\/uploads\/WhatsApp-Image-2023-02-03-at-12.05.20-1024x682.jpeg\" alt=\"\" class=\"wp-image-13494\" srcset=\"https:\/\/montehermoso.gov.ar\/sitio\/wp-content\/uploads\/WhatsApp-Image-2023-02-03-at-12.05.20-1024x682.jpeg 1024w, https:\/\/montehermoso.gov.ar\/sitio\/wp-content\/uploads\/WhatsApp-Image-2023-02-03-at-12.05.20-300x200.jpeg 300w, https:\/\/montehermoso.gov.ar\/sitio\/wp-content\/uploads\/WhatsApp-Image-2023-02-03-at-12.05.20-768x512.jpeg 768w, https:\/\/montehermoso.gov.ar\/sitio\/wp-content\/uploads\/WhatsApp-Image-2023-02-03-at-12.05.20-1536x1023.jpeg 1536w, https:\/\/montehermoso.gov.ar\/sitio\/wp-content\/uploads\/WhatsApp-Image-2023-02-03-at-12.05.20-1320x879.jpeg 1320w, https:\/\/montehermoso.gov.ar\/sitio\/wp-content\/uploads\/WhatsApp-Image-2023-02-03-at-12.05.20.jpeg 1600w\" sizes=\"(max-width: 1024px) 100vw, 1024px\" \/><\/figure>\n<\/figure>\n","protected":false},"excerpt":{"rendered":"<p>El director Ejecutivo del Consejo Provincial de Coordinaci\u00f3n Universitario y Cient\u00edfico, Juan Brardinelli junto a la rectora de la Universidad Provincial del Sudoeste, Dra. Andrea Savoretti; el vicerrector de Relaciones Institucionales y Comunicaci\u00f3n, Lic. Claudio Tesan y el secretario de Planeamiento para el Desarrollo Sustentable, Arq. Daniel Pedroni junto al Arq. Nicol\u00e1s del Toro, integrante &#8230; <a title=\"Programa Puentes : Autoridades provinciales y universitarias recorrieron el terreno donde se construir\u00e1 el Centro Universitario\" class=\"read-more\" href=\"https:\/\/montehermoso.gov.ar\/sitio\/programa-puentes-autoridades-provinciales-y-universitarias-recorrieron-el-terreno-donde-se-construira-el-centro-universitario\/\" aria-label=\"Leer m\u00e1s sobre Programa Puentes : Autoridades provinciales y universitarias recorrieron el terreno donde se construir\u00e1 el Centro Universitario\">Leer m\u00e1s<\/a><\/p>\n","protected":false},"author":3,"featured_media":13497,"comment_status":"closed","ping_status":"closed","sticky":false,"template":"","format":"standard","meta":{"_seopress_titles_title":"","_seopress_titles_desc":"","_seopress_robots_index":"","_seopress_robots_follow":"","_seopress_robots_imageindex":"","_seopress_robots_snippet":"","_seopress_robots_primary_cat":"","_seopress_robots_breadcrumbs":"","_seopress_robots_freeze_modified_date":"","_seopress_robots_custom_modified_date":"","_seopress_robots_canonical":"","_seopress_social_fb_title":"","_seopress_social_fb_desc":"","_seopress_social_fb_img":"","_seopress_social_fb_img_attachment_id":0,"_seopress_social_fb_img_width":0,"_seopress_social_fb_img_height":0,"_seopress_social_twitter_title":"","_seopress_social_twitter_desc":"","_seopress_social_twitter_img":"","_seopress_social_twitter_img_attachment_id":0,"_seopress_social_twitter_img_width":0,"_seopress_social_twitter_img_height":0,"_seopress_redirections_value":"","_seopress_redirections_enabled":"","_seopress_redirections_enabled_regex":"","_seopress_redirections_logged_status":"","_seopress_redirections_param":"","_seopress_redirections_type":0,"_seopress_analysis_target_kw":"","_joinchat":[],"footnotes":""},"categories":[3,183],"tags":[906,905,553],"class_list":["post-13493","post","type-post","status-publish","format-standard","has-post-thumbnail","hentry","category-educacion","category-gestion","tag-puentes","tag-universidad","tag-upso"],"_links":{"self":[{"href":"https:\/\/montehermoso.gov.ar\/sitio\/wp-json\/wp\/v2\/posts\/13493","targetHints":{"allow":["GET"]}}],"collection":[{"href":"https:\/\/montehermoso.gov.ar\/sitio\/wp-json\/wp\/v2\/posts"}],"about":[{"href":"https:\/\/montehermoso.gov.ar\/sitio\/wp-json\/wp\/v2\/types\/post"}],"author":[{"embeddable":true,"href":"https:\/\/montehermoso.gov.ar\/sitio\/wp-json\/wp\/v2\/users\/3"}],"replies":[{"embeddable":true,"href":"https:\/\/montehermoso.gov.ar\/sitio\/wp-json\/wp\/v2\/comments?post=13493"}],"version-history":[{"count":0,"href":"https:\/\/montehermoso.gov.ar\/sitio\/wp-json\/wp\/v2\/posts\/13493\/revisions"}],"wp:featuredmedia":[{"embeddable":true,"href":"https:\/\/montehermoso.gov.ar\/sitio\/wp-json\/wp\/v2\/media\/13497"}],"wp:attachment":[{"href":"https:\/\/montehermoso.gov.ar\/sitio\/wp-json\/wp\/v2\/media?parent=13493"}],"wp:term":[{"taxonomy":"category","embeddable":true,"href":"https:\/\/montehermoso.gov.ar\/sitio\/wp-json\/wp\/v2\/categories?post=13493"},{"taxonomy":"post_tag","embeddable":true,"href":"https:\/\/montehermoso.gov.ar\/sitio\/wp-json\/wp\/v2\/tags?post=13493"}],"curies":[{"name":"wp","href":"https:\/\/api.w.org\/{rel}","templated":true}]}}