{"id":13087,"date":"2023-01-09T12:36:41","date_gmt":"2023-01-09T15:36:41","guid":{"rendered":"https:\/\/montehermoso.gov.ar\/sitio\/?p=13087"},"modified":"2023-07-11T10:39:11","modified_gmt":"2023-07-11T13:39:11","slug":"en-marzo-abren-las-inscripciones-de-la-3-edicion-que-tendra-a-monte-hermoso-nuevamente-como-destino","status":"publish","type":"post","link":"https:\/\/montehermoso.gov.ar\/sitio\/en-marzo-abren-las-inscripciones-de-la-3-edicion-que-tendra-a-monte-hermoso-nuevamente-como-destino\/","title":{"rendered":"En marzo abren las inscripciones de la 3\u00b0 edici\u00f3n que tendr\u00e1 a Monte Hermoso nuevamente como destino"},"content":{"rendered":"\n<p class=\"wp-block-paragraph\">D\u00edas atr\u00e1s el gobernador Axel Kicillof anunci\u00f3 el lanzamiento de la tercera edici\u00f3n del programa Viajes de Fin de Curso, una pol\u00edtica p\u00fablica que durante el 2022 benefici\u00f3 a Monte Hermoso con la recepci\u00f3n de 10 mil egresados en temporada media y baja apuntalando la actividad de hoteles, restaurantes, agencias de viajes y comercios.<\/p>\n\n\n\n<p class=\"wp-block-paragraph\">\u201cEste programa fomenta el empleo en ciudades tur\u00edsticas como la nuestra, caracterizadas por la estacionalidad durante invierno y primavera\u201d celebr\u00f3 el secretario de Turismo, Franco Gentili.<\/p>\n\n\n\n<p class=\"wp-block-paragraph\">La inscripci\u00f3n para la tercera edici\u00f3n iniciar\u00e1 en marzo y los viajes se llevar\u00e1n a cabo entre agosto y octubre en distintos destinos tur\u00edsticos bonaerenses, que incluir\u00e1n cuatro d\u00edas y tres noches con alojamiento, traslados, comida, seguro y excursiones.<\/p>\n\n\n\n<p class=\"wp-block-paragraph\">Durante el lanzamiento, el Gobernador &nbsp;manifest\u00f3 que \u201cvamos a seguir ampliando esta iniciativa que les asegura a muchos chicos y chicas el derecho a disfrutar de sus viajes de egresados y, al mismo tiempo, apuntala la actividad econ\u00f3mica de los destinos tur\u00edsticos\u201d.<\/p>\n\n\n\n<p class=\"wp-block-paragraph\">Al respecto, el ministro de Producci\u00f3n bonaerense, Augusto Costa, se\u00f1al\u00f3 que \u201chasta el momento se volcaron m\u00e1s de 7 mil millones de pesos a partir de estos viajes, impactando en todo el entramado productivo de los municipios\u201d.<\/p>\n\n\n\n<figure class=\"wp-block-gallery has-nested-images columns-default is-cropped wp-block-gallery-1 is-layout-flex wp-block-gallery-is-layout-flex\">\n<figure class=\"wp-block-image size-large\"><img alt=\"\" fetchpriority=\"high\" decoding=\"async\" width=\"1024\" height=\"682\" data-id=\"13089\" src=\"https:\/\/montehermoso.gov.ar\/sitio\/wp-content\/uploads\/WhatsApp-Image-2023-01-09-at-12.32.27-1024x682.jpeg\" alt=\"\" class=\"wp-image-13089\" srcset=\"https:\/\/montehermoso.gov.ar\/sitio\/wp-content\/uploads\/WhatsApp-Image-2023-01-09-at-12.32.27-1024x682.jpeg 1024w, https:\/\/montehermoso.gov.ar\/sitio\/wp-content\/uploads\/WhatsApp-Image-2023-01-09-at-12.32.27-300x200.jpeg 300w, https:\/\/montehermoso.gov.ar\/sitio\/wp-content\/uploads\/WhatsApp-Image-2023-01-09-at-12.32.27-768x512.jpeg 768w, https:\/\/montehermoso.gov.ar\/sitio\/wp-content\/uploads\/WhatsApp-Image-2023-01-09-at-12.32.27.jpeg 1280w\" sizes=\"(max-width: 1024px) 100vw, 1024px\" \/><\/figure>\n\n\n\n<figure class=\"wp-block-image size-large\"><img alt=\"\" decoding=\"async\" width=\"1024\" height=\"682\" data-id=\"13090\" src=\"https:\/\/montehermoso.gov.ar\/sitio\/wp-content\/uploads\/WhatsApp-Image-2023-01-09-at-12.32.22-1024x682.jpeg\" alt=\"\" class=\"wp-image-13090\" srcset=\"https:\/\/montehermoso.gov.ar\/sitio\/wp-content\/uploads\/WhatsApp-Image-2023-01-09-at-12.32.22-1024x682.jpeg 1024w, https:\/\/montehermoso.gov.ar\/sitio\/wp-content\/uploads\/WhatsApp-Image-2023-01-09-at-12.32.22-300x200.jpeg 300w, https:\/\/montehermoso.gov.ar\/sitio\/wp-content\/uploads\/WhatsApp-Image-2023-01-09-at-12.32.22-768x512.jpeg 768w, https:\/\/montehermoso.gov.ar\/sitio\/wp-content\/uploads\/WhatsApp-Image-2023-01-09-at-12.32.22.jpeg 1280w\" sizes=\"(max-width: 1024px) 100vw, 1024px\" \/><\/figure>\n<\/figure>\n","protected":false},"excerpt":{"rendered":"<p>D\u00edas atr\u00e1s el gobernador Axel Kicillof anunci\u00f3 el lanzamiento de la tercera edici\u00f3n del programa Viajes de Fin de Curso, una pol\u00edtica p\u00fablica que durante el 2022 benefici\u00f3 a Monte Hermoso con la recepci\u00f3n de 10 mil egresados en temporada media y baja apuntalando la actividad de hoteles, restaurantes, agencias de viajes y comercios. \u201cEste &#8230; <a title=\"En marzo abren las inscripciones de la 3\u00b0 edici\u00f3n que tendr\u00e1 a Monte Hermoso nuevamente como destino\" class=\"read-more\" href=\"https:\/\/montehermoso.gov.ar\/sitio\/en-marzo-abren-las-inscripciones-de-la-3-edicion-que-tendra-a-monte-hermoso-nuevamente-como-destino\/\" aria-label=\"Leer m\u00e1s sobre En marzo abren las inscripciones de la 3\u00b0 edici\u00f3n que tendr\u00e1 a Monte Hermoso nuevamente como destino\">Leer m\u00e1s<\/a><\/p>\n","protected":false},"author":8,"featured_media":13088,"comment_status":"closed","ping_status":"closed","sticky":false,"template":"","format":"standard","meta":{"_seopress_titles_title":"","_seopress_titles_desc":"","_seopress_robots_index":"","_seopress_robots_follow":"","_seopress_robots_imageindex":"","_seopress_robots_snippet":"","_seopress_robots_primary_cat":"","_seopress_robots_breadcrumbs":"","_seopress_robots_freeze_modified_date":"","_seopress_robots_custom_modified_date":"","_seopress_robots_canonical":"","_seopress_social_fb_title":"","_seopress_social_fb_desc":"","_seopress_social_fb_img":"","_seopress_social_fb_img_attachment_id":0,"_seopress_social_fb_img_width":0,"_seopress_social_fb_img_height":0,"_seopress_social_twitter_title":"","_seopress_social_twitter_desc":"","_seopress_social_twitter_img":"","_seopress_social_twitter_img_attachment_id":0,"_seopress_social_twitter_img_width":0,"_seopress_social_twitter_img_height":0,"_seopress_redirections_value":"","_seopress_redirections_enabled":"","_seopress_redirections_enabled_regex":"","_seopress_redirections_logged_status":"","_seopress_redirections_param":"","_seopress_redirections_type":0,"_seopress_analysis_target_kw":"","_joinchat":[],"footnotes":""},"categories":[1],"tags":[545,428,871],"class_list":["post-13087","post","type-post","status-publish","format-standard","has-post-thumbnail","hentry","category-turismo","tag-inscripciones","tag-turismo","tag-viajes-de-fin-de-curso"],"_links":{"self":[{"href":"https:\/\/montehermoso.gov.ar\/sitio\/wp-json\/wp\/v2\/posts\/13087","targetHints":{"allow":["GET"]}}],"collection":[{"href":"https:\/\/montehermoso.gov.ar\/sitio\/wp-json\/wp\/v2\/posts"}],"about":[{"href":"https:\/\/montehermoso.gov.ar\/sitio\/wp-json\/wp\/v2\/types\/post"}],"author":[{"embeddable":true,"href":"https:\/\/montehermoso.gov.ar\/sitio\/wp-json\/wp\/v2\/users\/8"}],"replies":[{"embeddable":true,"href":"https:\/\/montehermoso.gov.ar\/sitio\/wp-json\/wp\/v2\/comments?post=13087"}],"version-history":[{"count":0,"href":"https:\/\/montehermoso.gov.ar\/sitio\/wp-json\/wp\/v2\/posts\/13087\/revisions"}],"wp:featuredmedia":[{"embeddable":true,"href":"https:\/\/montehermoso.gov.ar\/sitio\/wp-json\/wp\/v2\/media\/13088"}],"wp:attachment":[{"href":"https:\/\/montehermoso.gov.ar\/sitio\/wp-json\/wp\/v2\/media?parent=13087"}],"wp:term":[{"taxonomy":"category","embeddable":true,"href":"https:\/\/montehermoso.gov.ar\/sitio\/wp-json\/wp\/v2\/categories?post=13087"},{"taxonomy":"post_tag","embeddable":true,"href":"https:\/\/montehermoso.gov.ar\/sitio\/wp-json\/wp\/v2\/tags?post=13087"}],"curies":[{"name":"wp","href":"https:\/\/api.w.org\/{rel}","templated":true}]}}