{"id":12816,"date":"2022-12-16T11:56:56","date_gmt":"2022-12-16T14:56:56","guid":{"rendered":"https:\/\/montehermoso.gov.ar\/sitio\/?p=12816"},"modified":"2022-12-16T11:56:56","modified_gmt":"2022-12-16T14:56:56","slug":"con-reservas-muy-anticipadas-monte-hermoso-tiene-todo-listo-para-las-fiestas-de-fin-de-ano","status":"publish","type":"post","link":"https:\/\/montehermoso.gov.ar\/sitio\/con-reservas-muy-anticipadas-monte-hermoso-tiene-todo-listo-para-las-fiestas-de-fin-de-ano\/","title":{"rendered":"Con reservas muy anticipadas, Monte Hermoso tiene todo listo para las fiestas de fin de a\u00f1o"},"content":{"rendered":"\n<p class=\"wp-block-paragraph\">Desde la Secretar\u00eda de Turismo adelantaron que el 2023 llegar\u00e1 con una ocupaci\u00f3n hotelera e inmobiliaria cercana al 100% lo que asegurar\u00e1 el mejor augurio para una temporada que reci\u00e9n comienza.<\/p>\n\n\n\n<p class=\"wp-block-paragraph\">Turistas de todo el pa\u00eds eligen Monte Hermoso para recibir el a\u00f1o, disfrutar en familia y con amigos del marco natural; una fiesta popular que re\u00fane a visitantes y residentes.<\/p>\n\n\n\n<p class=\"wp-block-paragraph\">\u201cNuestra ciudad se transform\u00f3 en uno de los destinos m\u00e1s deseados de la costa bonaerense por lo que las reservas comenzaron a realizarse con mucha antelaci\u00f3n y desde principios de noviembre ya se hab\u00eda confirmado la mayor parte de la ocupaci\u00f3n para A\u00f1o Nuevo\u201d asegur\u00f3 el secretario de Turismo, Lic. Franco Gentili.<\/p>\n\n\n\n<p class=\"wp-block-paragraph\">Entre las actividades previstas para estas fiestas, el 22 y 23, desde las 19 horas en el Paseo del Pinar, Pap\u00e1 Noel estar\u00e1 recibiendo cartitas y repartiendo golosinas; mientras que el 1\u00b0 de enero de 2023 a las 0.45 hs. se disfrutar\u00e1 del imponente espect\u00e1culo de fuegos artificiales y una vez finalizado, comenzar\u00e1 la fiesta popular en Traful Bis y Costanera con D<a><\/a>J\u00b4s en vivo.<\/p>\n","protected":false},"excerpt":{"rendered":"<p>Desde la Secretar\u00eda de Turismo adelantaron que el 2023 llegar\u00e1 con una ocupaci\u00f3n hotelera e inmobiliaria cercana al 100% lo que asegurar\u00e1 el mejor augurio para una temporada que reci\u00e9n comienza. Turistas de todo el pa\u00eds eligen Monte Hermoso para recibir el a\u00f1o, disfrutar en familia y con amigos del marco natural; una fiesta popular &#8230; <a title=\"Con reservas muy anticipadas, Monte Hermoso tiene todo listo para las fiestas de fin de a\u00f1o\" class=\"read-more\" href=\"https:\/\/montehermoso.gov.ar\/sitio\/con-reservas-muy-anticipadas-monte-hermoso-tiene-todo-listo-para-las-fiestas-de-fin-de-ano\/\" aria-label=\"Leer m\u00e1s sobre Con reservas muy anticipadas, Monte Hermoso tiene todo listo para las fiestas de fin de a\u00f1o\">Leer m\u00e1s<\/a><\/p>\n","protected":false},"author":8,"featured_media":12817,"comment_status":"closed","ping_status":"closed","sticky":false,"template":"","format":"standard","meta":{"_seopress_titles_title":"","_seopress_titles_desc":"","_seopress_robots_index":"","_seopress_robots_follow":"","_seopress_robots_imageindex":"","_seopress_robots_snippet":"","_seopress_robots_primary_cat":"","_seopress_robots_breadcrumbs":"","_seopress_robots_freeze_modified_date":"","_seopress_robots_custom_modified_date":"","_seopress_robots_canonical":"","_seopress_social_fb_title":"","_seopress_social_fb_desc":"","_seopress_social_fb_img":"","_seopress_social_fb_img_attachment_id":0,"_seopress_social_fb_img_width":0,"_seopress_social_fb_img_height":0,"_seopress_social_twitter_title":"","_seopress_social_twitter_desc":"","_seopress_social_twitter_img":"","_seopress_social_twitter_img_attachment_id":0,"_seopress_social_twitter_img_width":0,"_seopress_social_twitter_img_height":0,"_seopress_redirections_value":"","_seopress_redirections_enabled":"","_seopress_redirections_enabled_regex":"","_seopress_redirections_logged_status":"","_seopress_redirections_param":"","_seopress_redirections_type":0,"_seopress_analysis_target_kw":"","_joinchat":[],"footnotes":""},"categories":[1],"tags":[836,837,403],"class_list":["post-12816","post","type-post","status-publish","format-standard","has-post-thumbnail","hentry","category-turismo","tag-papa-noel","tag-temporada-2023","tag-verano"],"_links":{"self":[{"href":"https:\/\/montehermoso.gov.ar\/sitio\/wp-json\/wp\/v2\/posts\/12816","targetHints":{"allow":["GET"]}}],"collection":[{"href":"https:\/\/montehermoso.gov.ar\/sitio\/wp-json\/wp\/v2\/posts"}],"about":[{"href":"https:\/\/montehermoso.gov.ar\/sitio\/wp-json\/wp\/v2\/types\/post"}],"author":[{"embeddable":true,"href":"https:\/\/montehermoso.gov.ar\/sitio\/wp-json\/wp\/v2\/users\/8"}],"replies":[{"embeddable":true,"href":"https:\/\/montehermoso.gov.ar\/sitio\/wp-json\/wp\/v2\/comments?post=12816"}],"version-history":[{"count":0,"href":"https:\/\/montehermoso.gov.ar\/sitio\/wp-json\/wp\/v2\/posts\/12816\/revisions"}],"wp:featuredmedia":[{"embeddable":true,"href":"https:\/\/montehermoso.gov.ar\/sitio\/wp-json\/wp\/v2\/media\/12817"}],"wp:attachment":[{"href":"https:\/\/montehermoso.gov.ar\/sitio\/wp-json\/wp\/v2\/media?parent=12816"}],"wp:term":[{"taxonomy":"category","embeddable":true,"href":"https:\/\/montehermoso.gov.ar\/sitio\/wp-json\/wp\/v2\/categories?post=12816"},{"taxonomy":"post_tag","embeddable":true,"href":"https:\/\/montehermoso.gov.ar\/sitio\/wp-json\/wp\/v2\/tags?post=12816"}],"curies":[{"name":"wp","href":"https:\/\/api.w.org\/{rel}","templated":true}]}}