{"id":12618,"date":"2022-12-05T13:13:53","date_gmt":"2022-12-05T16:13:53","guid":{"rendered":"https:\/\/montehermoso.gov.ar\/sitio\/?p=12618"},"modified":"2022-12-05T13:13:53","modified_gmt":"2022-12-05T16:13:53","slug":"la-mesa-local-del-copret-planteo-los-ejes-para-2023","status":"publish","type":"post","link":"https:\/\/montehermoso.gov.ar\/sitio\/la-mesa-local-del-copret-planteo-los-ejes-para-2023\/","title":{"rendered":"La Mesa local del COPRET plante\u00f3 los ejes para 2023"},"content":{"rendered":"\n<p class=\"wp-block-paragraph\"><strong>Educaci\u00f3n y Trabajo<\/strong><\/p>\n\n\n\n<p class=\"wp-block-paragraph\">El pasado viernes se llev\u00f3 a cabo en el Audit\u00f3rium del Centro de Convenciones un nuevo encuentro con representantes del COPRET (Consejo Provincial de Educaci\u00f3n y Trabajo) junto a autoridades municipales donde se trat\u00f3 la necesidad de capacitar a vecinos a trav\u00e9s de pr\u00e1cticas laborales para cubrir la demanda de algunos sectores comerciales de la ciudad.<\/p>\n\n\n\n<p class=\"wp-block-paragraph\">Se cont\u00f3 con la presencia del intendente Marcos Fern\u00e1ndez, del presidente del Concejo Deliberante, C\u00e9sar David Quintana, de la secretaria de Desarrollo Social Rosana Sotelo; la referente Territorial, Felicitas Perramon, el inspector de Jefatura Distrital de Educaci\u00f3n, Julio Bello, integrantes de la Oficina de Empleo Municipal y de instituciones educativas, entre otros.<\/p>\n\n\n\n<p class=\"wp-block-paragraph\">Tambi\u00e9n se trataron los avales para la oferta formativa del Centro de Formaci\u00f3n Laboral N\u00b0 401 para el pr\u00f3ximo ciclo lectivo y se acord\u00f3 que de cara al 2023 se realizar\u00e1n encuentros con los egresados de las diferentes instituciones para abarcar las necesidades de cada sector.<\/p>\n\n\n\n<p class=\"wp-block-paragraph\">El COPRET se encarga de promover el di\u00e1logo con los sectores de trabajo, empleo y producci\u00f3n como mecanismo para la identificaci\u00f3n, validaci\u00f3n de necesidades sociales, conect\u00e1ndose con la modalidad de la educaci\u00f3n t\u00e9cnica y profesional.<\/p>\n\n\n\n<p class=\"wp-block-paragraph\"><\/p>\n\n\n\n<figure class=\"wp-block-gallery has-nested-images columns-default is-cropped wp-block-gallery-1 is-layout-flex wp-block-gallery-is-layout-flex\">\n<figure class=\"wp-block-image size-large\"><img alt=\"\" fetchpriority=\"high\" decoding=\"async\" width=\"1024\" height=\"683\" data-id=\"12628\" src=\"https:\/\/montehermoso.gov.ar\/sitio\/wp-content\/uploads\/eunionCOPRET-1024x683.jpg\" alt=\"\" class=\"wp-image-12628\" srcset=\"https:\/\/montehermoso.gov.ar\/sitio\/wp-content\/uploads\/eunionCOPRET-1024x683.jpg 1024w, https:\/\/montehermoso.gov.ar\/sitio\/wp-content\/uploads\/eunionCOPRET-300x200.jpg 300w, https:\/\/montehermoso.gov.ar\/sitio\/wp-content\/uploads\/eunionCOPRET-768x512.jpg 768w, https:\/\/montehermoso.gov.ar\/sitio\/wp-content\/uploads\/eunionCOPRET-1536x1024.jpg 1536w, https:\/\/montehermoso.gov.ar\/sitio\/wp-content\/uploads\/eunionCOPRET-1320x880.jpg 1320w, https:\/\/montehermoso.gov.ar\/sitio\/wp-content\/uploads\/eunionCOPRET.jpg 1920w\" sizes=\"(max-width: 1024px) 100vw, 1024px\" \/><\/figure>\n\n\n\n<figure class=\"wp-block-image size-large\"><img alt=\"\" decoding=\"async\" width=\"1024\" height=\"683\" data-id=\"12625\" src=\"https:\/\/montehermoso.gov.ar\/sitio\/wp-content\/uploads\/Foto-5-1024x683.jpg\" alt=\"\" class=\"wp-image-12625\" srcset=\"https:\/\/montehermoso.gov.ar\/sitio\/wp-content\/uploads\/Foto-5-1024x683.jpg 1024w, https:\/\/montehermoso.gov.ar\/sitio\/wp-content\/uploads\/Foto-5-300x200.jpg 300w, https:\/\/montehermoso.gov.ar\/sitio\/wp-content\/uploads\/Foto-5-768x512.jpg 768w, https:\/\/montehermoso.gov.ar\/sitio\/wp-content\/uploads\/Foto-5-1536x1024.jpg 1536w, https:\/\/montehermoso.gov.ar\/sitio\/wp-content\/uploads\/Foto-5-1320x880.jpg 1320w, https:\/\/montehermoso.gov.ar\/sitio\/wp-content\/uploads\/Foto-5.jpg 1920w\" sizes=\"(max-width: 1024px) 100vw, 1024px\" \/><\/figure>\n\n\n\n<figure class=\"wp-block-image size-large\"><img alt=\"\" decoding=\"async\" width=\"1024\" height=\"683\" data-id=\"12626\" src=\"https:\/\/montehermoso.gov.ar\/sitio\/wp-content\/uploads\/Foto-6-1024x683.jpg\" alt=\"\" class=\"wp-image-12626\" srcset=\"https:\/\/montehermoso.gov.ar\/sitio\/wp-content\/uploads\/Foto-6-1024x683.jpg 1024w, https:\/\/montehermoso.gov.ar\/sitio\/wp-content\/uploads\/Foto-6-300x200.jpg 300w, https:\/\/montehermoso.gov.ar\/sitio\/wp-content\/uploads\/Foto-6-768x512.jpg 768w, https:\/\/montehermoso.gov.ar\/sitio\/wp-content\/uploads\/Foto-6-1536x1024.jpg 1536w, https:\/\/montehermoso.gov.ar\/sitio\/wp-content\/uploads\/Foto-6-1320x880.jpg 1320w, https:\/\/montehermoso.gov.ar\/sitio\/wp-content\/uploads\/Foto-6.jpg 1920w\" sizes=\"(max-width: 1024px) 100vw, 1024px\" \/><\/figure>\n\n\n\n<figure class=\"wp-block-image size-large\"><img alt=\"\" loading=\"lazy\" decoding=\"async\" width=\"1024\" height=\"683\" data-id=\"12621\" src=\"https:\/\/montehermoso.gov.ar\/sitio\/wp-content\/uploads\/Foto-8-1024x683.jpg\" alt=\"\" class=\"wp-image-12621\" srcset=\"https:\/\/montehermoso.gov.ar\/sitio\/wp-content\/uploads\/Foto-8-1024x683.jpg 1024w, https:\/\/montehermoso.gov.ar\/sitio\/wp-content\/uploads\/Foto-8-300x200.jpg 300w, https:\/\/montehermoso.gov.ar\/sitio\/wp-content\/uploads\/Foto-8-768x512.jpg 768w, https:\/\/montehermoso.gov.ar\/sitio\/wp-content\/uploads\/Foto-8-1536x1024.jpg 1536w, https:\/\/montehermoso.gov.ar\/sitio\/wp-content\/uploads\/Foto-8-1320x880.jpg 1320w, https:\/\/montehermoso.gov.ar\/sitio\/wp-content\/uploads\/Foto-8.jpg 1920w\" sizes=\"(max-width: 1024px) 100vw, 1024px\" \/><\/figure>\n\n\n\n<figure class=\"wp-block-image size-large\"><img alt=\"\" loading=\"lazy\" decoding=\"async\" width=\"1024\" height=\"683\" data-id=\"12620\" src=\"https:\/\/montehermoso.gov.ar\/sitio\/wp-content\/uploads\/IMG_0283-1024x683.jpg\" alt=\"\" class=\"wp-image-12620\" srcset=\"https:\/\/montehermoso.gov.ar\/sitio\/wp-content\/uploads\/IMG_0283-1024x683.jpg 1024w, https:\/\/montehermoso.gov.ar\/sitio\/wp-content\/uploads\/IMG_0283-300x200.jpg 300w, https:\/\/montehermoso.gov.ar\/sitio\/wp-content\/uploads\/IMG_0283-768x512.jpg 768w, https:\/\/montehermoso.gov.ar\/sitio\/wp-content\/uploads\/IMG_0283-1536x1024.jpg 1536w, https:\/\/montehermoso.gov.ar\/sitio\/wp-content\/uploads\/IMG_0283-1320x880.jpg 1320w, https:\/\/montehermoso.gov.ar\/sitio\/wp-content\/uploads\/IMG_0283.jpg 1920w\" sizes=\"(max-width: 1024px) 100vw, 1024px\" \/><\/figure>\n\n\n\n<figure class=\"wp-block-image size-large\"><img alt=\"\" loading=\"lazy\" decoding=\"async\" width=\"1024\" height=\"683\" data-id=\"12627\" src=\"https:\/\/montehermoso.gov.ar\/sitio\/wp-content\/uploads\/IMG_0287-1024x683.jpg\" alt=\"\" class=\"wp-image-12627\" srcset=\"https:\/\/montehermoso.gov.ar\/sitio\/wp-content\/uploads\/IMG_0287-1024x683.jpg 1024w, https:\/\/montehermoso.gov.ar\/sitio\/wp-content\/uploads\/IMG_0287-300x200.jpg 300w, https:\/\/montehermoso.gov.ar\/sitio\/wp-content\/uploads\/IMG_0287-768x512.jpg 768w, https:\/\/montehermoso.gov.ar\/sitio\/wp-content\/uploads\/IMG_0287-1536x1024.jpg 1536w, https:\/\/montehermoso.gov.ar\/sitio\/wp-content\/uploads\/IMG_0287-1320x880.jpg 1320w, https:\/\/montehermoso.gov.ar\/sitio\/wp-content\/uploads\/IMG_0287.jpg 1920w\" sizes=\"(max-width: 1024px) 100vw, 1024px\" \/><\/figure>\n\n\n\n<figure class=\"wp-block-image size-large\"><img alt=\"\" loading=\"lazy\" decoding=\"async\" width=\"1024\" height=\"683\" data-id=\"12622\" src=\"https:\/\/montehermoso.gov.ar\/sitio\/wp-content\/uploads\/IMG_0306-1024x683.jpg\" alt=\"\" class=\"wp-image-12622\" srcset=\"https:\/\/montehermoso.gov.ar\/sitio\/wp-content\/uploads\/IMG_0306-1024x683.jpg 1024w, https:\/\/montehermoso.gov.ar\/sitio\/wp-content\/uploads\/IMG_0306-300x200.jpg 300w, https:\/\/montehermoso.gov.ar\/sitio\/wp-content\/uploads\/IMG_0306-768x512.jpg 768w, https:\/\/montehermoso.gov.ar\/sitio\/wp-content\/uploads\/IMG_0306-1536x1024.jpg 1536w, https:\/\/montehermoso.gov.ar\/sitio\/wp-content\/uploads\/IMG_0306-1320x880.jpg 1320w, https:\/\/montehermoso.gov.ar\/sitio\/wp-content\/uploads\/IMG_0306.jpg 1920w\" sizes=\"(max-width: 1024px) 100vw, 1024px\" \/><\/figure>\n\n\n\n<figure class=\"wp-block-image size-large\"><img alt=\"\" loading=\"lazy\" decoding=\"async\" width=\"1024\" height=\"683\" data-id=\"12619\" src=\"https:\/\/montehermoso.gov.ar\/sitio\/wp-content\/uploads\/IMG_0307-1024x683.jpg\" alt=\"\" class=\"wp-image-12619\" srcset=\"https:\/\/montehermoso.gov.ar\/sitio\/wp-content\/uploads\/IMG_0307-1024x683.jpg 1024w, https:\/\/montehermoso.gov.ar\/sitio\/wp-content\/uploads\/IMG_0307-300x200.jpg 300w, https:\/\/montehermoso.gov.ar\/sitio\/wp-content\/uploads\/IMG_0307-768x512.jpg 768w, https:\/\/montehermoso.gov.ar\/sitio\/wp-content\/uploads\/IMG_0307-1536x1024.jpg 1536w, https:\/\/montehermoso.gov.ar\/sitio\/wp-content\/uploads\/IMG_0307-1320x880.jpg 1320w, https:\/\/montehermoso.gov.ar\/sitio\/wp-content\/uploads\/IMG_0307.jpg 1920w\" sizes=\"(max-width: 1024px) 100vw, 1024px\" \/><\/figure>\n\n\n\n<figure class=\"wp-block-image size-large\"><img alt=\"\" loading=\"lazy\" decoding=\"async\" width=\"1024\" height=\"683\" data-id=\"12623\" src=\"https:\/\/montehermoso.gov.ar\/sitio\/wp-content\/uploads\/reunionCOPRET2-1024x683.jpg\" alt=\"\" class=\"wp-image-12623\" srcset=\"https:\/\/montehermoso.gov.ar\/sitio\/wp-content\/uploads\/reunionCOPRET2-1024x683.jpg 1024w, https:\/\/montehermoso.gov.ar\/sitio\/wp-content\/uploads\/reunionCOPRET2-300x200.jpg 300w, https:\/\/montehermoso.gov.ar\/sitio\/wp-content\/uploads\/reunionCOPRET2-768x512.jpg 768w, https:\/\/montehermoso.gov.ar\/sitio\/wp-content\/uploads\/reunionCOPRET2-1536x1024.jpg 1536w, https:\/\/montehermoso.gov.ar\/sitio\/wp-content\/uploads\/reunionCOPRET2-1320x880.jpg 1320w, https:\/\/montehermoso.gov.ar\/sitio\/wp-content\/uploads\/reunionCOPRET2.jpg 1920w\" sizes=\"(max-width: 1024px) 100vw, 1024px\" \/><\/figure>\n\n\n\n<figure class=\"wp-block-image size-large\"><img alt=\"\" loading=\"lazy\" decoding=\"async\" width=\"1024\" height=\"683\" data-id=\"12624\" src=\"https:\/\/montehermoso.gov.ar\/sitio\/wp-content\/uploads\/reunionCOPRET3-1024x683.jpg\" alt=\"\" class=\"wp-image-12624\" srcset=\"https:\/\/montehermoso.gov.ar\/sitio\/wp-content\/uploads\/reunionCOPRET3-1024x683.jpg 1024w, https:\/\/montehermoso.gov.ar\/sitio\/wp-content\/uploads\/reunionCOPRET3-300x200.jpg 300w, https:\/\/montehermoso.gov.ar\/sitio\/wp-content\/uploads\/reunionCOPRET3-768x512.jpg 768w, https:\/\/montehermoso.gov.ar\/sitio\/wp-content\/uploads\/reunionCOPRET3-1536x1024.jpg 1536w, https:\/\/montehermoso.gov.ar\/sitio\/wp-content\/uploads\/reunionCOPRET3-1320x880.jpg 1320w, https:\/\/montehermoso.gov.ar\/sitio\/wp-content\/uploads\/reunionCOPRET3.jpg 1920w\" sizes=\"(max-width: 1024px) 100vw, 1024px\" \/><\/figure>\n<\/figure>\n","protected":false},"excerpt":{"rendered":"<p>Educaci\u00f3n y Trabajo El pasado viernes se llev\u00f3 a cabo en el Audit\u00f3rium del Centro de Convenciones un nuevo encuentro con representantes del COPRET (Consejo Provincial de Educaci\u00f3n y Trabajo) junto a autoridades municipales donde se trat\u00f3 la necesidad de capacitar a vecinos a trav\u00e9s de pr\u00e1cticas laborales para cubrir la demanda de algunos sectores &#8230; <a title=\"La Mesa local del COPRET plante\u00f3 los ejes para 2023\" class=\"read-more\" href=\"https:\/\/montehermoso.gov.ar\/sitio\/la-mesa-local-del-copret-planteo-los-ejes-para-2023\/\" aria-label=\"Leer m\u00e1s sobre La Mesa local del COPRET plante\u00f3 los ejes para 2023\">Leer m\u00e1s<\/a><\/p>\n","protected":false},"author":3,"featured_media":12623,"comment_status":"closed","ping_status":"closed","sticky":false,"template":"","format":"standard","meta":{"_seopress_titles_title":"","_seopress_titles_desc":"","_seopress_robots_index":"","_seopress_robots_follow":"","_seopress_robots_imageindex":"","_seopress_robots_snippet":"","_seopress_robots_primary_cat":"","_seopress_robots_breadcrumbs":"","_seopress_robots_freeze_modified_date":"","_seopress_robots_custom_modified_date":"","_seopress_robots_canonical":"","_seopress_social_fb_title":"","_seopress_social_fb_desc":"","_seopress_social_fb_img":"","_seopress_social_fb_img_attachment_id":0,"_seopress_social_fb_img_width":0,"_seopress_social_fb_img_height":0,"_seopress_social_twitter_title":"","_seopress_social_twitter_desc":"","_seopress_social_twitter_img":"","_seopress_social_twitter_img_attachment_id":0,"_seopress_social_twitter_img_width":0,"_seopress_social_twitter_img_height":0,"_seopress_redirections_value":"","_seopress_redirections_enabled":"","_seopress_redirections_enabled_regex":"","_seopress_redirections_logged_status":"","_seopress_redirections_param":"","_seopress_redirections_type":0,"_seopress_analysis_target_kw":"","_joinchat":[],"footnotes":""},"categories":[3,187],"tags":[783,826],"class_list":["post-12618","post","type-post","status-publish","format-standard","has-post-thumbnail","hentry","category-educacion","category-produccion","tag-copret","tag-educacion-y-trabajo"],"_links":{"self":[{"href":"https:\/\/montehermoso.gov.ar\/sitio\/wp-json\/wp\/v2\/posts\/12618","targetHints":{"allow":["GET"]}}],"collection":[{"href":"https:\/\/montehermoso.gov.ar\/sitio\/wp-json\/wp\/v2\/posts"}],"about":[{"href":"https:\/\/montehermoso.gov.ar\/sitio\/wp-json\/wp\/v2\/types\/post"}],"author":[{"embeddable":true,"href":"https:\/\/montehermoso.gov.ar\/sitio\/wp-json\/wp\/v2\/users\/3"}],"replies":[{"embeddable":true,"href":"https:\/\/montehermoso.gov.ar\/sitio\/wp-json\/wp\/v2\/comments?post=12618"}],"version-history":[{"count":0,"href":"https:\/\/montehermoso.gov.ar\/sitio\/wp-json\/wp\/v2\/posts\/12618\/revisions"}],"wp:featuredmedia":[{"embeddable":true,"href":"https:\/\/montehermoso.gov.ar\/sitio\/wp-json\/wp\/v2\/media\/12623"}],"wp:attachment":[{"href":"https:\/\/montehermoso.gov.ar\/sitio\/wp-json\/wp\/v2\/media?parent=12618"}],"wp:term":[{"taxonomy":"category","embeddable":true,"href":"https:\/\/montehermoso.gov.ar\/sitio\/wp-json\/wp\/v2\/categories?post=12618"},{"taxonomy":"post_tag","embeddable":true,"href":"https:\/\/montehermoso.gov.ar\/sitio\/wp-json\/wp\/v2\/tags?post=12618"}],"curies":[{"name":"wp","href":"https:\/\/api.w.org\/{rel}","templated":true}]}}