{"id":12197,"date":"2022-10-27T10:03:09","date_gmt":"2022-10-27T13:03:09","guid":{"rendered":"https:\/\/montehermoso.gov.ar\/sitio\/?p=12197"},"modified":"2022-10-27T10:03:09","modified_gmt":"2022-10-27T13:03:09","slug":"monte-hermoso-celebro-al-acto-de-colacion-de-nuevos-profesionales-universitarios","status":"publish","type":"post","link":"https:\/\/montehermoso.gov.ar\/sitio\/monte-hermoso-celebro-al-acto-de-colacion-de-nuevos-profesionales-universitarios\/","title":{"rendered":"Monte Hermoso celebr\u00f3 al acto de colaci\u00f3n de nuevos profesionales universitarios"},"content":{"rendered":"\n<p class=\"wp-block-paragraph\">El intendente Marcos Fern\u00e1ndez particip\u00f3 ayer de la entrega de diplomas de los nuevos egresados de la Universidad Provincial del Sudoeste, acto que tuvo lugar en el Audit\u00f3rium y cont\u00f3 con la presencia del vicerrector de Planeamiento y Bienestar Universitario, Lic. Mariano Porras y la vicerrectora Acad\u00e9mica, Lic. Mar\u00eda Claudia Dietz.<\/p>\n\n\n\n<p class=\"wp-block-paragraph\">En esta ocasi\u00f3n, recibieron sus t\u00edtulos los T\u00e9cnicos en Periodismo y Emprendimientos de la Comunicaci\u00f3n, Facundo Quiroga M\u00f3nica Carmelino y Denise Ren\u00e9e Marini, y la diplomada en Gesti\u00f3n Administrativa, Claudia Repetti, quienes cursaron sus carreras \u00edntegramente en nuestra ciudad.<\/p>\n\n\n\n<p class=\"wp-block-paragraph\">El Jefe Comunal agradeci\u00f3 a las autoridades de la UPSO, \u201cpara los montehermose\u00f1os contar con una formaci\u00f3n universitaria sin tener que desplazarse del distrito o evitar el desarraigo, pudiendo seguir con la vida laboral y familiar diaria, es una posibilidad que se agradece y se valora\u201d.<\/p>\n\n\n\n<p class=\"wp-block-paragraph\">Fern\u00e1ndez adelant\u00f3 que ya comenzaron las gestiones con el gobierno provincial en el marco del programa \u201cPuentes\u201d destinado a la ampliaci\u00f3n de la educaci\u00f3n universitaria en el territorio bonaerense, \u201cpara que la UPSO pueda tambi\u00e9n tener en nuestra ciudad un espacio f\u00edsico propio, con tierras donadas por el municipio e infraestructura y equipamiento provistas por la Provincia\u201d.<\/p>\n\n\n\n<p class=\"wp-block-paragraph\">Respecto a los flamantes egresados, el Intendente expres\u00f3 sus felicitaciones \u201ca todos los que deciden capacitarse\u201d y subray\u00f3 \u201cel esfuerzo y compromiso que conlleva\u201d por parte de cada uno de ellos.<\/p>\n\n\n\n<p class=\"wp-block-paragraph\">La UPSO desembarc\u00f3 en Monte Hermoso en 2007 y desde su inicio imparti\u00f3 una nueva carrera por a\u00f1o, facilitando la formaci\u00f3n de grado y atento a las necesidades de la ciudad en cuanto a su recurso humano profesional.<\/p>\n\n\n\n<p class=\"wp-block-paragraph\">La ceremonia cont\u00f3 con la presencia de autoridades municipales y familiares de los nuevos profesionales montehermose\u00f1os.<\/p>\n\n\n\n<figure class=\"wp-block-gallery has-nested-images columns-default is-cropped wp-block-gallery-1 is-layout-flex wp-block-gallery-is-layout-flex\">\n<figure class=\"wp-block-image size-large\"><img alt=\"\" fetchpriority=\"high\" decoding=\"async\" width=\"1280\" height=\"853\" data-id=\"12199\" src=\"https:\/\/montehermoso.gov.ar\/sitio\/wp-content\/uploads\/WhatsApp-Image-2022-10-27-at-09.18.39.jpeg\" alt=\"\" class=\"wp-image-12199\" srcset=\"https:\/\/montehermoso.gov.ar\/sitio\/wp-content\/uploads\/WhatsApp-Image-2022-10-27-at-09.18.39.jpeg 1280w, https:\/\/montehermoso.gov.ar\/sitio\/wp-content\/uploads\/WhatsApp-Image-2022-10-27-at-09.18.39-300x200.jpeg 300w, https:\/\/montehermoso.gov.ar\/sitio\/wp-content\/uploads\/WhatsApp-Image-2022-10-27-at-09.18.39-1024x682.jpeg 1024w, https:\/\/montehermoso.gov.ar\/sitio\/wp-content\/uploads\/WhatsApp-Image-2022-10-27-at-09.18.39-768x512.jpeg 768w\" sizes=\"(max-width: 1280px) 100vw, 1280px\" \/><\/figure>\n\n\n\n<figure class=\"wp-block-image size-large\"><img alt=\"\" decoding=\"async\" width=\"1280\" height=\"853\" data-id=\"12200\" src=\"https:\/\/montehermoso.gov.ar\/sitio\/wp-content\/uploads\/WhatsApp-Image-2022-10-27-at-09.17.59-1.jpeg\" alt=\"\" class=\"wp-image-12200\" srcset=\"https:\/\/montehermoso.gov.ar\/sitio\/wp-content\/uploads\/WhatsApp-Image-2022-10-27-at-09.17.59-1.jpeg 1280w, https:\/\/montehermoso.gov.ar\/sitio\/wp-content\/uploads\/WhatsApp-Image-2022-10-27-at-09.17.59-1-300x200.jpeg 300w, https:\/\/montehermoso.gov.ar\/sitio\/wp-content\/uploads\/WhatsApp-Image-2022-10-27-at-09.17.59-1-1024x682.jpeg 1024w, https:\/\/montehermoso.gov.ar\/sitio\/wp-content\/uploads\/WhatsApp-Image-2022-10-27-at-09.17.59-1-768x512.jpeg 768w\" sizes=\"(max-width: 1280px) 100vw, 1280px\" \/><\/figure>\n\n\n\n<figure class=\"wp-block-image size-large\"><img alt=\"\" decoding=\"async\" width=\"1280\" height=\"853\" data-id=\"12201\" src=\"https:\/\/montehermoso.gov.ar\/sitio\/wp-content\/uploads\/WhatsApp-Image-2022-10-27-at-09.17.59.jpeg\" alt=\"\" class=\"wp-image-12201\" srcset=\"https:\/\/montehermoso.gov.ar\/sitio\/wp-content\/uploads\/WhatsApp-Image-2022-10-27-at-09.17.59.jpeg 1280w, https:\/\/montehermoso.gov.ar\/sitio\/wp-content\/uploads\/WhatsApp-Image-2022-10-27-at-09.17.59-300x200.jpeg 300w, https:\/\/montehermoso.gov.ar\/sitio\/wp-content\/uploads\/WhatsApp-Image-2022-10-27-at-09.17.59-1024x682.jpeg 1024w, https:\/\/montehermoso.gov.ar\/sitio\/wp-content\/uploads\/WhatsApp-Image-2022-10-27-at-09.17.59-768x512.jpeg 768w\" sizes=\"(max-width: 1280px) 100vw, 1280px\" \/><\/figure>\n\n\n\n<figure class=\"wp-block-image size-large\"><img alt=\"\" loading=\"lazy\" decoding=\"async\" width=\"1280\" height=\"853\" data-id=\"12202\" src=\"https:\/\/montehermoso.gov.ar\/sitio\/wp-content\/uploads\/WhatsApp-Image-2022-10-27-at-09.17.58-4.jpeg\" alt=\"\" class=\"wp-image-12202\" srcset=\"https:\/\/montehermoso.gov.ar\/sitio\/wp-content\/uploads\/WhatsApp-Image-2022-10-27-at-09.17.58-4.jpeg 1280w, https:\/\/montehermoso.gov.ar\/sitio\/wp-content\/uploads\/WhatsApp-Image-2022-10-27-at-09.17.58-4-300x200.jpeg 300w, https:\/\/montehermoso.gov.ar\/sitio\/wp-content\/uploads\/WhatsApp-Image-2022-10-27-at-09.17.58-4-1024x682.jpeg 1024w, https:\/\/montehermoso.gov.ar\/sitio\/wp-content\/uploads\/WhatsApp-Image-2022-10-27-at-09.17.58-4-768x512.jpeg 768w\" sizes=\"(max-width: 1280px) 100vw, 1280px\" \/><\/figure>\n\n\n\n<figure class=\"wp-block-image size-large\"><img alt=\"\" loading=\"lazy\" decoding=\"async\" width=\"1280\" height=\"853\" data-id=\"12203\" src=\"https:\/\/montehermoso.gov.ar\/sitio\/wp-content\/uploads\/WhatsApp-Image-2022-10-27-at-09.17.58-3.jpeg\" alt=\"\" class=\"wp-image-12203\" srcset=\"https:\/\/montehermoso.gov.ar\/sitio\/wp-content\/uploads\/WhatsApp-Image-2022-10-27-at-09.17.58-3.jpeg 1280w, https:\/\/montehermoso.gov.ar\/sitio\/wp-content\/uploads\/WhatsApp-Image-2022-10-27-at-09.17.58-3-300x200.jpeg 300w, https:\/\/montehermoso.gov.ar\/sitio\/wp-content\/uploads\/WhatsApp-Image-2022-10-27-at-09.17.58-3-1024x682.jpeg 1024w, https:\/\/montehermoso.gov.ar\/sitio\/wp-content\/uploads\/WhatsApp-Image-2022-10-27-at-09.17.58-3-768x512.jpeg 768w\" sizes=\"(max-width: 1280px) 100vw, 1280px\" \/><\/figure>\n\n\n\n<figure class=\"wp-block-image size-large\"><img alt=\"\" loading=\"lazy\" decoding=\"async\" width=\"1280\" height=\"853\" data-id=\"12204\" src=\"https:\/\/montehermoso.gov.ar\/sitio\/wp-content\/uploads\/WhatsApp-Image-2022-10-27-at-09.17.58-2.jpeg\" alt=\"\" class=\"wp-image-12204\" srcset=\"https:\/\/montehermoso.gov.ar\/sitio\/wp-content\/uploads\/WhatsApp-Image-2022-10-27-at-09.17.58-2.jpeg 1280w, https:\/\/montehermoso.gov.ar\/sitio\/wp-content\/uploads\/WhatsApp-Image-2022-10-27-at-09.17.58-2-300x200.jpeg 300w, https:\/\/montehermoso.gov.ar\/sitio\/wp-content\/uploads\/WhatsApp-Image-2022-10-27-at-09.17.58-2-1024x682.jpeg 1024w, https:\/\/montehermoso.gov.ar\/sitio\/wp-content\/uploads\/WhatsApp-Image-2022-10-27-at-09.17.58-2-768x512.jpeg 768w\" sizes=\"(max-width: 1280px) 100vw, 1280px\" \/><\/figure>\n\n\n\n<figure class=\"wp-block-image size-large\"><img alt=\"\" loading=\"lazy\" decoding=\"async\" width=\"1280\" height=\"853\" data-id=\"12205\" src=\"https:\/\/montehermoso.gov.ar\/sitio\/wp-content\/uploads\/WhatsApp-Image-2022-10-27-at-09.17.58-1.jpeg\" alt=\"\" class=\"wp-image-12205\" srcset=\"https:\/\/montehermoso.gov.ar\/sitio\/wp-content\/uploads\/WhatsApp-Image-2022-10-27-at-09.17.58-1.jpeg 1280w, https:\/\/montehermoso.gov.ar\/sitio\/wp-content\/uploads\/WhatsApp-Image-2022-10-27-at-09.17.58-1-300x200.jpeg 300w, https:\/\/montehermoso.gov.ar\/sitio\/wp-content\/uploads\/WhatsApp-Image-2022-10-27-at-09.17.58-1-1024x682.jpeg 1024w, https:\/\/montehermoso.gov.ar\/sitio\/wp-content\/uploads\/WhatsApp-Image-2022-10-27-at-09.17.58-1-768x512.jpeg 768w\" sizes=\"(max-width: 1280px) 100vw, 1280px\" \/><\/figure>\n<\/figure>\n","protected":false},"excerpt":{"rendered":"<p>El intendente Marcos Fern\u00e1ndez particip\u00f3 ayer de la entrega de diplomas de los nuevos egresados de la Universidad Provincial del Sudoeste, acto que tuvo lugar en el Audit\u00f3rium y cont\u00f3 con la presencia del vicerrector de Planeamiento y Bienestar Universitario, Lic. Mariano Porras y la vicerrectora Acad\u00e9mica, Lic. Mar\u00eda Claudia Dietz. En esta ocasi\u00f3n, recibieron &#8230; <a title=\"Monte Hermoso celebr\u00f3 al acto de colaci\u00f3n de nuevos profesionales universitarios\" class=\"read-more\" href=\"https:\/\/montehermoso.gov.ar\/sitio\/monte-hermoso-celebro-al-acto-de-colacion-de-nuevos-profesionales-universitarios\/\" aria-label=\"Leer m\u00e1s sobre Monte Hermoso celebr\u00f3 al acto de colaci\u00f3n de nuevos profesionales universitarios\">Leer m\u00e1s<\/a><\/p>\n","protected":false},"author":8,"featured_media":12198,"comment_status":"closed","ping_status":"closed","sticky":false,"template":"","format":"standard","meta":{"_seopress_titles_title":"","_seopress_titles_desc":"","_seopress_robots_index":"","_seopress_robots_follow":"","_seopress_robots_imageindex":"","_seopress_robots_snippet":"","_seopress_robots_primary_cat":"","_seopress_robots_breadcrumbs":"","_seopress_robots_freeze_modified_date":"","_seopress_robots_custom_modified_date":"","_seopress_robots_canonical":"","_seopress_social_fb_title":"","_seopress_social_fb_desc":"","_seopress_social_fb_img":"","_seopress_social_fb_img_attachment_id":0,"_seopress_social_fb_img_width":0,"_seopress_social_fb_img_height":0,"_seopress_social_twitter_title":"","_seopress_social_twitter_desc":"","_seopress_social_twitter_img":"","_seopress_social_twitter_img_attachment_id":0,"_seopress_social_twitter_img_width":0,"_seopress_social_twitter_img_height":0,"_seopress_redirections_value":"","_seopress_redirections_enabled":"","_seopress_redirections_enabled_regex":"","_seopress_redirections_logged_status":"","_seopress_redirections_param":"","_seopress_redirections_type":0,"_seopress_analysis_target_kw":"","_joinchat":[],"footnotes":""},"categories":[3,183],"tags":[766,560,765,553],"class_list":["post-12197","post","type-post","status-publish","format-standard","has-post-thumbnail","hentry","category-educacion","category-gestion","tag-diplomas","tag-egresados","tag-profesionales-universitarios","tag-upso"],"_links":{"self":[{"href":"https:\/\/montehermoso.gov.ar\/sitio\/wp-json\/wp\/v2\/posts\/12197","targetHints":{"allow":["GET"]}}],"collection":[{"href":"https:\/\/montehermoso.gov.ar\/sitio\/wp-json\/wp\/v2\/posts"}],"about":[{"href":"https:\/\/montehermoso.gov.ar\/sitio\/wp-json\/wp\/v2\/types\/post"}],"author":[{"embeddable":true,"href":"https:\/\/montehermoso.gov.ar\/sitio\/wp-json\/wp\/v2\/users\/8"}],"replies":[{"embeddable":true,"href":"https:\/\/montehermoso.gov.ar\/sitio\/wp-json\/wp\/v2\/comments?post=12197"}],"version-history":[{"count":0,"href":"https:\/\/montehermoso.gov.ar\/sitio\/wp-json\/wp\/v2\/posts\/12197\/revisions"}],"wp:featuredmedia":[{"embeddable":true,"href":"https:\/\/montehermoso.gov.ar\/sitio\/wp-json\/wp\/v2\/media\/12198"}],"wp:attachment":[{"href":"https:\/\/montehermoso.gov.ar\/sitio\/wp-json\/wp\/v2\/media?parent=12197"}],"wp:term":[{"taxonomy":"category","embeddable":true,"href":"https:\/\/montehermoso.gov.ar\/sitio\/wp-json\/wp\/v2\/categories?post=12197"},{"taxonomy":"post_tag","embeddable":true,"href":"https:\/\/montehermoso.gov.ar\/sitio\/wp-json\/wp\/v2\/tags?post=12197"}],"curies":[{"name":"wp","href":"https:\/\/api.w.org\/{rel}","templated":true}]}}