{"id":11964,"date":"2022-10-04T12:13:34","date_gmt":"2022-10-04T15:13:34","guid":{"rendered":"https:\/\/montehermoso.gov.ar\/sitio\/?p=11964"},"modified":"2022-10-04T12:13:34","modified_gmt":"2022-10-04T15:13:34","slug":"monte-hermoso-sumo-equipamiento-insumos-y-bienes-a-traves-del-programa-municipio-de-pie","status":"publish","type":"post","link":"https:\/\/montehermoso.gov.ar\/sitio\/monte-hermoso-sumo-equipamiento-insumos-y-bienes-a-traves-del-programa-municipio-de-pie\/","title":{"rendered":"Monte Hermoso sum\u00f3 equipamiento, insumos y bienes a trav\u00e9s del programa \u201cMunicipio de pie\u201d"},"content":{"rendered":"\n<p class=\"wp-block-paragraph\">El Ministerio del Interior de la Naci\u00f3n lanz\u00f3 en 2020 el Programa Federal de asistencia para la mejora de los Gobiernos Locales\u00a0denominado \u201cMunicipios de Pie\u201d, con el objetivo de mejorar la calidad de vida de los ciudadanos y las ciudadanas mediante la asistencia t\u00e9cnica y financiera a los gobiernos locales de todo el territorio argentino, para adquirir equipamiento, insumos y\/o bienes de capital.<\/p>\n\n\n\n<p class=\"wp-block-paragraph\">Monte Hermoso, por segunda vez, y en esta oportunidad a trav\u00e9s de un convenio de 25 millones de pesos adquiri\u00f3 los juegos de la Plaza Papa Francisco, veinte computadoras, notebook y de escritorio, para distintas dependencias de la Administraci\u00f3n P\u00fablica, se\u00f1al\u00e9tica urbana y tres camionetas 0 km.<\/p>\n\n\n\n<p class=\"wp-block-paragraph\">La implementaci\u00f3n de este Programa es llevada adelante por la Secretar\u00eda de Municipios, a cargo de Avelino Zurro, en articulaci\u00f3n con la Subsecretar\u00eda de Relaciones Municipales y tiene por objetivo general, asistir t\u00e9cnica y financieramente a los gobiernos locales para mejorar la calidad de vida de sus habitantes mediante la adquisici\u00f3n de equipamiento, insumos y dem\u00e1s bienes de capital destinados al fortalecimiento de las acciones con incidencia directa en el desarrollo con integraci\u00f3n regional e inclusi\u00f3n social.<\/p>\n\n\n\n<p class=\"wp-block-paragraph\">En 2020, con el financiamiento de este programa, el municipio tambi\u00e9n adquiri\u00f3 m\u00f3viles 0 km destinados a Guardia Urbana.<\/p>\n\n\n\n<figure class=\"wp-block-gallery has-nested-images columns-default is-cropped wp-block-gallery-1 is-layout-flex wp-block-gallery-is-layout-flex\">\n<figure class=\"wp-block-image size-large\"><img alt=\"\" fetchpriority=\"high\" decoding=\"async\" width=\"1280\" height=\"853\" data-id=\"11969\" src=\"https:\/\/montehermoso.gov.ar\/sitio\/wp-content\/uploads\/WhatsApp-Image-2022-10-04-at-11.59.50-3.jpeg\" alt=\"\" class=\"wp-image-11969\" srcset=\"https:\/\/montehermoso.gov.ar\/sitio\/wp-content\/uploads\/WhatsApp-Image-2022-10-04-at-11.59.50-3.jpeg 1280w, https:\/\/montehermoso.gov.ar\/sitio\/wp-content\/uploads\/WhatsApp-Image-2022-10-04-at-11.59.50-3-300x200.jpeg 300w, https:\/\/montehermoso.gov.ar\/sitio\/wp-content\/uploads\/WhatsApp-Image-2022-10-04-at-11.59.50-3-1024x682.jpeg 1024w, https:\/\/montehermoso.gov.ar\/sitio\/wp-content\/uploads\/WhatsApp-Image-2022-10-04-at-11.59.50-3-768x512.jpeg 768w\" sizes=\"(max-width: 1280px) 100vw, 1280px\" \/><\/figure>\n\n\n\n<figure class=\"wp-block-image size-large\"><img alt=\"\" decoding=\"async\" width=\"1280\" height=\"720\" data-id=\"11967\" src=\"https:\/\/montehermoso.gov.ar\/sitio\/wp-content\/uploads\/WhatsApp-Image-2022-10-04-at-11.59.50-5.jpeg\" alt=\"\" class=\"wp-image-11967\" srcset=\"https:\/\/montehermoso.gov.ar\/sitio\/wp-content\/uploads\/WhatsApp-Image-2022-10-04-at-11.59.50-5.jpeg 1280w, https:\/\/montehermoso.gov.ar\/sitio\/wp-content\/uploads\/WhatsApp-Image-2022-10-04-at-11.59.50-5-300x169.jpeg 300w, https:\/\/montehermoso.gov.ar\/sitio\/wp-content\/uploads\/WhatsApp-Image-2022-10-04-at-11.59.50-5-1024x576.jpeg 1024w, https:\/\/montehermoso.gov.ar\/sitio\/wp-content\/uploads\/WhatsApp-Image-2022-10-04-at-11.59.50-5-768x432.jpeg 768w\" sizes=\"(max-width: 1280px) 100vw, 1280px\" \/><\/figure>\n\n\n\n<figure class=\"wp-block-image size-large\"><img alt=\"\" decoding=\"async\" width=\"1280\" height=\"853\" data-id=\"11972\" src=\"https:\/\/montehermoso.gov.ar\/sitio\/wp-content\/uploads\/WhatsApp-Image-2022-10-04-at-11.59.50.jpeg\" alt=\"\" class=\"wp-image-11972\" srcset=\"https:\/\/montehermoso.gov.ar\/sitio\/wp-content\/uploads\/WhatsApp-Image-2022-10-04-at-11.59.50.jpeg 1280w, https:\/\/montehermoso.gov.ar\/sitio\/wp-content\/uploads\/WhatsApp-Image-2022-10-04-at-11.59.50-300x200.jpeg 300w, https:\/\/montehermoso.gov.ar\/sitio\/wp-content\/uploads\/WhatsApp-Image-2022-10-04-at-11.59.50-1024x682.jpeg 1024w, https:\/\/montehermoso.gov.ar\/sitio\/wp-content\/uploads\/WhatsApp-Image-2022-10-04-at-11.59.50-768x512.jpeg 768w\" sizes=\"(max-width: 1280px) 100vw, 1280px\" \/><\/figure>\n\n\n\n<figure class=\"wp-block-image size-large\"><img alt=\"\" loading=\"lazy\" decoding=\"async\" width=\"1280\" height=\"853\" data-id=\"11966\" src=\"https:\/\/montehermoso.gov.ar\/sitio\/wp-content\/uploads\/WhatsApp-Image-2022-10-04-at-11.59.51.jpeg\" alt=\"\" class=\"wp-image-11966\" srcset=\"https:\/\/montehermoso.gov.ar\/sitio\/wp-content\/uploads\/WhatsApp-Image-2022-10-04-at-11.59.51.jpeg 1280w, https:\/\/montehermoso.gov.ar\/sitio\/wp-content\/uploads\/WhatsApp-Image-2022-10-04-at-11.59.51-300x200.jpeg 300w, https:\/\/montehermoso.gov.ar\/sitio\/wp-content\/uploads\/WhatsApp-Image-2022-10-04-at-11.59.51-1024x682.jpeg 1024w, https:\/\/montehermoso.gov.ar\/sitio\/wp-content\/uploads\/WhatsApp-Image-2022-10-04-at-11.59.51-768x512.jpeg 768w\" sizes=\"(max-width: 1280px) 100vw, 1280px\" \/><\/figure>\n\n\n\n<figure class=\"wp-block-image size-large\"><img alt=\"\" loading=\"lazy\" decoding=\"async\" width=\"1280\" height=\"720\" data-id=\"11968\" src=\"https:\/\/montehermoso.gov.ar\/sitio\/wp-content\/uploads\/WhatsApp-Image-2022-10-04-at-11.59.50-4.jpeg\" alt=\"\" class=\"wp-image-11968\" srcset=\"https:\/\/montehermoso.gov.ar\/sitio\/wp-content\/uploads\/WhatsApp-Image-2022-10-04-at-11.59.50-4.jpeg 1280w, https:\/\/montehermoso.gov.ar\/sitio\/wp-content\/uploads\/WhatsApp-Image-2022-10-04-at-11.59.50-4-300x169.jpeg 300w, https:\/\/montehermoso.gov.ar\/sitio\/wp-content\/uploads\/WhatsApp-Image-2022-10-04-at-11.59.50-4-1024x576.jpeg 1024w, https:\/\/montehermoso.gov.ar\/sitio\/wp-content\/uploads\/WhatsApp-Image-2022-10-04-at-11.59.50-4-768x432.jpeg 768w\" sizes=\"(max-width: 1280px) 100vw, 1280px\" \/><\/figure>\n\n\n\n<figure class=\"wp-block-image size-large\"><img alt=\"\" loading=\"lazy\" decoding=\"async\" width=\"1280\" height=\"853\" data-id=\"11970\" src=\"https:\/\/montehermoso.gov.ar\/sitio\/wp-content\/uploads\/WhatsApp-Image-2022-10-04-at-11.59.50-2.jpeg\" alt=\"\" class=\"wp-image-11970\" srcset=\"https:\/\/montehermoso.gov.ar\/sitio\/wp-content\/uploads\/WhatsApp-Image-2022-10-04-at-11.59.50-2.jpeg 1280w, https:\/\/montehermoso.gov.ar\/sitio\/wp-content\/uploads\/WhatsApp-Image-2022-10-04-at-11.59.50-2-300x200.jpeg 300w, https:\/\/montehermoso.gov.ar\/sitio\/wp-content\/uploads\/WhatsApp-Image-2022-10-04-at-11.59.50-2-1024x682.jpeg 1024w, https:\/\/montehermoso.gov.ar\/sitio\/wp-content\/uploads\/WhatsApp-Image-2022-10-04-at-11.59.50-2-768x512.jpeg 768w\" sizes=\"(max-width: 1280px) 100vw, 1280px\" \/><\/figure>\n\n\n\n<figure class=\"wp-block-image size-large\"><img alt=\"\" loading=\"lazy\" decoding=\"async\" width=\"1280\" height=\"853\" data-id=\"11965\" src=\"https:\/\/montehermoso.gov.ar\/sitio\/wp-content\/uploads\/WhatsApp-Image-2022-10-04-at-11.59.51-1.jpeg\" alt=\"\" class=\"wp-image-11965\" srcset=\"https:\/\/montehermoso.gov.ar\/sitio\/wp-content\/uploads\/WhatsApp-Image-2022-10-04-at-11.59.51-1.jpeg 1280w, https:\/\/montehermoso.gov.ar\/sitio\/wp-content\/uploads\/WhatsApp-Image-2022-10-04-at-11.59.51-1-300x200.jpeg 300w, https:\/\/montehermoso.gov.ar\/sitio\/wp-content\/uploads\/WhatsApp-Image-2022-10-04-at-11.59.51-1-1024x682.jpeg 1024w, https:\/\/montehermoso.gov.ar\/sitio\/wp-content\/uploads\/WhatsApp-Image-2022-10-04-at-11.59.51-1-768x512.jpeg 768w\" sizes=\"(max-width: 1280px) 100vw, 1280px\" \/><\/figure>\n\n\n\n<figure class=\"wp-block-image size-large\"><img alt=\"\" loading=\"lazy\" decoding=\"async\" width=\"1280\" height=\"853\" data-id=\"11971\" src=\"https:\/\/montehermoso.gov.ar\/sitio\/wp-content\/uploads\/WhatsApp-Image-2022-10-04-at-11.59.50-1.jpeg\" alt=\"\" class=\"wp-image-11971\" srcset=\"https:\/\/montehermoso.gov.ar\/sitio\/wp-content\/uploads\/WhatsApp-Image-2022-10-04-at-11.59.50-1.jpeg 1280w, https:\/\/montehermoso.gov.ar\/sitio\/wp-content\/uploads\/WhatsApp-Image-2022-10-04-at-11.59.50-1-300x200.jpeg 300w, https:\/\/montehermoso.gov.ar\/sitio\/wp-content\/uploads\/WhatsApp-Image-2022-10-04-at-11.59.50-1-1024x682.jpeg 1024w, https:\/\/montehermoso.gov.ar\/sitio\/wp-content\/uploads\/WhatsApp-Image-2022-10-04-at-11.59.50-1-768x512.jpeg 768w\" sizes=\"(max-width: 1280px) 100vw, 1280px\" \/><\/figure>\n<\/figure>\n","protected":false},"excerpt":{"rendered":"<p>El Ministerio del Interior de la Naci\u00f3n lanz\u00f3 en 2020 el Programa Federal de asistencia para la mejora de los Gobiernos Locales\u00a0denominado \u201cMunicipios de Pie\u201d, con el objetivo de mejorar la calidad de vida de los ciudadanos y las ciudadanas mediante la asistencia t\u00e9cnica y financiera a los gobiernos locales de todo el territorio argentino, &#8230; <a title=\"Monte Hermoso sum\u00f3 equipamiento, insumos y bienes a trav\u00e9s del programa \u201cMunicipio de pie\u201d\" class=\"read-more\" href=\"https:\/\/montehermoso.gov.ar\/sitio\/monte-hermoso-sumo-equipamiento-insumos-y-bienes-a-traves-del-programa-municipio-de-pie\/\" aria-label=\"Leer m\u00e1s sobre Monte Hermoso sum\u00f3 equipamiento, insumos y bienes a trav\u00e9s del programa \u201cMunicipio de pie\u201d\">Leer m\u00e1s<\/a><\/p>\n","protected":false},"author":8,"featured_media":11971,"comment_status":"closed","ping_status":"closed","sticky":false,"template":"","format":"standard","meta":{"_seopress_titles_title":"","_seopress_titles_desc":"","_seopress_robots_index":"","_seopress_robots_follow":"","_seopress_robots_imageindex":"","_seopress_robots_snippet":"","_seopress_robots_primary_cat":"","_seopress_robots_breadcrumbs":"","_seopress_robots_freeze_modified_date":"","_seopress_robots_custom_modified_date":"","_seopress_robots_canonical":"","_seopress_social_fb_title":"","_seopress_social_fb_desc":"","_seopress_social_fb_img":"","_seopress_social_fb_img_attachment_id":0,"_seopress_social_fb_img_width":0,"_seopress_social_fb_img_height":0,"_seopress_social_twitter_title":"","_seopress_social_twitter_desc":"","_seopress_social_twitter_img":"","_seopress_social_twitter_img_attachment_id":0,"_seopress_social_twitter_img_width":0,"_seopress_social_twitter_img_height":0,"_seopress_redirections_value":"","_seopress_redirections_enabled":"","_seopress_redirections_enabled_regex":"","_seopress_redirections_logged_status":"","_seopress_redirections_param":"","_seopress_redirections_type":0,"_seopress_analysis_target_kw":"","_joinchat":[],"footnotes":""},"categories":[183,5],"tags":[722,712,723],"class_list":["post-11964","post","type-post","status-publish","format-standard","has-post-thumbnail","hentry","category-gestion","category-gobierno","tag-camionetas","tag-computadoras","tag-senaleticas"],"_links":{"self":[{"href":"https:\/\/montehermoso.gov.ar\/sitio\/wp-json\/wp\/v2\/posts\/11964","targetHints":{"allow":["GET"]}}],"collection":[{"href":"https:\/\/montehermoso.gov.ar\/sitio\/wp-json\/wp\/v2\/posts"}],"about":[{"href":"https:\/\/montehermoso.gov.ar\/sitio\/wp-json\/wp\/v2\/types\/post"}],"author":[{"embeddable":true,"href":"https:\/\/montehermoso.gov.ar\/sitio\/wp-json\/wp\/v2\/users\/8"}],"replies":[{"embeddable":true,"href":"https:\/\/montehermoso.gov.ar\/sitio\/wp-json\/wp\/v2\/comments?post=11964"}],"version-history":[{"count":0,"href":"https:\/\/montehermoso.gov.ar\/sitio\/wp-json\/wp\/v2\/posts\/11964\/revisions"}],"wp:featuredmedia":[{"embeddable":true,"href":"https:\/\/montehermoso.gov.ar\/sitio\/wp-json\/wp\/v2\/media\/11971"}],"wp:attachment":[{"href":"https:\/\/montehermoso.gov.ar\/sitio\/wp-json\/wp\/v2\/media?parent=11964"}],"wp:term":[{"taxonomy":"category","embeddable":true,"href":"https:\/\/montehermoso.gov.ar\/sitio\/wp-json\/wp\/v2\/categories?post=11964"},{"taxonomy":"post_tag","embeddable":true,"href":"https:\/\/montehermoso.gov.ar\/sitio\/wp-json\/wp\/v2\/tags?post=11964"}],"curies":[{"name":"wp","href":"https:\/\/api.w.org\/{rel}","templated":true}]}}