{"id":11889,"date":"2022-09-23T11:46:41","date_gmt":"2022-09-23T14:46:41","guid":{"rendered":"https:\/\/montehermoso.gov.ar\/sitio\/?p=11889"},"modified":"2022-09-23T13:02:10","modified_gmt":"2022-09-23T16:02:10","slug":"monte-hermoso-recibio-las-computadoras-para-la-implementacion-del-plan-de-salud-digital","status":"publish","type":"post","link":"https:\/\/montehermoso.gov.ar\/sitio\/monte-hermoso-recibio-las-computadoras-para-la-implementacion-del-plan-de-salud-digital\/","title":{"rendered":"Monte Hermoso recibi\u00f3 las computadoras para la implementaci\u00f3n del Plan de Salud Digital"},"content":{"rendered":"\n<p class=\"wp-block-paragraph\">En el marco del Plan de Salud Digital, que permitir\u00e1 unificar la informaci\u00f3n entre todos los niveles del Estado a trav\u00e9s de la \u201cHistoria de Salud Integrada (HSI)\u201d y avanzar hacia un sistema eficiente, Monte Hermoso recibi\u00f3 quince computadoras para ser distribuidas entre el Hospital Municipal y los Centros de Atenci\u00f3n Primaria de la Salud CAPS.<\/p>\n\n\n\n<p class=\"wp-block-paragraph\">El secretario de Salud, Dr. Pablo Vera, recibi\u00f3 en la ciudad de La Plata estas nuevas herramientas digitales para los efectores de primer y segundo nivel quienes all\u00ed podr\u00e1n ingresar y cargar los datos de los pacientes y gestionar turnos, entre otras acciones.<\/p>\n\n\n\n<p class=\"wp-block-paragraph\">\u201cSon cambios estructurales impulsados por el Gobierno de la Provincia que nos permitir\u00e1 reducir costos y mejorar el modo de atenci\u00f3n para cuidar, prevenir y acompa\u00f1ar la salud de los montehermose\u00f1os a trav\u00e9s de informaci\u00f3n ordenada y legible\u201d manifest\u00f3 Vera.<\/p>\n\n\n\n<p class=\"wp-block-paragraph\">El titular de la cartera de Salud local recibi\u00f3 las nuevas computadoras tras su reuni\u00f3n con la directora Provincial de Fortalecimiento del Sistema de Salud,&nbsp; Luc\u00eda Grodsinsky; el director de Pol\u00edticas Sanitarias de Fortalecimiento, Marcos Cocco; la asesora de dicha Direcci\u00f3n Provincial, Mara Coronel Mankowski; y con el Director Provincial de Prevenci\u00f3n de Enfermedades No Trasmisibles, Dr. Mat\u00edas Duca.<\/p>\n\n\n\n<p class=\"wp-block-paragraph\">El nuevo sistema de informaci\u00f3n es una herramienta de c\u00f3digo abierto y colaborativa, que contiene historia cl\u00ednica, gesti\u00f3n de pacientes, agenda y turnos.<\/p>\n\n\n\n<p class=\"wp-block-paragraph\">Durante su anuncio, realizado meses atr\u00e1s, el gobernador Axel Kicillof afirm\u00f3 que \u201ceste programa ser\u00e1 un instrumento fundamental para consolidar el proceso de integraci\u00f3n y seguir reconociendo el derecho de los y las bonaerenses a la informaci\u00f3n sobre su salud\u201d.<\/p>\n\n\n\n<figure class=\"wp-block-gallery has-nested-images columns-default is-cropped wp-block-gallery-1 is-layout-flex wp-block-gallery-is-layout-flex\">\n<figure class=\"wp-block-image size-large\"><img alt=\"\" fetchpriority=\"high\" decoding=\"async\" width=\"808\" height=\"464\" data-id=\"11899\" src=\"https:\/\/montehermoso.gov.ar\/sitio\/wp-content\/uploads\/1-1.png\" alt=\"\" class=\"wp-image-11899\" srcset=\"https:\/\/montehermoso.gov.ar\/sitio\/wp-content\/uploads\/1-1.png 808w, https:\/\/montehermoso.gov.ar\/sitio\/wp-content\/uploads\/1-1-300x172.png 300w, https:\/\/montehermoso.gov.ar\/sitio\/wp-content\/uploads\/1-1-768x441.png 768w\" sizes=\"(max-width: 808px) 100vw, 808px\" \/><\/figure>\n<\/figure>\n","protected":false},"excerpt":{"rendered":"<p>En el marco del Plan de Salud Digital, que permitir\u00e1 unificar la informaci\u00f3n entre todos los niveles del Estado a trav\u00e9s de la \u201cHistoria de Salud Integrada (HSI)\u201d y avanzar hacia un sistema eficiente, Monte Hermoso recibi\u00f3 quince computadoras para ser distribuidas entre el Hospital Municipal y los Centros de Atenci\u00f3n Primaria de la Salud &#8230; <a title=\"Monte Hermoso recibi\u00f3 las computadoras para la implementaci\u00f3n del Plan de Salud Digital\" class=\"read-more\" href=\"https:\/\/montehermoso.gov.ar\/sitio\/monte-hermoso-recibio-las-computadoras-para-la-implementacion-del-plan-de-salud-digital\/\" aria-label=\"Leer m\u00e1s sobre Monte Hermoso recibi\u00f3 las computadoras para la implementaci\u00f3n del Plan de Salud Digital\">Leer m\u00e1s<\/a><\/p>\n","protected":false},"author":8,"featured_media":11890,"comment_status":"closed","ping_status":"closed","sticky":false,"template":"","format":"standard","meta":{"_seopress_titles_title":"","_seopress_titles_desc":"","_seopress_robots_index":"","_seopress_robots_follow":"","_seopress_robots_imageindex":"","_seopress_robots_snippet":"","_seopress_robots_primary_cat":"","_seopress_robots_breadcrumbs":"","_seopress_robots_freeze_modified_date":"","_seopress_robots_custom_modified_date":"","_seopress_robots_canonical":"","_seopress_social_fb_title":"","_seopress_social_fb_desc":"","_seopress_social_fb_img":"","_seopress_social_fb_img_attachment_id":0,"_seopress_social_fb_img_width":0,"_seopress_social_fb_img_height":0,"_seopress_social_twitter_title":"","_seopress_social_twitter_desc":"","_seopress_social_twitter_img":"","_seopress_social_twitter_img_attachment_id":0,"_seopress_social_twitter_img_width":0,"_seopress_social_twitter_img_height":0,"_seopress_redirections_value":"","_seopress_redirections_enabled":"","_seopress_redirections_enabled_regex":"","_seopress_redirections_logged_status":"","_seopress_redirections_param":"","_seopress_redirections_type":0,"_seopress_analysis_target_kw":"","_joinchat":[],"footnotes":""},"categories":[183,43],"tags":[712,711,581],"class_list":["post-11889","post","type-post","status-publish","format-standard","has-post-thumbnail","hentry","category-gestion","category-salud","tag-computadoras","tag-municipios","tag-plan-de-salud-digital"],"_links":{"self":[{"href":"https:\/\/montehermoso.gov.ar\/sitio\/wp-json\/wp\/v2\/posts\/11889","targetHints":{"allow":["GET"]}}],"collection":[{"href":"https:\/\/montehermoso.gov.ar\/sitio\/wp-json\/wp\/v2\/posts"}],"about":[{"href":"https:\/\/montehermoso.gov.ar\/sitio\/wp-json\/wp\/v2\/types\/post"}],"author":[{"embeddable":true,"href":"https:\/\/montehermoso.gov.ar\/sitio\/wp-json\/wp\/v2\/users\/8"}],"replies":[{"embeddable":true,"href":"https:\/\/montehermoso.gov.ar\/sitio\/wp-json\/wp\/v2\/comments?post=11889"}],"version-history":[{"count":0,"href":"https:\/\/montehermoso.gov.ar\/sitio\/wp-json\/wp\/v2\/posts\/11889\/revisions"}],"wp:featuredmedia":[{"embeddable":true,"href":"https:\/\/montehermoso.gov.ar\/sitio\/wp-json\/wp\/v2\/media\/11890"}],"wp:attachment":[{"href":"https:\/\/montehermoso.gov.ar\/sitio\/wp-json\/wp\/v2\/media?parent=11889"}],"wp:term":[{"taxonomy":"category","embeddable":true,"href":"https:\/\/montehermoso.gov.ar\/sitio\/wp-json\/wp\/v2\/categories?post=11889"},{"taxonomy":"post_tag","embeddable":true,"href":"https:\/\/montehermoso.gov.ar\/sitio\/wp-json\/wp\/v2\/tags?post=11889"}],"curies":[{"name":"wp","href":"https:\/\/api.w.org\/{rel}","templated":true}]}}