{"id":11594,"date":"2022-09-08T12:15:44","date_gmt":"2022-09-08T15:15:44","guid":{"rendered":"https:\/\/montehermoso.gov.ar\/sitio\/?p=11594"},"modified":"2022-09-08T13:41:56","modified_gmt":"2022-09-08T16:41:56","slug":"avanza-a-buen-ritmo-el-desarrollo-urbanistico-procrear-de-70-viviendas","status":"publish","type":"post","link":"https:\/\/montehermoso.gov.ar\/sitio\/avanza-a-buen-ritmo-el-desarrollo-urbanistico-procrear-de-70-viviendas\/","title":{"rendered":"Avanza a buen ritmo el Desarrollo Urban\u00edstico PROCREAR de 70 viviendas"},"content":{"rendered":"\n<p class=\"wp-block-paragraph\">Ubicadas en la calle R\u00edo Neuqu\u00e9n, entre Luzuriaga y R\u00edo Atuel, contin\u00faa sin pausa la construcci\u00f3n de 68 d\u00faplex y 2 de una sola planta en el marco del Programa Federal \u201cCasa Propia\u201d lanzado por el Ministerio de Desarrollo Territorial y H\u00e1bitat de Naci\u00f3n que junto al Municipio apuntan a brindar nuevas posibilidades a las familias montehermose\u00f1as.<\/p>\n\n\n\n<p class=\"wp-block-paragraph\">Mientras que el Estado Municipal cedi\u00f3 las tierras, Naci\u00f3n construye las viviendas para luego brindar el acceso a un cr\u00e9dito hipotecario para la compra de las mismas.<\/p>\n\n\n\n<p class=\"wp-block-paragraph\">Esta ejecuci\u00f3n de m\u00e1s de 380 millones de pesos, a cargo de la empresa contratista Ingecons S.A, se divide en dos bloques, uno ubicado frente al otro, de 32 y 38 unidades respectivamente.<\/p>\n\n\n\n<p class=\"wp-block-paragraph\">Los d\u00faplex tendr\u00e1n en planta baja una cocina comedor, living y ba\u00f1o de servicio y en su\u00a0planta alta dos habitaciones y sanitario completo.<\/p>\n\n\n\n<p class=\"wp-block-paragraph\">Las dos unifamiliares en tanto, contar\u00e1n con cocina comedor, living, un sanitario, lavadero y dos habitaciones y en todas se contempla un patio con fog\u00f3n.<\/p>\n\n\n\n<p class=\"wp-block-paragraph\"><strong>Pol\u00edticas de vivienda. <\/strong>Esta posibilidad y esfuerzo conjunto entre los Estados Municipal, Provincial y Nacional tienen un claro objetivo y es que m\u00e1s montehermose\u00f1os concreten el sue\u00f1o de la casa propia.<\/p>\n\n\n\n<p class=\"wp-block-paragraph\">De esta manera, desde 2020 en adelante se lograron las 70 viviendas del Desarrollo Urban\u00edstico que se suman las 30 del Plan Bonaerense II y a los 284 nuevos lotes pr\u00f3ximos a urbanizarse ubicados sobre el Camino Sinuoso Oeste. Las \u00faltimas pol\u00edticas de vivienda y h\u00e1bitat logradas, con la entrega de cien casas y de unos 200 lotes con servicios y escriturados, se realizaron entre 2010 y 2015 donde tambi\u00e9n se trabaj\u00f3 mancomunadamente con los gobiernos Provincial y Nacional.<\/p>\n\n\n\n<figure class=\"wp-block-gallery has-nested-images columns-default is-cropped wp-block-gallery-1 is-layout-flex wp-block-gallery-is-layout-flex\">\n<figure class=\"wp-block-image size-large\"><img alt=\"\" fetchpriority=\"high\" decoding=\"async\" width=\"2560\" height=\"1707\" data-id=\"11599\" src=\"https:\/\/montehermoso.gov.ar\/sitio\/wp-content\/uploads\/DSC_3770-scaled.jpg\" alt=\"\" class=\"wp-image-11599\" srcset=\"https:\/\/montehermoso.gov.ar\/sitio\/wp-content\/uploads\/DSC_3770-scaled.jpg 2560w, https:\/\/montehermoso.gov.ar\/sitio\/wp-content\/uploads\/DSC_3770-300x200.jpg 300w, https:\/\/montehermoso.gov.ar\/sitio\/wp-content\/uploads\/DSC_3770-1024x683.jpg 1024w, https:\/\/montehermoso.gov.ar\/sitio\/wp-content\/uploads\/DSC_3770-768x512.jpg 768w, https:\/\/montehermoso.gov.ar\/sitio\/wp-content\/uploads\/DSC_3770-1536x1024.jpg 1536w, https:\/\/montehermoso.gov.ar\/sitio\/wp-content\/uploads\/DSC_3770-2048x1365.jpg 2048w, https:\/\/montehermoso.gov.ar\/sitio\/wp-content\/uploads\/DSC_3770-1320x880.jpg 1320w\" sizes=\"(max-width: 2560px) 100vw, 2560px\" \/><\/figure>\n\n\n\n<figure class=\"wp-block-image size-large\"><img alt=\"\" decoding=\"async\" width=\"2560\" height=\"1707\" data-id=\"11600\" src=\"https:\/\/montehermoso.gov.ar\/sitio\/wp-content\/uploads\/DSC_3771-scaled.jpg\" alt=\"\" class=\"wp-image-11600\" srcset=\"https:\/\/montehermoso.gov.ar\/sitio\/wp-content\/uploads\/DSC_3771-scaled.jpg 2560w, https:\/\/montehermoso.gov.ar\/sitio\/wp-content\/uploads\/DSC_3771-300x200.jpg 300w, https:\/\/montehermoso.gov.ar\/sitio\/wp-content\/uploads\/DSC_3771-1024x683.jpg 1024w, https:\/\/montehermoso.gov.ar\/sitio\/wp-content\/uploads\/DSC_3771-768x512.jpg 768w, https:\/\/montehermoso.gov.ar\/sitio\/wp-content\/uploads\/DSC_3771-1536x1024.jpg 1536w, https:\/\/montehermoso.gov.ar\/sitio\/wp-content\/uploads\/DSC_3771-2048x1365.jpg 2048w, https:\/\/montehermoso.gov.ar\/sitio\/wp-content\/uploads\/DSC_3771-1320x880.jpg 1320w\" sizes=\"(max-width: 2560px) 100vw, 2560px\" \/><\/figure>\n\n\n\n<figure class=\"wp-block-image size-large\"><img alt=\"\" decoding=\"async\" width=\"2560\" height=\"1707\" data-id=\"11602\" src=\"https:\/\/montehermoso.gov.ar\/sitio\/wp-content\/uploads\/DSC_3776-scaled.jpg\" alt=\"\" class=\"wp-image-11602\" srcset=\"https:\/\/montehermoso.gov.ar\/sitio\/wp-content\/uploads\/DSC_3776-scaled.jpg 2560w, https:\/\/montehermoso.gov.ar\/sitio\/wp-content\/uploads\/DSC_3776-300x200.jpg 300w, https:\/\/montehermoso.gov.ar\/sitio\/wp-content\/uploads\/DSC_3776-1024x683.jpg 1024w, https:\/\/montehermoso.gov.ar\/sitio\/wp-content\/uploads\/DSC_3776-768x512.jpg 768w, https:\/\/montehermoso.gov.ar\/sitio\/wp-content\/uploads\/DSC_3776-1536x1024.jpg 1536w, https:\/\/montehermoso.gov.ar\/sitio\/wp-content\/uploads\/DSC_3776-2048x1365.jpg 2048w, https:\/\/montehermoso.gov.ar\/sitio\/wp-content\/uploads\/DSC_3776-1320x880.jpg 1320w\" sizes=\"(max-width: 2560px) 100vw, 2560px\" \/><\/figure>\n<\/figure>\n","protected":false},"excerpt":{"rendered":"<p>Ubicadas en la calle R\u00edo Neuqu\u00e9n, entre Luzuriaga y R\u00edo Atuel, contin\u00faa sin pausa la construcci\u00f3n de 68 d\u00faplex y 2 de una sola planta en el marco del Programa Federal \u201cCasa Propia\u201d lanzado por el Ministerio de Desarrollo Territorial y H\u00e1bitat de Naci\u00f3n que junto al Municipio apuntan a brindar nuevas posibilidades a las &#8230; <a title=\"Avanza a buen ritmo el Desarrollo Urban\u00edstico PROCREAR de 70 viviendas\" class=\"read-more\" href=\"https:\/\/montehermoso.gov.ar\/sitio\/avanza-a-buen-ritmo-el-desarrollo-urbanistico-procrear-de-70-viviendas\/\" aria-label=\"Leer m\u00e1s sobre Avanza a buen ritmo el Desarrollo Urban\u00edstico PROCREAR de 70 viviendas\">Leer m\u00e1s<\/a><\/p>\n","protected":false},"author":8,"featured_media":11602,"comment_status":"closed","ping_status":"closed","sticky":false,"template":"","format":"standard","meta":{"_seopress_titles_title":"","_seopress_titles_desc":"","_seopress_robots_index":"","_seopress_robots_follow":"","_seopress_robots_imageindex":"","_seopress_robots_snippet":"","_seopress_robots_primary_cat":"","_seopress_robots_breadcrumbs":"","_seopress_robots_freeze_modified_date":"","_seopress_robots_custom_modified_date":"","_seopress_robots_canonical":"","_seopress_social_fb_title":"","_seopress_social_fb_desc":"","_seopress_social_fb_img":"","_seopress_social_fb_img_attachment_id":0,"_seopress_social_fb_img_width":0,"_seopress_social_fb_img_height":0,"_seopress_social_twitter_title":"","_seopress_social_twitter_desc":"","_seopress_social_twitter_img":"","_seopress_social_twitter_img_attachment_id":0,"_seopress_social_twitter_img_width":0,"_seopress_social_twitter_img_height":0,"_seopress_redirections_value":"","_seopress_redirections_enabled":"","_seopress_redirections_enabled_regex":"","_seopress_redirections_logged_status":"","_seopress_redirections_param":"","_seopress_redirections_type":0,"_seopress_analysis_target_kw":"","_joinchat":[],"footnotes":""},"categories":[183,86],"tags":[678,679,338],"class_list":["post-11594","post","type-post","status-publish","format-standard","has-post-thumbnail","hentry","category-gestion","category-obras-y-servicios-publicos","tag-70-viviendas","tag-bungalo","tag-procrear"],"_links":{"self":[{"href":"https:\/\/montehermoso.gov.ar\/sitio\/wp-json\/wp\/v2\/posts\/11594","targetHints":{"allow":["GET"]}}],"collection":[{"href":"https:\/\/montehermoso.gov.ar\/sitio\/wp-json\/wp\/v2\/posts"}],"about":[{"href":"https:\/\/montehermoso.gov.ar\/sitio\/wp-json\/wp\/v2\/types\/post"}],"author":[{"embeddable":true,"href":"https:\/\/montehermoso.gov.ar\/sitio\/wp-json\/wp\/v2\/users\/8"}],"replies":[{"embeddable":true,"href":"https:\/\/montehermoso.gov.ar\/sitio\/wp-json\/wp\/v2\/comments?post=11594"}],"version-history":[{"count":0,"href":"https:\/\/montehermoso.gov.ar\/sitio\/wp-json\/wp\/v2\/posts\/11594\/revisions"}],"wp:featuredmedia":[{"embeddable":true,"href":"https:\/\/montehermoso.gov.ar\/sitio\/wp-json\/wp\/v2\/media\/11602"}],"wp:attachment":[{"href":"https:\/\/montehermoso.gov.ar\/sitio\/wp-json\/wp\/v2\/media?parent=11594"}],"wp:term":[{"taxonomy":"category","embeddable":true,"href":"https:\/\/montehermoso.gov.ar\/sitio\/wp-json\/wp\/v2\/categories?post=11594"},{"taxonomy":"post_tag","embeddable":true,"href":"https:\/\/montehermoso.gov.ar\/sitio\/wp-json\/wp\/v2\/tags?post=11594"}],"curies":[{"name":"wp","href":"https:\/\/api.w.org\/{rel}","templated":true}]}}