{"id":11146,"date":"2022-08-04T11:22:10","date_gmt":"2022-08-04T14:22:10","guid":{"rendered":"https:\/\/montehermoso.gov.ar\/sitio\/?p=11146"},"modified":"2022-08-16T12:32:03","modified_gmt":"2022-08-16T15:32:03","slug":"becas-progresar","status":"publish","type":"post","link":"https:\/\/montehermoso.gov.ar\/sitio\/becas-progresar\/","title":{"rendered":"Becas Progresar"},"content":{"rendered":"\n<p class=\"wp-block-paragraph\"><strong>Abri\u00f3 la inscripci\u00f3n a la 2\u00b0 etapa<\/strong><\/p>\n\n\n\n<p class=\"wp-block-paragraph\">Hasta el 31 de agosto, aquellos <strong>j\u00f3venes y adultos<\/strong> que deseen completar sus estudios, ya sean Secundarios, Universitarios o en determinadas \u00e1reas laborales, podr\u00e1n inscribirse en la nueva convocatoria de Becas Progresar lanzadas por Naci\u00f3n, a trav\u00e9s de ANSES cuyas inscripciones se realizan a trav\u00e9s de<\/p>\n\n\n\n<p class=\"wp-block-paragraph\"><a href=\"https:\/\/www.anses.gob.ar\/progresar\">https:\/\/www.anses.gob.ar\/progresar<\/a><\/p>\n\n\n\n<p class=\"wp-block-paragraph\">Se recuerda que los ingresos del grupo familiar no deben superar tres veces el Salario M\u00ednimo Vital y M\u00f3vil vigente y es necesario acreditar la asistencia a una instituci\u00f3n educativa.<\/p>\n\n\n\n<p class=\"wp-block-paragraph\"><strong><em>Requisitos seg\u00fan edades y niveles a cursar<\/em><\/strong><\/p>\n\n\n\n<p class=\"wp-block-paragraph\">*Progresar 16 y 17 a\u00f1os: Asigna montos a j\u00f3venes que asisten a la escuela o se comprometan a retomar sus estudios,&nbsp;para lo cual deben presentar una declaraci\u00f3n jurada en la que se demuestre el compromiso.&nbsp;<\/p>\n\n\n\n<p class=\"wp-block-paragraph\">*Progresar Educaci\u00f3n Obligatoria: Para que j\u00f3venes de 18 a 24 a\u00f1os finalicen su educaci\u00f3n obligatoria, y se extiende hasta los 35 a\u00f1os para quienes tengan hijas\/os menores de 18 a\u00f1os en hogares monoparentales. No hay l\u00edmite de edad para personas trans, de pueblos ind\u00edgenas, con discapacidad o refugiadas.&nbsp;<\/p>\n\n\n\n<p class=\"wp-block-paragraph\">*Progresar Educaci\u00f3n Superior:<strong> <\/strong>Para estudiantes regulares de nivel terciario y universitario de hasta 24 a\u00f1os o hasta los 30 s\u00ed est\u00e1n en un estadio avanzado de su carrera. Se extiende hasta los 35 a\u00f1os para quienes tengan hijas\/os menores de 18 a\u00f1os en hogares monoparentales. Y no hay l\u00edmite de edad para personas trans, de pueblos ind\u00edgenas, con discapacidad o refugiadas.<\/p>\n\n\n\n<p class=\"wp-block-paragraph\">*Progresar Trabajo\/ Cursos de Formaci\u00f3n Profesional: Para que j\u00f3venes de 18 a 24 a\u00f1os se formen en oficios. Se extiende hasta 35 a\u00f1os de edad a las personas con hijas\/os menores de 18 a\u00f1os pertenecientes a hogares monoparentales y hasta 40 a\u00f1os para personas que no poseen trabajo formal registrado. Sin l\u00edmite de edad para personas trans, de pueblos ind\u00edgenas, con discapacidad o refugiadas<\/p>\n\n\n\n<p class=\"wp-block-paragraph\">*Progresar Enfermer\u00eda: Para quienes est\u00e9n cursando la carrera de Enfermer\u00eda, sin l\u00edmite de edad.&nbsp;Se debe ser egresado\/a del nivel medio y no adeudar materias al momento de la inscripci\u00f3n, cursar o ingresar a cursar sus estudios en Institutos de Educaci\u00f3n T\u00e9cnica Superior de Gesti\u00f3n Estatal, excepcionalmente, los Institutos de Educaci\u00f3n T\u00e9cnica Superior de Gesti\u00f3n Privada inscriptos en el PRONAFE.<\/p>\n\n\n\n<figure class=\"wp-block-gallery has-nested-images columns-default is-cropped wp-block-gallery-1 is-layout-flex wp-block-gallery-is-layout-flex\">\n<figure class=\"wp-block-image size-large\"><img alt=\"\" fetchpriority=\"high\" decoding=\"async\" width=\"1280\" height=\"1280\" data-id=\"11151\" src=\"https:\/\/montehermoso.gov.ar\/sitio\/wp-content\/uploads\/WhatsApp-Image-2022-08-04-at-11.01.17-AM.jpeg\" alt=\"\" class=\"wp-image-11151\" srcset=\"https:\/\/montehermoso.gov.ar\/sitio\/wp-content\/uploads\/WhatsApp-Image-2022-08-04-at-11.01.17-AM.jpeg 1280w, https:\/\/montehermoso.gov.ar\/sitio\/wp-content\/uploads\/WhatsApp-Image-2022-08-04-at-11.01.17-AM-300x300.jpeg 300w, https:\/\/montehermoso.gov.ar\/sitio\/wp-content\/uploads\/WhatsApp-Image-2022-08-04-at-11.01.17-AM-1024x1024.jpeg 1024w, https:\/\/montehermoso.gov.ar\/sitio\/wp-content\/uploads\/WhatsApp-Image-2022-08-04-at-11.01.17-AM-150x150.jpeg 150w, https:\/\/montehermoso.gov.ar\/sitio\/wp-content\/uploads\/WhatsApp-Image-2022-08-04-at-11.01.17-AM-768x768.jpeg 768w\" sizes=\"(max-width: 1280px) 100vw, 1280px\" \/><\/figure>\n\n\n\n<figure class=\"wp-block-image size-large\"><img alt=\"\" decoding=\"async\" width=\"1280\" height=\"1280\" data-id=\"11150\" src=\"https:\/\/montehermoso.gov.ar\/sitio\/wp-content\/uploads\/WhatsApp-Image-2022-08-04-at-11.01.16-AM-1.jpeg\" alt=\"\" class=\"wp-image-11150\" srcset=\"https:\/\/montehermoso.gov.ar\/sitio\/wp-content\/uploads\/WhatsApp-Image-2022-08-04-at-11.01.16-AM-1.jpeg 1280w, https:\/\/montehermoso.gov.ar\/sitio\/wp-content\/uploads\/WhatsApp-Image-2022-08-04-at-11.01.16-AM-1-300x300.jpeg 300w, https:\/\/montehermoso.gov.ar\/sitio\/wp-content\/uploads\/WhatsApp-Image-2022-08-04-at-11.01.16-AM-1-1024x1024.jpeg 1024w, https:\/\/montehermoso.gov.ar\/sitio\/wp-content\/uploads\/WhatsApp-Image-2022-08-04-at-11.01.16-AM-1-150x150.jpeg 150w, https:\/\/montehermoso.gov.ar\/sitio\/wp-content\/uploads\/WhatsApp-Image-2022-08-04-at-11.01.16-AM-1-768x768.jpeg 768w\" sizes=\"(max-width: 1280px) 100vw, 1280px\" \/><\/figure>\n\n\n\n<figure class=\"wp-block-image size-large\"><img alt=\"\" decoding=\"async\" width=\"1280\" height=\"1280\" data-id=\"11149\" src=\"https:\/\/montehermoso.gov.ar\/sitio\/wp-content\/uploads\/WhatsApp-Image-2022-08-04-at-11.01.17-AM-1.jpeg\" alt=\"\" class=\"wp-image-11149\" srcset=\"https:\/\/montehermoso.gov.ar\/sitio\/wp-content\/uploads\/WhatsApp-Image-2022-08-04-at-11.01.17-AM-1.jpeg 1280w, https:\/\/montehermoso.gov.ar\/sitio\/wp-content\/uploads\/WhatsApp-Image-2022-08-04-at-11.01.17-AM-1-300x300.jpeg 300w, https:\/\/montehermoso.gov.ar\/sitio\/wp-content\/uploads\/WhatsApp-Image-2022-08-04-at-11.01.17-AM-1-1024x1024.jpeg 1024w, https:\/\/montehermoso.gov.ar\/sitio\/wp-content\/uploads\/WhatsApp-Image-2022-08-04-at-11.01.17-AM-1-150x150.jpeg 150w, https:\/\/montehermoso.gov.ar\/sitio\/wp-content\/uploads\/WhatsApp-Image-2022-08-04-at-11.01.17-AM-1-768x768.jpeg 768w\" sizes=\"(max-width: 1280px) 100vw, 1280px\" \/><\/figure>\n\n\n\n<figure class=\"wp-block-image size-large\"><img alt=\"\" loading=\"lazy\" decoding=\"async\" width=\"1280\" height=\"1280\" data-id=\"11152\" src=\"https:\/\/montehermoso.gov.ar\/sitio\/wp-content\/uploads\/WhatsApp-Image-2022-08-04-at-11.01.16-AM.jpeg\" alt=\"\" class=\"wp-image-11152\" srcset=\"https:\/\/montehermoso.gov.ar\/sitio\/wp-content\/uploads\/WhatsApp-Image-2022-08-04-at-11.01.16-AM.jpeg 1280w, https:\/\/montehermoso.gov.ar\/sitio\/wp-content\/uploads\/WhatsApp-Image-2022-08-04-at-11.01.16-AM-300x300.jpeg 300w, https:\/\/montehermoso.gov.ar\/sitio\/wp-content\/uploads\/WhatsApp-Image-2022-08-04-at-11.01.16-AM-1024x1024.jpeg 1024w, https:\/\/montehermoso.gov.ar\/sitio\/wp-content\/uploads\/WhatsApp-Image-2022-08-04-at-11.01.16-AM-150x150.jpeg 150w, https:\/\/montehermoso.gov.ar\/sitio\/wp-content\/uploads\/WhatsApp-Image-2022-08-04-at-11.01.16-AM-768x768.jpeg 768w\" sizes=\"(max-width: 1280px) 100vw, 1280px\" \/><\/figure>\n<\/figure>\n","protected":false},"excerpt":{"rendered":"<p>Abri\u00f3 la inscripci\u00f3n a la 2\u00b0 etapa Hasta el 31 de agosto, aquellos j\u00f3venes y adultos que deseen completar sus estudios, ya sean Secundarios, Universitarios o en determinadas \u00e1reas laborales, podr\u00e1n inscribirse en la nueva convocatoria de Becas Progresar lanzadas por Naci\u00f3n, a trav\u00e9s de ANSES cuyas inscripciones se realizan a trav\u00e9s de https:\/\/www.anses.gob.ar\/progresar Se &#8230; <a title=\"Becas Progresar\" class=\"read-more\" href=\"https:\/\/montehermoso.gov.ar\/sitio\/becas-progresar\/\" aria-label=\"Leer m\u00e1s sobre Becas Progresar\">Leer m\u00e1s<\/a><\/p>\n","protected":false},"author":8,"featured_media":11148,"comment_status":"closed","ping_status":"closed","sticky":false,"template":"","format":"standard","meta":{"_seopress_titles_title":"","_seopress_titles_desc":"","_seopress_robots_index":"","_seopress_robots_follow":"","_seopress_robots_imageindex":"","_seopress_robots_snippet":"","_seopress_robots_primary_cat":"","_seopress_robots_breadcrumbs":"","_seopress_robots_freeze_modified_date":"","_seopress_robots_custom_modified_date":"","_seopress_robots_canonical":"","_seopress_social_fb_title":"","_seopress_social_fb_desc":"","_seopress_social_fb_img":"","_seopress_social_fb_img_attachment_id":0,"_seopress_social_fb_img_width":0,"_seopress_social_fb_img_height":0,"_seopress_social_twitter_title":"","_seopress_social_twitter_desc":"","_seopress_social_twitter_img":"","_seopress_social_twitter_img_attachment_id":0,"_seopress_social_twitter_img_width":0,"_seopress_social_twitter_img_height":0,"_seopress_redirections_value":"","_seopress_redirections_enabled":"","_seopress_redirections_enabled_regex":"","_seopress_redirections_logged_status":"","_seopress_redirections_param":"","_seopress_redirections_type":0,"_seopress_analysis_target_kw":"","_joinchat":[],"footnotes":""},"categories":[629,3],"tags":[631,523,630],"class_list":["post-11146","post","type-post","status-publish","format-standard","has-post-thumbnail","hentry","category-anses","category-educacion","tag-becas","tag-educacion","tag-progresar"],"_links":{"self":[{"href":"https:\/\/montehermoso.gov.ar\/sitio\/wp-json\/wp\/v2\/posts\/11146","targetHints":{"allow":["GET"]}}],"collection":[{"href":"https:\/\/montehermoso.gov.ar\/sitio\/wp-json\/wp\/v2\/posts"}],"about":[{"href":"https:\/\/montehermoso.gov.ar\/sitio\/wp-json\/wp\/v2\/types\/post"}],"author":[{"embeddable":true,"href":"https:\/\/montehermoso.gov.ar\/sitio\/wp-json\/wp\/v2\/users\/8"}],"replies":[{"embeddable":true,"href":"https:\/\/montehermoso.gov.ar\/sitio\/wp-json\/wp\/v2\/comments?post=11146"}],"version-history":[{"count":0,"href":"https:\/\/montehermoso.gov.ar\/sitio\/wp-json\/wp\/v2\/posts\/11146\/revisions"}],"wp:featuredmedia":[{"embeddable":true,"href":"https:\/\/montehermoso.gov.ar\/sitio\/wp-json\/wp\/v2\/media\/11148"}],"wp:attachment":[{"href":"https:\/\/montehermoso.gov.ar\/sitio\/wp-json\/wp\/v2\/media?parent=11146"}],"wp:term":[{"taxonomy":"category","embeddable":true,"href":"https:\/\/montehermoso.gov.ar\/sitio\/wp-json\/wp\/v2\/categories?post=11146"},{"taxonomy":"post_tag","embeddable":true,"href":"https:\/\/montehermoso.gov.ar\/sitio\/wp-json\/wp\/v2\/tags?post=11146"}],"curies":[{"name":"wp","href":"https:\/\/api.w.org\/{rel}","templated":true}]}}