{"id":11097,"date":"2022-08-02T11:50:25","date_gmt":"2022-08-02T14:50:25","guid":{"rendered":"https:\/\/montehermoso.gov.ar\/sitio\/?p=11097"},"modified":"2022-08-03T13:15:21","modified_gmt":"2022-08-03T16:15:21","slug":"a-buen-ritmo-continua-la-construccion-de-la-casa-de-la-provincia","status":"publish","type":"post","link":"https:\/\/montehermoso.gov.ar\/sitio\/a-buen-ritmo-continua-la-construccion-de-la-casa-de-la-provincia\/","title":{"rendered":"A buen ritmo contin\u00faa la construcci\u00f3n de la Casa de la Provincia"},"content":{"rendered":"\n<p class=\"wp-block-paragraph\"><br>Con el cimentado de 450 metros cuadrados de platea avanza la ejecuci\u00f3n del edificio que concentrar\u00e1 todas las delegaciones de organismos p\u00fablicos provinciales, como el Registro Provincial de las Personas, el Instituto de Previsi\u00f3n Social IPS, IOMA y ARBA, entre otros.<br><br>El intendente Marcos Fern\u00e1ndez junto al secretario de Obras P\u00fablicas, Lucas L\u00f3pez Pessi recorrieron la obra durante el llenado de la base con 167 metros c\u00fabicos de hormig\u00f3n.<br><br>Ubicada entre la Plaza de la Memoria y el Centro de Convenciones, esta obra es financiada por el Ministerio de Infraestructura y Servicios P\u00fablicos de la Provincia de Buenos Aires y cuenta con un presupuesto superior a los 140 millones 700 mil pesos.<br><br>\u201cEs una obra de infraestructura muy esperada que brindar\u00e1 mejores condiciones para todas y todos los trabajadores del Estado provincial y una mejor atenci\u00f3n a los vecinos ya que se concentrar\u00e1n en un mismo edificio todas las dependencias provinciales que hasta hoy se encuentran dispersas\u201d asegur\u00f3 L\u00f3pez Pessi.<br><br>\u201cEstas obras generan trabajo, antes, durante y despu\u00e9s, lo cual es muy valioso para las econom\u00edas y fuentes laborales de los distritos del interior\u201d resalt\u00f3.<br><\/p>\n\n\n\n<figure class=\"wp-block-embed is-type-video is-provider-youtube wp-block-embed-youtube wp-embed-aspect-4-3 wp-has-aspect-ratio\"><div class=\"wp-block-embed__wrapper\">\n<iframe title=\"Obra Casa Provincia\" width=\"1200\" height=\"900\" src=\"https:\/\/www.youtube.com\/embed\/YSctdV2luRY?feature=oembed\" frameborder=\"0\" allow=\"accelerometer; autoplay; clipboard-write; encrypted-media; gyroscope; picture-in-picture\" allowfullscreen><\/iframe>\n<\/div><\/figure>\n\n\n\n<p class=\"wp-block-paragraph\"><\/p>\n\n\n\n<figure class=\"wp-block-gallery has-nested-images columns-default is-cropped wp-block-gallery-1 is-layout-flex wp-block-gallery-is-layout-flex\">\n<figure class=\"wp-block-image size-large\"><img alt=\"\" fetchpriority=\"high\" decoding=\"async\" width=\"1170\" height=\"1751\" data-id=\"11106\" src=\"https:\/\/montehermoso.gov.ar\/sitio\/wp-content\/uploads\/IMG_3932.jpg\" alt=\"\" class=\"wp-image-11106\" srcset=\"https:\/\/montehermoso.gov.ar\/sitio\/wp-content\/uploads\/IMG_3932.jpg 1170w, https:\/\/montehermoso.gov.ar\/sitio\/wp-content\/uploads\/IMG_3932-200x300.jpg 200w, https:\/\/montehermoso.gov.ar\/sitio\/wp-content\/uploads\/IMG_3932-684x1024.jpg 684w, https:\/\/montehermoso.gov.ar\/sitio\/wp-content\/uploads\/IMG_3932-768x1149.jpg 768w, https:\/\/montehermoso.gov.ar\/sitio\/wp-content\/uploads\/IMG_3932-1026x1536.jpg 1026w\" sizes=\"(max-width: 1170px) 100vw, 1170px\" \/><\/figure>\n\n\n\n<figure class=\"wp-block-image size-large\"><img alt=\"\" decoding=\"async\" width=\"1348\" height=\"1600\" data-id=\"11107\" src=\"https:\/\/montehermoso.gov.ar\/sitio\/wp-content\/uploads\/WhatsApp-Image-2022-08-02-at-12.01.23-PM.jpeg\" alt=\"\" class=\"wp-image-11107\" srcset=\"https:\/\/montehermoso.gov.ar\/sitio\/wp-content\/uploads\/WhatsApp-Image-2022-08-02-at-12.01.23-PM.jpeg 1348w, https:\/\/montehermoso.gov.ar\/sitio\/wp-content\/uploads\/WhatsApp-Image-2022-08-02-at-12.01.23-PM-253x300.jpeg 253w, https:\/\/montehermoso.gov.ar\/sitio\/wp-content\/uploads\/WhatsApp-Image-2022-08-02-at-12.01.23-PM-863x1024.jpeg 863w, https:\/\/montehermoso.gov.ar\/sitio\/wp-content\/uploads\/WhatsApp-Image-2022-08-02-at-12.01.23-PM-768x912.jpeg 768w, https:\/\/montehermoso.gov.ar\/sitio\/wp-content\/uploads\/WhatsApp-Image-2022-08-02-at-12.01.23-PM-1294x1536.jpeg 1294w, https:\/\/montehermoso.gov.ar\/sitio\/wp-content\/uploads\/WhatsApp-Image-2022-08-02-at-12.01.23-PM-1320x1567.jpeg 1320w\" sizes=\"(max-width: 1348px) 100vw, 1348px\" \/><\/figure>\n\n\n\n<figure class=\"wp-block-image size-large\"><img alt=\"\" decoding=\"async\" width=\"2560\" height=\"1152\" data-id=\"11103\" src=\"https:\/\/montehermoso.gov.ar\/sitio\/wp-content\/uploads\/IMG_3929-2.jpg\" alt=\"\" class=\"wp-image-11103\" srcset=\"https:\/\/montehermoso.gov.ar\/sitio\/wp-content\/uploads\/IMG_3929-2.jpg 2560w, https:\/\/montehermoso.gov.ar\/sitio\/wp-content\/uploads\/IMG_3929-2-300x135.jpg 300w, https:\/\/montehermoso.gov.ar\/sitio\/wp-content\/uploads\/IMG_3929-2-1024x461.jpg 1024w, https:\/\/montehermoso.gov.ar\/sitio\/wp-content\/uploads\/IMG_3929-2-768x346.jpg 768w, https:\/\/montehermoso.gov.ar\/sitio\/wp-content\/uploads\/IMG_3929-2-1536x691.jpg 1536w, https:\/\/montehermoso.gov.ar\/sitio\/wp-content\/uploads\/IMG_3929-2-2048x922.jpg 2048w, https:\/\/montehermoso.gov.ar\/sitio\/wp-content\/uploads\/IMG_3929-2-1320x594.jpg 1320w\" sizes=\"(max-width: 2560px) 100vw, 2560px\" \/><\/figure>\n<\/figure>\n","protected":false},"excerpt":{"rendered":"<p>Con el cimentado de 450 metros cuadrados de platea avanza la ejecuci\u00f3n del edificio que concentrar\u00e1 todas las delegaciones de organismos p\u00fablicos provinciales, como el Registro Provincial de las Personas, el Instituto de Previsi\u00f3n Social IPS, IOMA y ARBA, entre otros. El intendente Marcos Fern\u00e1ndez junto al secretario de Obras P\u00fablicas, Lucas L\u00f3pez Pessi recorrieron &#8230; <a title=\"A buen ritmo contin\u00faa la construcci\u00f3n de la Casa de la Provincia\" class=\"read-more\" href=\"https:\/\/montehermoso.gov.ar\/sitio\/a-buen-ritmo-continua-la-construccion-de-la-casa-de-la-provincia\/\" aria-label=\"Leer m\u00e1s sobre A buen ritmo contin\u00faa la construcci\u00f3n de la Casa de la Provincia\">Leer m\u00e1s<\/a><\/p>\n","protected":false},"author":8,"featured_media":11103,"comment_status":"closed","ping_status":"closed","sticky":false,"template":"","format":"standard","meta":{"_seopress_titles_title":"","_seopress_titles_desc":"","_seopress_robots_index":"","_seopress_robots_follow":"","_seopress_robots_imageindex":"","_seopress_robots_snippet":"","_seopress_robots_primary_cat":"","_seopress_robots_breadcrumbs":"","_seopress_robots_freeze_modified_date":"","_seopress_robots_custom_modified_date":"","_seopress_robots_canonical":"","_seopress_social_fb_title":"","_seopress_social_fb_desc":"","_seopress_social_fb_img":"","_seopress_social_fb_img_attachment_id":0,"_seopress_social_fb_img_width":0,"_seopress_social_fb_img_height":0,"_seopress_social_twitter_title":"","_seopress_social_twitter_desc":"","_seopress_social_twitter_img":"","_seopress_social_twitter_img_attachment_id":0,"_seopress_social_twitter_img_width":0,"_seopress_social_twitter_img_height":0,"_seopress_redirections_value":"","_seopress_redirections_enabled":"","_seopress_redirections_enabled_regex":"","_seopress_redirections_logged_status":"","_seopress_redirections_param":"","_seopress_redirections_type":0,"_seopress_analysis_target_kw":"","_joinchat":[],"footnotes":""},"categories":[183,5,86],"tags":[619,250,620],"class_list":["post-11097","post","type-post","status-publish","format-standard","has-post-thumbnail","hentry","category-gestion","category-gobierno","category-obras-y-servicios-publicos","tag-6x6","tag-casa-de-la-provincia","tag-obras-que-trasforman"],"_links":{"self":[{"href":"https:\/\/montehermoso.gov.ar\/sitio\/wp-json\/wp\/v2\/posts\/11097","targetHints":{"allow":["GET"]}}],"collection":[{"href":"https:\/\/montehermoso.gov.ar\/sitio\/wp-json\/wp\/v2\/posts"}],"about":[{"href":"https:\/\/montehermoso.gov.ar\/sitio\/wp-json\/wp\/v2\/types\/post"}],"author":[{"embeddable":true,"href":"https:\/\/montehermoso.gov.ar\/sitio\/wp-json\/wp\/v2\/users\/8"}],"replies":[{"embeddable":true,"href":"https:\/\/montehermoso.gov.ar\/sitio\/wp-json\/wp\/v2\/comments?post=11097"}],"version-history":[{"count":0,"href":"https:\/\/montehermoso.gov.ar\/sitio\/wp-json\/wp\/v2\/posts\/11097\/revisions"}],"wp:featuredmedia":[{"embeddable":true,"href":"https:\/\/montehermoso.gov.ar\/sitio\/wp-json\/wp\/v2\/media\/11103"}],"wp:attachment":[{"href":"https:\/\/montehermoso.gov.ar\/sitio\/wp-json\/wp\/v2\/media?parent=11097"}],"wp:term":[{"taxonomy":"category","embeddable":true,"href":"https:\/\/montehermoso.gov.ar\/sitio\/wp-json\/wp\/v2\/categories?post=11097"},{"taxonomy":"post_tag","embeddable":true,"href":"https:\/\/montehermoso.gov.ar\/sitio\/wp-json\/wp\/v2\/tags?post=11097"}],"curies":[{"name":"wp","href":"https:\/\/api.w.org\/{rel}","templated":true}]}}