{"id":10763,"date":"2022-07-06T13:23:54","date_gmt":"2022-07-06T16:23:54","guid":{"rendered":"https:\/\/montehermoso.gov.ar\/sitio\/?p=10763"},"modified":"2022-07-06T13:23:54","modified_gmt":"2022-07-06T16:23:54","slug":"se-presento-oficialmente-la-oferta-universitaria-2023","status":"publish","type":"post","link":"https:\/\/montehermoso.gov.ar\/sitio\/se-presento-oficialmente-la-oferta-universitaria-2023\/","title":{"rendered":"Se present\u00f3 oficialmente la oferta universitaria 2023"},"content":{"rendered":"\n<p class=\"wp-block-paragraph\">Con la presencia del intendente Marcos Fern\u00e1ndez junto a autoridades municipales y de la Universidad Provincial del Sudoeste presentaron esta ma\u00f1ana, de manera oficial, la nueva carrera denominada \u00abTecnicatura Universitaria en Tecnolog\u00edas de Programaci\u00f3n\u00bb que se brindar\u00e1 en nuestra ciudad a partir de 2023.<\/p>\n\n\n\n<p class=\"wp-block-paragraph\">El Jefe Municipal celebr\u00f3 esta nueva posibilidad contemplando la importancia de evitar el desarraigo, ya que el tener que migrar genera imposibilidades ya sea por responsabilidades familiares o econ\u00f3micas que truncan muchas veces la formaci\u00f3n de nuestros vecinos\u201d.<\/p>\n\n\n\n<p class=\"wp-block-paragraph\">\u201cAgradecemos la capacitaci\u00f3n que proponen todos los a\u00f1os, desde 2007, ofertas muy importante para los montehermose\u00f1os\u201d.<\/p>\n\n\n\n<p class=\"wp-block-paragraph\">Participaron del lanzamiento, en representaci\u00f3n de la UPSO la Lic. Claudia Partal, secretaria del Departamento de Vinculaci\u00f3n Acad\u00e9mica Institucional; Fernanda Bigliardi Directora de Coordinaci\u00f3n Educativa y el secretario acad\u00e9mico local, Juan Alonso.<\/p>\n\n\n\n<p class=\"wp-block-paragraph\">Por parte del municipio estuvieron el presidente del Concejo Deliberante, C\u00e9sar David Quintana, el presidente del Consejo Escolar, Hugo Echevarr\u00eda y su par Mat\u00edas Rico y el jefe de educaci\u00f3n Distrital, Julio Bello.<\/p>\n\n\n\n<p class=\"wp-block-paragraph\">La carrera tiene dos a\u00f1os de duraci\u00f3n, es gratuita, presencial, sin examen de ingreso y con validez nacional y las inscripciones comenzar\u00e1n el mes de octubre.<\/p>\n\n\n\n<p class=\"wp-block-paragraph\">El egresado tendr\u00e1 facultades para:<\/p>\n\n\n\n<p class=\"wp-block-paragraph\">*Participar en equipos de desarrollo de software utilizando las tecnolog\u00edas m\u00e1s relevantes en el mercado productivo<\/p>\n\n\n\n<p class=\"wp-block-paragraph\">*Cooperar en la planificaci\u00f3n y el desarrollo de proyectos tecnol\u00f3gicos con componente software.<br><br>*Integrar equipos emprendedores y de gesti\u00f3n de proyectos productivos asociados al desarrollo de software.<br><br>Para m\u00e1s informaci\u00f3n sobre \u00e9sta y otras ofertas educativas en la zona, los interesados pueden comunicarse al tel\u00e9fono 483063 o v\u00eda mail a montehermoso@upso.gba.gob.ar<br><br>La UPSO ya cuenta con 45 egresados en nuestra ciudad y actualmente se est\u00e1n cursando tres carreras de manera simult\u00e1nea, \u201cAcompa\u00f1ante terap\u00e9utico\u201d, \u201cMartillero y Corredor P\u00fablico\u201d y \u201cMarketing digital y Comercio electr\u00f3nico\u201d.<\/p>\n\n\n\n<figure class=\"wp-block-gallery has-nested-images columns-default is-cropped wp-block-gallery-1 is-layout-flex wp-block-gallery-is-layout-flex\">\n<figure class=\"wp-block-image size-large\"><img alt=\"\" fetchpriority=\"high\" decoding=\"async\" width=\"2560\" height=\"1707\" data-id=\"10765\" src=\"https:\/\/montehermoso.gov.ar\/sitio\/wp-content\/uploads\/lanzamientoupso2023b-scaled.jpg\" alt=\"\" class=\"wp-image-10765\" srcset=\"https:\/\/montehermoso.gov.ar\/sitio\/wp-content\/uploads\/lanzamientoupso2023b-scaled.jpg 2560w, https:\/\/montehermoso.gov.ar\/sitio\/wp-content\/uploads\/lanzamientoupso2023b-300x200.jpg 300w, https:\/\/montehermoso.gov.ar\/sitio\/wp-content\/uploads\/lanzamientoupso2023b-1024x683.jpg 1024w, https:\/\/montehermoso.gov.ar\/sitio\/wp-content\/uploads\/lanzamientoupso2023b-768x512.jpg 768w, https:\/\/montehermoso.gov.ar\/sitio\/wp-content\/uploads\/lanzamientoupso2023b-1536x1024.jpg 1536w, https:\/\/montehermoso.gov.ar\/sitio\/wp-content\/uploads\/lanzamientoupso2023b-2048x1365.jpg 2048w, https:\/\/montehermoso.gov.ar\/sitio\/wp-content\/uploads\/lanzamientoupso2023b-1320x880.jpg 1320w\" sizes=\"(max-width: 2560px) 100vw, 2560px\" \/><\/figure>\n\n\n\n<figure class=\"wp-block-image size-large\"><img alt=\"\" decoding=\"async\" width=\"2560\" height=\"1707\" data-id=\"10767\" src=\"https:\/\/montehermoso.gov.ar\/sitio\/wp-content\/uploads\/lanzamientoupso2023-scaled.jpg\" alt=\"\" class=\"wp-image-10767\" srcset=\"https:\/\/montehermoso.gov.ar\/sitio\/wp-content\/uploads\/lanzamientoupso2023-scaled.jpg 2560w, https:\/\/montehermoso.gov.ar\/sitio\/wp-content\/uploads\/lanzamientoupso2023-300x200.jpg 300w, https:\/\/montehermoso.gov.ar\/sitio\/wp-content\/uploads\/lanzamientoupso2023-1024x683.jpg 1024w, https:\/\/montehermoso.gov.ar\/sitio\/wp-content\/uploads\/lanzamientoupso2023-768x512.jpg 768w, https:\/\/montehermoso.gov.ar\/sitio\/wp-content\/uploads\/lanzamientoupso2023-1536x1024.jpg 1536w, https:\/\/montehermoso.gov.ar\/sitio\/wp-content\/uploads\/lanzamientoupso2023-2048x1365.jpg 2048w, https:\/\/montehermoso.gov.ar\/sitio\/wp-content\/uploads\/lanzamientoupso2023-1320x880.jpg 1320w\" sizes=\"(max-width: 2560px) 100vw, 2560px\" \/><\/figure>\n\n\n\n<figure class=\"wp-block-image size-large\"><img alt=\"\" decoding=\"async\" width=\"2560\" height=\"1707\" data-id=\"10766\" src=\"https:\/\/montehermoso.gov.ar\/sitio\/wp-content\/uploads\/lanzamientoupso2023c-1-scaled.jpg\" alt=\"\" class=\"wp-image-10766\" srcset=\"https:\/\/montehermoso.gov.ar\/sitio\/wp-content\/uploads\/lanzamientoupso2023c-1-scaled.jpg 2560w, https:\/\/montehermoso.gov.ar\/sitio\/wp-content\/uploads\/lanzamientoupso2023c-1-300x200.jpg 300w, https:\/\/montehermoso.gov.ar\/sitio\/wp-content\/uploads\/lanzamientoupso2023c-1-1024x683.jpg 1024w, https:\/\/montehermoso.gov.ar\/sitio\/wp-content\/uploads\/lanzamientoupso2023c-1-768x512.jpg 768w, https:\/\/montehermoso.gov.ar\/sitio\/wp-content\/uploads\/lanzamientoupso2023c-1-1536x1024.jpg 1536w, https:\/\/montehermoso.gov.ar\/sitio\/wp-content\/uploads\/lanzamientoupso2023c-1-2048x1365.jpg 2048w, https:\/\/montehermoso.gov.ar\/sitio\/wp-content\/uploads\/lanzamientoupso2023c-1-1320x880.jpg 1320w\" sizes=\"(max-width: 2560px) 100vw, 2560px\" \/><\/figure>\n<\/figure>\n","protected":false},"excerpt":{"rendered":"<p>Con la presencia del intendente Marcos Fern\u00e1ndez junto a autoridades municipales y de la Universidad Provincial del Sudoeste presentaron esta ma\u00f1ana, de manera oficial, la nueva carrera denominada \u00abTecnicatura Universitaria en Tecnolog\u00edas de Programaci\u00f3n\u00bb que se brindar\u00e1 en nuestra ciudad a partir de 2023. El Jefe Municipal celebr\u00f3 esta nueva posibilidad contemplando la importancia de &#8230; <a title=\"Se present\u00f3 oficialmente la oferta universitaria 2023\" class=\"read-more\" href=\"https:\/\/montehermoso.gov.ar\/sitio\/se-presento-oficialmente-la-oferta-universitaria-2023\/\" aria-label=\"Leer m\u00e1s sobre Se present\u00f3 oficialmente la oferta universitaria 2023\">Leer m\u00e1s<\/a><\/p>\n","protected":false},"author":8,"featured_media":10764,"comment_status":"closed","ping_status":"closed","sticky":false,"template":"","format":"standard","meta":{"_seopress_titles_title":"","_seopress_titles_desc":"","_seopress_robots_index":"","_seopress_robots_follow":"","_seopress_robots_imageindex":"","_seopress_robots_snippet":"","_seopress_robots_primary_cat":"","_seopress_robots_breadcrumbs":"","_seopress_robots_freeze_modified_date":"","_seopress_robots_custom_modified_date":"","_seopress_robots_canonical":"","_seopress_social_fb_title":"","_seopress_social_fb_desc":"","_seopress_social_fb_img":"","_seopress_social_fb_img_attachment_id":0,"_seopress_social_fb_img_width":0,"_seopress_social_fb_img_height":0,"_seopress_social_twitter_title":"","_seopress_social_twitter_desc":"","_seopress_social_twitter_img":"","_seopress_social_twitter_img_attachment_id":0,"_seopress_social_twitter_img_width":0,"_seopress_social_twitter_img_height":0,"_seopress_redirections_value":"","_seopress_redirections_enabled":"","_seopress_redirections_enabled_regex":"","_seopress_redirections_logged_status":"","_seopress_redirections_param":"","_seopress_redirections_type":0,"_seopress_analysis_target_kw":"","_joinchat":[],"footnotes":""},"categories":[3,183],"tags":[569,568],"class_list":["post-10763","post","type-post","status-publish","format-standard","has-post-thumbnail","hentry","category-educacion","category-gestion","tag-nueva-carrera","tag-upso-monte-hermoso"],"_links":{"self":[{"href":"https:\/\/montehermoso.gov.ar\/sitio\/wp-json\/wp\/v2\/posts\/10763","targetHints":{"allow":["GET"]}}],"collection":[{"href":"https:\/\/montehermoso.gov.ar\/sitio\/wp-json\/wp\/v2\/posts"}],"about":[{"href":"https:\/\/montehermoso.gov.ar\/sitio\/wp-json\/wp\/v2\/types\/post"}],"author":[{"embeddable":true,"href":"https:\/\/montehermoso.gov.ar\/sitio\/wp-json\/wp\/v2\/users\/8"}],"replies":[{"embeddable":true,"href":"https:\/\/montehermoso.gov.ar\/sitio\/wp-json\/wp\/v2\/comments?post=10763"}],"version-history":[{"count":0,"href":"https:\/\/montehermoso.gov.ar\/sitio\/wp-json\/wp\/v2\/posts\/10763\/revisions"}],"wp:featuredmedia":[{"embeddable":true,"href":"https:\/\/montehermoso.gov.ar\/sitio\/wp-json\/wp\/v2\/media\/10764"}],"wp:attachment":[{"href":"https:\/\/montehermoso.gov.ar\/sitio\/wp-json\/wp\/v2\/media?parent=10763"}],"wp:term":[{"taxonomy":"category","embeddable":true,"href":"https:\/\/montehermoso.gov.ar\/sitio\/wp-json\/wp\/v2\/categories?post=10763"},{"taxonomy":"post_tag","embeddable":true,"href":"https:\/\/montehermoso.gov.ar\/sitio\/wp-json\/wp\/v2\/tags?post=10763"}],"curies":[{"name":"wp","href":"https:\/\/api.w.org\/{rel}","templated":true}]}}