{"id":10757,"date":"2022-07-06T13:09:19","date_gmt":"2022-07-06T16:09:19","guid":{"rendered":"https:\/\/montehermoso.gov.ar\/sitio\/?p=10757"},"modified":"2022-07-06T13:09:19","modified_gmt":"2022-07-06T16:09:19","slug":"cambio-de-autoridades-en-rotary-club-monte-hermoso","status":"publish","type":"post","link":"https:\/\/montehermoso.gov.ar\/sitio\/cambio-de-autoridades-en-rotary-club-monte-hermoso\/","title":{"rendered":"Cambio de autoridades en Rotary Club Monte Hermoso"},"content":{"rendered":"\n<p class=\"wp-block-paragraph\">El secretario de Gobierno, Hern\u00e1n Arranz, acompa\u00f1\u00f3 la asunci\u00f3n del flamante presidente del Rotary Club Monte Hermoso, Andr\u00e9s Spasoff y dem\u00e1s autoridades que tuvo lugar ayer en las instalaciones de la instituci\u00f3n.<\/p>\n\n\n\n<p class=\"wp-block-paragraph\">El presidente saliente, Gonzalo Lastra, le entreg\u00f3 el mazo presidencial a Spasoff quien estar\u00e1 al mando del Club hasta el 1 de julio de 2023, bajo el lema \u201cImagina Rotary\u201d.<\/p>\n\n\n\n<p class=\"wp-block-paragraph\">Tambi\u00e9n se puso en funciones a la nueva comisi\u00f3n integrada por el vicepresidente Mat\u00edas Alonso, el secretario Francisco Bolo, la nueva tesorera Carolina Menna y Claudia Yampe, en el cargo de \u201cMacero\u201d.<\/p>\n\n\n\n<p class=\"wp-block-paragraph\">El acto cont\u00f3 tambi\u00e9n con la presencia de autoridades rotarias distritales, Javier Holowiniec (Ex Gobernador Distrital), Richard Yas (Gobernador distrital Propuesto), y Carlos Aramayo (Pte. del Sub-comit\u00e9 distrital de Crisis).<\/p>\n\n\n\n<figure class=\"wp-block-gallery has-nested-images columns-default is-cropped wp-block-gallery-1 is-layout-flex wp-block-gallery-is-layout-flex\">\n<figure class=\"wp-block-image size-large\"><img alt=\"\" fetchpriority=\"high\" decoding=\"async\" width=\"1600\" height=\"1200\" data-id=\"10760\" src=\"https:\/\/montehermoso.gov.ar\/sitio\/wp-content\/uploads\/WhatsApp-Image-2022-07-06-at-12.57.55-PM.jpeg\" alt=\"\" class=\"wp-image-10760\" srcset=\"https:\/\/montehermoso.gov.ar\/sitio\/wp-content\/uploads\/WhatsApp-Image-2022-07-06-at-12.57.55-PM.jpeg 1600w, https:\/\/montehermoso.gov.ar\/sitio\/wp-content\/uploads\/WhatsApp-Image-2022-07-06-at-12.57.55-PM-300x225.jpeg 300w, https:\/\/montehermoso.gov.ar\/sitio\/wp-content\/uploads\/WhatsApp-Image-2022-07-06-at-12.57.55-PM-1024x768.jpeg 1024w, https:\/\/montehermoso.gov.ar\/sitio\/wp-content\/uploads\/WhatsApp-Image-2022-07-06-at-12.57.55-PM-768x576.jpeg 768w, https:\/\/montehermoso.gov.ar\/sitio\/wp-content\/uploads\/WhatsApp-Image-2022-07-06-at-12.57.55-PM-1536x1152.jpeg 1536w, https:\/\/montehermoso.gov.ar\/sitio\/wp-content\/uploads\/WhatsApp-Image-2022-07-06-at-12.57.55-PM-1320x990.jpeg 1320w\" sizes=\"(max-width: 1600px) 100vw, 1600px\" \/><\/figure>\n\n\n\n<figure class=\"wp-block-image size-large\"><img alt=\"\" decoding=\"async\" width=\"1600\" height=\"1200\" data-id=\"10761\" src=\"https:\/\/montehermoso.gov.ar\/sitio\/wp-content\/uploads\/WhatsApp-Image-2022-07-06-at-12.57.54-PM.jpeg\" alt=\"\" class=\"wp-image-10761\" srcset=\"https:\/\/montehermoso.gov.ar\/sitio\/wp-content\/uploads\/WhatsApp-Image-2022-07-06-at-12.57.54-PM.jpeg 1600w, https:\/\/montehermoso.gov.ar\/sitio\/wp-content\/uploads\/WhatsApp-Image-2022-07-06-at-12.57.54-PM-300x225.jpeg 300w, https:\/\/montehermoso.gov.ar\/sitio\/wp-content\/uploads\/WhatsApp-Image-2022-07-06-at-12.57.54-PM-1024x768.jpeg 1024w, https:\/\/montehermoso.gov.ar\/sitio\/wp-content\/uploads\/WhatsApp-Image-2022-07-06-at-12.57.54-PM-768x576.jpeg 768w, https:\/\/montehermoso.gov.ar\/sitio\/wp-content\/uploads\/WhatsApp-Image-2022-07-06-at-12.57.54-PM-1536x1152.jpeg 1536w, https:\/\/montehermoso.gov.ar\/sitio\/wp-content\/uploads\/WhatsApp-Image-2022-07-06-at-12.57.54-PM-1320x990.jpeg 1320w\" sizes=\"(max-width: 1600px) 100vw, 1600px\" \/><\/figure>\n\n\n\n<figure class=\"wp-block-image size-large\"><img alt=\"\" decoding=\"async\" width=\"1600\" height=\"1200\" data-id=\"10759\" src=\"https:\/\/montehermoso.gov.ar\/sitio\/wp-content\/uploads\/WhatsApp-Image-2022-07-06-at-12.57.55-PM-1.jpeg\" alt=\"\" class=\"wp-image-10759\" srcset=\"https:\/\/montehermoso.gov.ar\/sitio\/wp-content\/uploads\/WhatsApp-Image-2022-07-06-at-12.57.55-PM-1.jpeg 1600w, https:\/\/montehermoso.gov.ar\/sitio\/wp-content\/uploads\/WhatsApp-Image-2022-07-06-at-12.57.55-PM-1-300x225.jpeg 300w, https:\/\/montehermoso.gov.ar\/sitio\/wp-content\/uploads\/WhatsApp-Image-2022-07-06-at-12.57.55-PM-1-1024x768.jpeg 1024w, https:\/\/montehermoso.gov.ar\/sitio\/wp-content\/uploads\/WhatsApp-Image-2022-07-06-at-12.57.55-PM-1-768x576.jpeg 768w, https:\/\/montehermoso.gov.ar\/sitio\/wp-content\/uploads\/WhatsApp-Image-2022-07-06-at-12.57.55-PM-1-1536x1152.jpeg 1536w, https:\/\/montehermoso.gov.ar\/sitio\/wp-content\/uploads\/WhatsApp-Image-2022-07-06-at-12.57.55-PM-1-1320x990.jpeg 1320w\" sizes=\"(max-width: 1600px) 100vw, 1600px\" \/><\/figure>\n\n\n\n<figure class=\"wp-block-image size-large\"><img alt=\"\" loading=\"lazy\" decoding=\"async\" width=\"1600\" height=\"1200\" data-id=\"10758\" src=\"https:\/\/montehermoso.gov.ar\/sitio\/wp-content\/uploads\/WhatsApp-Image-2022-07-06-at-12.57.54-PM-1.jpeg\" alt=\"\" class=\"wp-image-10758\" srcset=\"https:\/\/montehermoso.gov.ar\/sitio\/wp-content\/uploads\/WhatsApp-Image-2022-07-06-at-12.57.54-PM-1.jpeg 1600w, https:\/\/montehermoso.gov.ar\/sitio\/wp-content\/uploads\/WhatsApp-Image-2022-07-06-at-12.57.54-PM-1-300x225.jpeg 300w, https:\/\/montehermoso.gov.ar\/sitio\/wp-content\/uploads\/WhatsApp-Image-2022-07-06-at-12.57.54-PM-1-1024x768.jpeg 1024w, https:\/\/montehermoso.gov.ar\/sitio\/wp-content\/uploads\/WhatsApp-Image-2022-07-06-at-12.57.54-PM-1-768x576.jpeg 768w, https:\/\/montehermoso.gov.ar\/sitio\/wp-content\/uploads\/WhatsApp-Image-2022-07-06-at-12.57.54-PM-1-1536x1152.jpeg 1536w, https:\/\/montehermoso.gov.ar\/sitio\/wp-content\/uploads\/WhatsApp-Image-2022-07-06-at-12.57.54-PM-1-1320x990.jpeg 1320w\" sizes=\"(max-width: 1600px) 100vw, 1600px\" \/><\/figure>\n<\/figure>\n","protected":false},"excerpt":{"rendered":"<p>El secretario de Gobierno, Hern\u00e1n Arranz, acompa\u00f1\u00f3 la asunci\u00f3n del flamante presidente del Rotary Club Monte Hermoso, Andr\u00e9s Spasoff y dem\u00e1s autoridades que tuvo lugar ayer en las instalaciones de la instituci\u00f3n. El presidente saliente, Gonzalo Lastra, le entreg\u00f3 el mazo presidencial a Spasoff quien estar\u00e1 al mando del Club hasta el 1 de julio &#8230; <a title=\"Cambio de autoridades en Rotary Club Monte Hermoso\" class=\"read-more\" href=\"https:\/\/montehermoso.gov.ar\/sitio\/cambio-de-autoridades-en-rotary-club-monte-hermoso\/\" aria-label=\"Leer m\u00e1s sobre Cambio de autoridades en Rotary Club Monte Hermoso\">Leer m\u00e1s<\/a><\/p>\n","protected":false},"author":8,"featured_media":10758,"comment_status":"closed","ping_status":"closed","sticky":false,"template":"","format":"standard","meta":{"_seopress_titles_title":"","_seopress_titles_desc":"","_seopress_robots_index":"","_seopress_robots_follow":"","_seopress_robots_imageindex":"","_seopress_robots_snippet":"","_seopress_robots_primary_cat":"","_seopress_robots_breadcrumbs":"","_seopress_robots_freeze_modified_date":"","_seopress_robots_custom_modified_date":"","_seopress_robots_canonical":"","_seopress_social_fb_title":"","_seopress_social_fb_desc":"","_seopress_social_fb_img":"","_seopress_social_fb_img_attachment_id":0,"_seopress_social_fb_img_width":0,"_seopress_social_fb_img_height":0,"_seopress_social_twitter_title":"","_seopress_social_twitter_desc":"","_seopress_social_twitter_img":"","_seopress_social_twitter_img_attachment_id":0,"_seopress_social_twitter_img_width":0,"_seopress_social_twitter_img_height":0,"_seopress_redirections_value":"","_seopress_redirections_enabled":"","_seopress_redirections_enabled_regex":"","_seopress_redirections_logged_status":"","_seopress_redirections_param":"","_seopress_redirections_type":0,"_seopress_analysis_target_kw":"","_joinchat":[],"footnotes":""},"categories":[301,564],"tags":[567,566],"class_list":["post-10757","post","type-post","status-publish","format-standard","has-post-thumbnail","hentry","category-anuncio","category-instituciones-locales","tag-presidente","tag-rotary-club-monte-hermoso"],"_links":{"self":[{"href":"https:\/\/montehermoso.gov.ar\/sitio\/wp-json\/wp\/v2\/posts\/10757","targetHints":{"allow":["GET"]}}],"collection":[{"href":"https:\/\/montehermoso.gov.ar\/sitio\/wp-json\/wp\/v2\/posts"}],"about":[{"href":"https:\/\/montehermoso.gov.ar\/sitio\/wp-json\/wp\/v2\/types\/post"}],"author":[{"embeddable":true,"href":"https:\/\/montehermoso.gov.ar\/sitio\/wp-json\/wp\/v2\/users\/8"}],"replies":[{"embeddable":true,"href":"https:\/\/montehermoso.gov.ar\/sitio\/wp-json\/wp\/v2\/comments?post=10757"}],"version-history":[{"count":0,"href":"https:\/\/montehermoso.gov.ar\/sitio\/wp-json\/wp\/v2\/posts\/10757\/revisions"}],"wp:featuredmedia":[{"embeddable":true,"href":"https:\/\/montehermoso.gov.ar\/sitio\/wp-json\/wp\/v2\/media\/10758"}],"wp:attachment":[{"href":"https:\/\/montehermoso.gov.ar\/sitio\/wp-json\/wp\/v2\/media?parent=10757"}],"wp:term":[{"taxonomy":"category","embeddable":true,"href":"https:\/\/montehermoso.gov.ar\/sitio\/wp-json\/wp\/v2\/categories?post=10757"},{"taxonomy":"post_tag","embeddable":true,"href":"https:\/\/montehermoso.gov.ar\/sitio\/wp-json\/wp\/v2\/tags?post=10757"}],"curies":[{"name":"wp","href":"https:\/\/api.w.org\/{rel}","templated":true}]}}