{"id":10749,"date":"2022-07-05T11:40:36","date_gmt":"2022-07-05T14:40:36","guid":{"rendered":"https:\/\/montehermoso.gov.ar\/sitio\/?p=10749"},"modified":"2022-07-05T11:48:37","modified_gmt":"2022-07-05T14:48:37","slug":"ultimos-dias-de-inscripcion-para-el-programa-viajes-de-fin-de-curso","status":"publish","type":"post","link":"https:\/\/montehermoso.gov.ar\/sitio\/ultimos-dias-de-inscripcion-para-el-programa-viajes-de-fin-de-curso\/","title":{"rendered":"\u00daltimos d\u00edas de inscripci\u00f3n para el programa \u201cViajes de fin de curso\u201d"},"content":{"rendered":"\n<p class=\"wp-block-paragraph\">Nuestra ciudad es uno de los destinos receptores del programa \u00abViajes de Fin de Curso en la Provincia\u00bb, destinado a impulsar el turismo durante todo el a\u00f1o en distintos municipios.<\/p>\n\n\n\n<p class=\"wp-block-paragraph\">Esta segunda edici\u00f3n est\u00e1 dirigida a estudiantes que est\u00e9n completando la secundaria durante 2022 y que podr\u00e1n viajar en esta primavera a diferentes localidades tur\u00edsticas bonaerenses, tanto a destinos de playa como de sierras, r\u00edos o lagunas, en viajes de 4 d\u00edas y 3 noches con todo incluido: alojamiento, comidas, transporte y excursiones.<\/p>\n\n\n\n<p class=\"wp-block-paragraph\">El viaje es financiado por el Estado provincial, libre de gastos, y apunta a igualar oportunidades entre los estudiantes e incentivar la actividad tur\u00edstica.<\/p>\n\n\n\n<p class=\"wp-block-paragraph\"><em>Para inscribirse cada estudiante deber\u00e1 ingresar, hasta el 31 de julio, en viajefindecurso.gba.gob.ar<\/em><\/p>\n\n\n\n<figure class=\"wp-block-gallery has-nested-images columns-default is-cropped wp-block-gallery-1 is-layout-flex wp-block-gallery-is-layout-flex\">\n<figure class=\"wp-block-image size-large\"><img alt=\"\" fetchpriority=\"high\" decoding=\"async\" width=\"1024\" height=\"725\" data-id=\"10750\" src=\"https:\/\/montehermoso.gov.ar\/sitio\/wp-content\/uploads\/WhatsApp-Image-2022-07-05-at-11.26.43-AM.jpeg\" alt=\"\" class=\"wp-image-10750\" srcset=\"https:\/\/montehermoso.gov.ar\/sitio\/wp-content\/uploads\/WhatsApp-Image-2022-07-05-at-11.26.43-AM.jpeg 1024w, https:\/\/montehermoso.gov.ar\/sitio\/wp-content\/uploads\/WhatsApp-Image-2022-07-05-at-11.26.43-AM-300x212.jpeg 300w, https:\/\/montehermoso.gov.ar\/sitio\/wp-content\/uploads\/WhatsApp-Image-2022-07-05-at-11.26.43-AM-768x544.jpeg 768w\" sizes=\"(max-width: 1024px) 100vw, 1024px\" \/><\/figure>\n<\/figure>\n","protected":false},"excerpt":{"rendered":"<p>Nuestra ciudad es uno de los destinos receptores del programa \u00abViajes de Fin de Curso en la Provincia\u00bb, destinado a impulsar el turismo durante todo el a\u00f1o en distintos municipios. Esta segunda edici\u00f3n est\u00e1 dirigida a estudiantes que est\u00e9n completando la secundaria durante 2022 y que podr\u00e1n viajar en esta primavera a diferentes localidades tur\u00edsticas &#8230; <a title=\"\u00daltimos d\u00edas de inscripci\u00f3n para el programa \u201cViajes de fin de curso\u201d\" class=\"read-more\" href=\"https:\/\/montehermoso.gov.ar\/sitio\/ultimos-dias-de-inscripcion-para-el-programa-viajes-de-fin-de-curso\/\" aria-label=\"Leer m\u00e1s sobre \u00daltimos d\u00edas de inscripci\u00f3n para el programa \u201cViajes de fin de curso\u201d\">Leer m\u00e1s<\/a><\/p>\n","protected":false},"author":8,"featured_media":10755,"comment_status":"closed","ping_status":"closed","sticky":false,"template":"","format":"standard","meta":{"_seopress_titles_title":"","_seopress_titles_desc":"","_seopress_robots_index":"","_seopress_robots_follow":"","_seopress_robots_imageindex":"","_seopress_robots_snippet":"","_seopress_robots_primary_cat":"","_seopress_robots_breadcrumbs":"","_seopress_robots_freeze_modified_date":"","_seopress_robots_custom_modified_date":"","_seopress_robots_canonical":"","_seopress_social_fb_title":"","_seopress_social_fb_desc":"","_seopress_social_fb_img":"","_seopress_social_fb_img_attachment_id":0,"_seopress_social_fb_img_width":0,"_seopress_social_fb_img_height":0,"_seopress_social_twitter_title":"","_seopress_social_twitter_desc":"","_seopress_social_twitter_img":"","_seopress_social_twitter_img_attachment_id":0,"_seopress_social_twitter_img_width":0,"_seopress_social_twitter_img_height":0,"_seopress_redirections_value":"","_seopress_redirections_enabled":"","_seopress_redirections_enabled_regex":"","_seopress_redirections_logged_status":"","_seopress_redirections_param":"","_seopress_redirections_type":0,"_seopress_analysis_target_kw":"","_joinchat":[],"footnotes":""},"categories":[3,1],"tags":[560,561],"class_list":["post-10749","post","type-post","status-publish","format-standard","has-post-thumbnail","hentry","category-educacion","category-turismo","tag-egresados","tag-viaje-fin-de-curso"],"_links":{"self":[{"href":"https:\/\/montehermoso.gov.ar\/sitio\/wp-json\/wp\/v2\/posts\/10749","targetHints":{"allow":["GET"]}}],"collection":[{"href":"https:\/\/montehermoso.gov.ar\/sitio\/wp-json\/wp\/v2\/posts"}],"about":[{"href":"https:\/\/montehermoso.gov.ar\/sitio\/wp-json\/wp\/v2\/types\/post"}],"author":[{"embeddable":true,"href":"https:\/\/montehermoso.gov.ar\/sitio\/wp-json\/wp\/v2\/users\/8"}],"replies":[{"embeddable":true,"href":"https:\/\/montehermoso.gov.ar\/sitio\/wp-json\/wp\/v2\/comments?post=10749"}],"version-history":[{"count":0,"href":"https:\/\/montehermoso.gov.ar\/sitio\/wp-json\/wp\/v2\/posts\/10749\/revisions"}],"wp:featuredmedia":[{"embeddable":true,"href":"https:\/\/montehermoso.gov.ar\/sitio\/wp-json\/wp\/v2\/media\/10755"}],"wp:attachment":[{"href":"https:\/\/montehermoso.gov.ar\/sitio\/wp-json\/wp\/v2\/media?parent=10749"}],"wp:term":[{"taxonomy":"category","embeddable":true,"href":"https:\/\/montehermoso.gov.ar\/sitio\/wp-json\/wp\/v2\/categories?post=10749"},{"taxonomy":"post_tag","embeddable":true,"href":"https:\/\/montehermoso.gov.ar\/sitio\/wp-json\/wp\/v2\/tags?post=10749"}],"curies":[{"name":"wp","href":"https:\/\/api.w.org\/{rel}","templated":true}]}}