{"id":10567,"date":"2022-06-09T12:14:42","date_gmt":"2022-06-09T15:14:42","guid":{"rendered":"https:\/\/montehermoso.gov.ar\/sitio\/?p=10567"},"modified":"2022-06-09T12:14:42","modified_gmt":"2022-06-09T15:14:42","slug":"comprometidos-con-el-ambiente","status":"publish","type":"post","link":"https:\/\/montehermoso.gov.ar\/sitio\/comprometidos-con-el-ambiente\/","title":{"rendered":"Comprometidos con el Ambiente"},"content":{"rendered":"\n<p class=\"wp-block-paragraph\">Alumnos de la Secundaria N\u00ba 1 asumieron su \u00abcompromiso por la conservaci\u00f3n y cuidado del ambiente\u00bb<\/p>\n\n\n\n<p class=\"wp-block-paragraph\">Los secretarios de Gobierno, Hern\u00e1n Arranz; de Gesti\u00f3n Ambiental, Sandy Puleston y de Planeamiento para el Desarrollo Sustentable, Daniel Pedroni, participaron ayer del acto de la Secundaria N\u00b0 1 en el que veinticinco alumnos y alumnas de 1\u00b0 a\u00f1o se comprometieron a proteger el ambiente y promover acciones para su conservaci\u00f3n y cuidado.<\/p>\n\n\n\n<p class=\"wp-block-paragraph\">Esta jornada se dio en el marco de las iniciativas que promueve la nueva Ley Nacional de Educaci\u00f3n Ambiental Integral N\u00b027.621.<\/p>\n\n\n\n<p class=\"wp-block-paragraph\">En este sentido, las y los j\u00f3venes juraron como conocedores de los problemas ambientales que afectan la sociedad en la que vivimos, siendo conscientes de que las soluciones pasan tambi\u00e9n por las actitudes cotidianas, en el marco de una consideraci\u00f3n integral de la noci\u00f3n de ambiente y el respeto por los derechos humanos.<\/p>\n\n\n\n<figure class=\"wp-block-embed is-type-video is-provider-youtube wp-block-embed-youtube wp-embed-aspect-4-3 wp-has-aspect-ratio\"><div class=\"wp-block-embed__wrapper\">\n<iframe title=\"Alumnos de la Secundaria 1 asumieron su \u201ccompromiso por la conservaci\u00f3n y cuidado del ambiente\u201d\" width=\"1200\" height=\"900\" src=\"https:\/\/www.youtube.com\/embed\/iG0nxUek07s?feature=oembed\" frameborder=\"0\" allow=\"accelerometer; autoplay; clipboard-write; encrypted-media; gyroscope; picture-in-picture\" allowfullscreen><\/iframe>\n<\/div><\/figure>\n","protected":false},"excerpt":{"rendered":"<p>Alumnos de la Secundaria N\u00ba 1 asumieron su \u00abcompromiso por la conservaci\u00f3n y cuidado del ambiente\u00bb Los secretarios de Gobierno, Hern\u00e1n Arranz; de Gesti\u00f3n Ambiental, Sandy Puleston y de Planeamiento para el Desarrollo Sustentable, Daniel Pedroni, participaron ayer del acto de la Secundaria N\u00b0 1 en el que veinticinco alumnos y alumnas de 1\u00b0 a\u00f1o &#8230; <a title=\"Comprometidos con el Ambiente\" class=\"read-more\" href=\"https:\/\/montehermoso.gov.ar\/sitio\/comprometidos-con-el-ambiente\/\" aria-label=\"Leer m\u00e1s sobre Comprometidos con el Ambiente\">Leer m\u00e1s<\/a><\/p>\n","protected":false},"author":8,"featured_media":0,"comment_status":"closed","ping_status":"closed","sticky":false,"template":"","format":"standard","meta":{"_seopress_titles_title":"","_seopress_titles_desc":"","_seopress_robots_index":"","_seopress_robots_follow":"","_seopress_robots_imageindex":"","_seopress_robots_snippet":"","_seopress_robots_primary_cat":"","_seopress_robots_breadcrumbs":"","_seopress_robots_freeze_modified_date":"","_seopress_robots_custom_modified_date":"","_seopress_robots_canonical":"","_seopress_social_fb_title":"","_seopress_social_fb_desc":"","_seopress_social_fb_img":"","_seopress_social_fb_img_attachment_id":0,"_seopress_social_fb_img_width":0,"_seopress_social_fb_img_height":0,"_seopress_social_twitter_title":"","_seopress_social_twitter_desc":"","_seopress_social_twitter_img":"","_seopress_social_twitter_img_attachment_id":0,"_seopress_social_twitter_img_width":0,"_seopress_social_twitter_img_height":0,"_seopress_redirections_value":"","_seopress_redirections_enabled":"","_seopress_redirections_enabled_regex":"","_seopress_redirections_logged_status":"","_seopress_redirections_param":"","_seopress_redirections_type":0,"_seopress_analysis_target_kw":"","_joinchat":[],"footnotes":""},"categories":[65,5],"tags":[521],"class_list":["post-10567","post","type-post","status-publish","format-standard","hentry","category-gestion-ambiental","category-gobierno","tag-cuidado-del-ambiente"],"_links":{"self":[{"href":"https:\/\/montehermoso.gov.ar\/sitio\/wp-json\/wp\/v2\/posts\/10567","targetHints":{"allow":["GET"]}}],"collection":[{"href":"https:\/\/montehermoso.gov.ar\/sitio\/wp-json\/wp\/v2\/posts"}],"about":[{"href":"https:\/\/montehermoso.gov.ar\/sitio\/wp-json\/wp\/v2\/types\/post"}],"author":[{"embeddable":true,"href":"https:\/\/montehermoso.gov.ar\/sitio\/wp-json\/wp\/v2\/users\/8"}],"replies":[{"embeddable":true,"href":"https:\/\/montehermoso.gov.ar\/sitio\/wp-json\/wp\/v2\/comments?post=10567"}],"version-history":[{"count":0,"href":"https:\/\/montehermoso.gov.ar\/sitio\/wp-json\/wp\/v2\/posts\/10567\/revisions"}],"wp:attachment":[{"href":"https:\/\/montehermoso.gov.ar\/sitio\/wp-json\/wp\/v2\/media?parent=10567"}],"wp:term":[{"taxonomy":"category","embeddable":true,"href":"https:\/\/montehermoso.gov.ar\/sitio\/wp-json\/wp\/v2\/categories?post=10567"},{"taxonomy":"post_tag","embeddable":true,"href":"https:\/\/montehermoso.gov.ar\/sitio\/wp-json\/wp\/v2\/tags?post=10567"}],"curies":[{"name":"wp","href":"https:\/\/api.w.org\/{rel}","templated":true}]}}