{"id":10169,"date":"2022-03-31T13:02:30","date_gmt":"2022-03-31T16:02:30","guid":{"rendered":"https:\/\/montehermoso.gov.ar\/sitio\/?p=10169"},"modified":"2022-03-31T13:02:30","modified_gmt":"2022-03-31T16:02:30","slug":"monte-hermoso-presente-en-la-primer-asamblea-de-coprotur-del-ano","status":"publish","type":"post","link":"https:\/\/montehermoso.gov.ar\/sitio\/monte-hermoso-presente-en-la-primer-asamblea-de-coprotur-del-ano\/","title":{"rendered":"Monte Hermoso presente en la primer asamblea de COPROTUR del a\u00f1o"},"content":{"rendered":"\n<p class=\"wp-block-paragraph\"><strong>En el partido de La Costa<\/strong><br><br>En el d\u00eda de ayer, el Secretario de Turismo montehermose\u00f1o y actual titular del Polo 5 de Desarrollo Tur\u00edstico, Franco Gentili, particip\u00f3 de la primer asamblea de 2022 del Consejo Provincial de Turismo, que tuvo lugar en Costa del Este.<\/p>\n\n\n\n<p class=\"wp-block-paragraph\">Encabezada por el Ministro de Producci\u00f3n, Ciencia y Tecnolog\u00eda bonaerense, Augusto Costa, la reuni\u00f3n cont\u00f3 con la presencia de representantes de los siete Polos de Desarrollo Tur\u00edstico, c\u00e1maras sectoriales y colegios profesionales y universidades.<\/p>\n\n\n\n<p class=\"wp-block-paragraph\">Entre los distintos puntos que se trataron se analiz\u00f3 la temporada r\u00e9cord y la puesta en valor de los programas que potencian el desarrollo del turismo en toda la Provincia, como #ReCreo, los Viajes de Fin de Curso y el apoyo a las fiestas populares.<\/p>\n\n\n\n<figure class=\"wp-block-gallery has-nested-images columns-default is-cropped wp-block-gallery-1 is-layout-flex wp-block-gallery-is-layout-flex\">\n<figure class=\"wp-block-image size-large\"><img alt=\"\" fetchpriority=\"high\" decoding=\"async\" width=\"2560\" height=\"1707\" data-id=\"10171\" src=\"https:\/\/montehermoso.gov.ar\/sitio\/wp-content\/uploads\/coprotur2022a-scaled.jpg\" alt=\"\" class=\"wp-image-10171\" srcset=\"https:\/\/montehermoso.gov.ar\/sitio\/wp-content\/uploads\/coprotur2022a-scaled.jpg 2560w, https:\/\/montehermoso.gov.ar\/sitio\/wp-content\/uploads\/coprotur2022a-300x200.jpg 300w, https:\/\/montehermoso.gov.ar\/sitio\/wp-content\/uploads\/coprotur2022a-1024x683.jpg 1024w, https:\/\/montehermoso.gov.ar\/sitio\/wp-content\/uploads\/coprotur2022a-768x512.jpg 768w, https:\/\/montehermoso.gov.ar\/sitio\/wp-content\/uploads\/coprotur2022a-1536x1024.jpg 1536w, https:\/\/montehermoso.gov.ar\/sitio\/wp-content\/uploads\/coprotur2022a-2048x1365.jpg 2048w, https:\/\/montehermoso.gov.ar\/sitio\/wp-content\/uploads\/coprotur2022a-1320x880.jpg 1320w\" sizes=\"(max-width: 2560px) 100vw, 2560px\" \/><\/figure>\n\n\n\n<figure class=\"wp-block-image size-large\"><img alt=\"\" decoding=\"async\" width=\"2560\" height=\"1707\" data-id=\"10170\" src=\"https:\/\/montehermoso.gov.ar\/sitio\/wp-content\/uploads\/coprotur2022-scaled.jpg\" alt=\"\" class=\"wp-image-10170\" srcset=\"https:\/\/montehermoso.gov.ar\/sitio\/wp-content\/uploads\/coprotur2022-scaled.jpg 2560w, https:\/\/montehermoso.gov.ar\/sitio\/wp-content\/uploads\/coprotur2022-300x200.jpg 300w, https:\/\/montehermoso.gov.ar\/sitio\/wp-content\/uploads\/coprotur2022-1024x683.jpg 1024w, https:\/\/montehermoso.gov.ar\/sitio\/wp-content\/uploads\/coprotur2022-768x512.jpg 768w, https:\/\/montehermoso.gov.ar\/sitio\/wp-content\/uploads\/coprotur2022-1536x1024.jpg 1536w, https:\/\/montehermoso.gov.ar\/sitio\/wp-content\/uploads\/coprotur2022-2048x1366.jpg 2048w, https:\/\/montehermoso.gov.ar\/sitio\/wp-content\/uploads\/coprotur2022-1320x880.jpg 1320w\" sizes=\"(max-width: 2560px) 100vw, 2560px\" \/><\/figure>\n<\/figure>\n\n\n\n<p class=\"wp-block-paragraph\"><\/p>\n","protected":false},"excerpt":{"rendered":"<p>En el partido de La Costa En el d\u00eda de ayer, el Secretario de Turismo montehermose\u00f1o y actual titular del Polo 5 de Desarrollo Tur\u00edstico, Franco Gentili, particip\u00f3 de la primer asamblea de 2022 del Consejo Provincial de Turismo, que tuvo lugar en Costa del Este. Encabezada por el Ministro de Producci\u00f3n, Ciencia y Tecnolog\u00eda &#8230; <a title=\"Monte Hermoso presente en la primer asamblea de COPROTUR del a\u00f1o\" class=\"read-more\" href=\"https:\/\/montehermoso.gov.ar\/sitio\/monte-hermoso-presente-en-la-primer-asamblea-de-coprotur-del-ano\/\" aria-label=\"Leer m\u00e1s sobre Monte Hermoso presente en la primer asamblea de COPROTUR del a\u00f1o\">Leer m\u00e1s<\/a><\/p>\n","protected":false},"author":3,"featured_media":10170,"comment_status":"closed","ping_status":"closed","sticky":false,"template":"","format":"standard","meta":{"_seopress_titles_title":"","_seopress_titles_desc":"","_seopress_robots_index":"","_seopress_robots_follow":"","_seopress_robots_imageindex":"","_seopress_robots_snippet":"","_seopress_robots_primary_cat":"","_seopress_robots_breadcrumbs":"","_seopress_robots_freeze_modified_date":"","_seopress_robots_custom_modified_date":"","_seopress_robots_canonical":"","_seopress_social_fb_title":"","_seopress_social_fb_desc":"","_seopress_social_fb_img":"","_seopress_social_fb_img_attachment_id":0,"_seopress_social_fb_img_width":0,"_seopress_social_fb_img_height":0,"_seopress_social_twitter_title":"","_seopress_social_twitter_desc":"","_seopress_social_twitter_img":"","_seopress_social_twitter_img_attachment_id":0,"_seopress_social_twitter_img_width":0,"_seopress_social_twitter_img_height":0,"_seopress_redirections_value":"","_seopress_redirections_enabled":"","_seopress_redirections_enabled_regex":"","_seopress_redirections_logged_status":"","_seopress_redirections_param":"","_seopress_redirections_type":0,"_seopress_analysis_target_kw":"","_joinchat":[],"footnotes":""},"categories":[473],"tags":[475,474],"class_list":["post-10169","post","type-post","status-publish","format-standard","has-post-thumbnail","hentry","category-desarrollo-turistico","tag-ciencia-y-tecnologia","tag-produccion"],"_links":{"self":[{"href":"https:\/\/montehermoso.gov.ar\/sitio\/wp-json\/wp\/v2\/posts\/10169","targetHints":{"allow":["GET"]}}],"collection":[{"href":"https:\/\/montehermoso.gov.ar\/sitio\/wp-json\/wp\/v2\/posts"}],"about":[{"href":"https:\/\/montehermoso.gov.ar\/sitio\/wp-json\/wp\/v2\/types\/post"}],"author":[{"embeddable":true,"href":"https:\/\/montehermoso.gov.ar\/sitio\/wp-json\/wp\/v2\/users\/3"}],"replies":[{"embeddable":true,"href":"https:\/\/montehermoso.gov.ar\/sitio\/wp-json\/wp\/v2\/comments?post=10169"}],"version-history":[{"count":0,"href":"https:\/\/montehermoso.gov.ar\/sitio\/wp-json\/wp\/v2\/posts\/10169\/revisions"}],"wp:featuredmedia":[{"embeddable":true,"href":"https:\/\/montehermoso.gov.ar\/sitio\/wp-json\/wp\/v2\/media\/10170"}],"wp:attachment":[{"href":"https:\/\/montehermoso.gov.ar\/sitio\/wp-json\/wp\/v2\/media?parent=10169"}],"wp:term":[{"taxonomy":"category","embeddable":true,"href":"https:\/\/montehermoso.gov.ar\/sitio\/wp-json\/wp\/v2\/categories?post=10169"},{"taxonomy":"post_tag","embeddable":true,"href":"https:\/\/montehermoso.gov.ar\/sitio\/wp-json\/wp\/v2\/tags?post=10169"}],"curies":[{"name":"wp","href":"https:\/\/api.w.org\/{rel}","templated":true}]}}